{"id":174955,"date":"2024-11-24T18:59:42","date_gmt":"2024-11-24T21:59:42","guid":{"rendered":"https:\/\/corrientesdetarde.com\/?p=174955"},"modified":"2024-11-24T18:59:47","modified_gmt":"2024-11-24T21:59:47","slug":"guillermo-francella-festejo-el-triunfo-de-racing-hermosa-manana-verdad","status":"publish","type":"post","link":"https:\/\/corrientesdetarde.com\/index.php\/espectaculos\/guillermo-francella-festejo-el-triunfo-de-racing-hermosa-manana-verdad\/","title":{"rendered":"Guillermo Francella festej\u00f3 el triunfo de Racing: &#8220;Hermosa ma\u00f1ana, \u00bfverdad?&#8221;."},"content":{"rendered":"\n<h2 class=\"wp-block-heading\">El actor argentino, fan\u00e1tico de la Academia, grab\u00f3 un video para las redes sociales de la Copa Sudamericana.<\/h2>\n\n\n\n<p><strong>Racing<\/strong>\u00a0se consagr\u00f3 campe\u00f3n de la\u00a0<strong>Copa Sudamericana<\/strong>\u00a0al vencer al Cruzeiro por 3-1 y como no pod\u00eda ser de otra manera,<strong>\u00a0Guillermo Francella lo celebr\u00f3 con su famosa frase.<\/strong><\/p>\n\n\n\n<p>El actor, un reconocido fan\u00e1tico de la Academia,&nbsp;<strong>demostr\u00f3 toda su alegr\u00eda en una colaboraci\u00f3n para las redes sociales del torneo&nbsp;<\/strong>en donde volvi\u00f3 a decir la cl\u00e1sica frase que lo convirti\u00f3 en viral.<\/p>\n\n\n\n<p><strong>\u201cBuen d\u00eda&#8230; Hermosa ma\u00f1ana, \u00bfverdad?\u201d<\/strong>, dijo Francella en la terraza del hotel en el que se hospeda en Asunci\u00f3n y con la Copa Sudamericana en la mano, a la que besa y abraza.<\/p>\n\n\n\n<p>La frase corresponde a una recordada escena de la pel\u00edcula \u201cExtermineitors 3, la gran pelea final\u201d, que protagoniz\u00f3 en 1991. El actor hab\u00eda hecho un video similar en 2019, cuando Racing conquist\u00f3 el Trofeo de Campeones de Superliga ante Tigre.<\/p>\n\n\n\n<p>La frase corresponde a una recordada escena de la pel\u00edcula \u201cExtermineitors 3, la gran pelea final\u201d, que protagoniz\u00f3 en 1991. El actor hab\u00eda hecho un video similar en 2019, cuando Racing conquist\u00f3 el Trofeo de Campeones de Superliga ante Tigre.<\/p>\n","protected":false},"excerpt":{"rendered":"<p>El actor argentino, fan\u00e1tico de la Academia, grab\u00f3 un video para las redes sociales de la Copa Sudamericana. Racing\u00a0se consagr\u00f3 campe\u00f3n de la\u00a0Copa Sudamericana\u00a0al vencer al Cruzeiro por 3-1 y&hellip; <\/p>\n","protected":false},"author":6,"featured_media":174959,"comment_status":"closed","ping_status":"open","sticky":false,"template":"","format":"standard","meta":{"footnotes":""},"categories":[19],"tags":[],"class_list":["post-174955","post","type-post","status-publish","format-standard","has-post-thumbnail","hentry","category-espectaculos"],"_links":{"self":[{"href":"https:\/\/corrientesdetarde.com\/index.php\/wp-json\/wp\/v2\/posts\/174955","targetHints":{"allow":["GET"]}}],"collection":[{"href":"https:\/\/corrientesdetarde.com\/index.php\/wp-json\/wp\/v2\/posts"}],"about":[{"href":"https:\/\/corrientesdetarde.com\/index.php\/wp-json\/wp\/v2\/types\/post"}],"author":[{"embeddable":true,"href":"https:\/\/corrientesdetarde.com\/index.php\/wp-json\/wp\/v2\/users\/6"}],"replies":[{"embeddable":true,"href":"https:\/\/corrientesdetarde.com\/index.php\/wp-json\/wp\/v2\/comments?post=174955"}],"version-history":[{"count":2,"href":"https:\/\/corrientesdetarde.com\/index.php\/wp-json\/wp\/v2\/posts\/174955\/revisions"}],"predecessor-version":[{"id":174961,"href":"https:\/\/corrientesdetarde.com\/index.php\/wp-json\/wp\/v2\/posts\/174955\/revisions\/174961"}],"wp:featuredmedia":[{"embeddable":true,"href":"https:\/\/corrientesdetarde.com\/index.php\/wp-json\/wp\/v2\/media\/174959"}],"wp:attachment":[{"href":"https:\/\/corrientesdetarde.com\/index.php\/wp-json\/wp\/v2\/media?parent=174955"}],"wp:term":[{"taxonomy":"category","embeddable":true,"href":"https:\/\/corrientesdetarde.com\/index.php\/wp-json\/wp\/v2\/categories?post=174955"},{"taxonomy":"post_tag","embeddable":true,"href":"https:\/\/corrientesdetarde.com\/index.php\/wp-json\/wp\/v2\/tags?post=174955"}],"curies":[{"name":"wp","href":"https:\/\/api.w.org\/{rel}","templated":true}]}}