{"id":174957,"date":"2024-11-24T19:05:52","date_gmt":"2024-11-24T22:05:52","guid":{"rendered":"https:\/\/corrientesdetarde.com\/?p=174957"},"modified":"2024-11-24T19:05:56","modified_gmt":"2024-11-24T22:05:56","slug":"encontraron-a-dos-hombres-asesinados-a-balazos-dentro-de-un-auto-en-rio-negro","status":"publish","type":"post","link":"https:\/\/corrientesdetarde.com\/index.php\/policiales\/encontraron-a-dos-hombres-asesinados-a-balazos-dentro-de-un-auto-en-rio-negro\/","title":{"rendered":"Encontraron a dos hombres asesinados a balazos dentro de un auto en R\u00edo Negro."},"content":{"rendered":"\n<h2 class=\"wp-block-heading\">Un vecino que iba a su trabajo vio las puertas abiertas del veh\u00edculo y cuando se acerc\u00f3, descubri\u00f3 el horror. Hasta el momento no hay detenidos.<\/h2>\n\n\n\n<p>Durante la madrugada de este s\u00e1bado,<strong>\u00a0dos hombres fueron encontrados\u00a0acribillados a balazos dentro de un auto.\u00a0<\/strong>Si bien a\u00fan no se estableci\u00f3 el motivo del ataque, se cree que se trat\u00f3 de un\u00a0<strong>ajuste de cuentas.<\/strong><\/p>\n\n\n\n<p>El brutal episodio ocurri\u00f3 en General Roca,\u00a0R\u00edo Negro.\u00a0De acuerdo a lo informado por los investigadores, las v\u00edctimas fueron identificadas como Nicol\u00e1s Cabezas, de 34 a\u00f1os, y Mart\u00edn Juan, de 35.<\/p>\n\n\n\n<p>Hasta el momento, se logr\u00f3 establecer que cerca de las 5, los vecinos escucharon detonaciones, por lo que r\u00e1pidamente alertaron a la Polic\u00eda. Sumado a ello, un hombre que se dirig\u00eda a su trabajo se acerc\u00f3 a un auto Toyota Yaris de color gris que estaba estacionado y ten\u00eda las puertas abiertas y all\u00ed<strong>&nbsp;encontr\u00f3 los cuerpos que ca\u00edan hacia afuera.&nbsp;<\/strong>Tambi\u00e9n llam\u00f3 al 911.<\/p>\n\n\n\n<p>Poco despu\u00e9s llegaron los efectivos de la Brigada de Criminal\u00edstica y la fiscal Julieta Villa al lugar y tras varias horas de investigaci\u00f3n, descubrieron que el veh\u00edculo ten\u00eda pedido de secuestro desde hace un a\u00f1o, cuando fue robado en Cipolletti.<\/p>\n\n\n\n<p>Tras ello se estableci\u00f3 que<strong>&nbsp;los hombres recibieron al menos 15 disparos<\/strong>&nbsp;entre ambos y sufrieron heridas en la cabeza, pecho y extremidades. Una de las v\u00edctimas ten\u00eda un destornillador en sus manos.<\/p>\n\n\n\n<p>Sin embargo, uno de las v\u00edctimas recibi\u00f3 m\u00e1s disparos que el otro. Se trata de Cabezas, hijo de quien ser\u00eda un conocido narco de la zona, Sergio Fabi\u00e1n Cabezas, asesinado a balazos tambi\u00e9n cuando sal\u00eda de su poller\u00eda.<\/p>\n\n\n\n<p>La principal hip\u00f3tesis del doble crimen, seg\u00fan precisaron las fuentes al medio&nbsp;<em>ADRoca<\/em>, es un ajuste de cuentas. Los investigadores creen que el ataque se produjo desde el exterior del auto y que habr\u00edan sido dos los tiradores, quienes se ubicaron uno a cada lado del veh\u00edculo para disparar al conductor y el ocupante al mismo tiempo.<\/p>\n\n\n\n<p>Asimismo, investigan si las v\u00edctimas hab\u00edan pactado un encuentro en ese lugar que termin\u00f3 con el doble homicidio. Los detectives que trabajan en el caso intentan determinar si se trat\u00f3 de una represalia por droga o por un robo que se produjo pasada la medianoche a una empresa de transporte que se encuentra ubicada a la vera de la Ruta Nacional 22 y la calle Damas Patricias.<\/p>\n","protected":false},"excerpt":{"rendered":"<p>Un vecino que iba a su trabajo vio las puertas abiertas del veh\u00edculo y cuando se acerc\u00f3, descubri\u00f3 el horror. Hasta el momento no hay detenidos. Durante la madrugada de&hellip; <\/p>\n","protected":false},"author":6,"featured_media":174962,"comment_status":"closed","ping_status":"open","sticky":false,"template":"","format":"standard","meta":{"footnotes":""},"categories":[33],"tags":[],"class_list":["post-174957","post","type-post","status-publish","format-standard","has-post-thumbnail","hentry","category-policiales"],"_links":{"self":[{"href":"https:\/\/corrientesdetarde.com\/index.php\/wp-json\/wp\/v2\/posts\/174957","targetHints":{"allow":["GET"]}}],"collection":[{"href":"https:\/\/corrientesdetarde.com\/index.php\/wp-json\/wp\/v2\/posts"}],"about":[{"href":"https:\/\/corrientesdetarde.com\/index.php\/wp-json\/wp\/v2\/types\/post"}],"author":[{"embeddable":true,"href":"https:\/\/corrientesdetarde.com\/index.php\/wp-json\/wp\/v2\/users\/6"}],"replies":[{"embeddable":true,"href":"https:\/\/corrientesdetarde.com\/index.php\/wp-json\/wp\/v2\/comments?post=174957"}],"version-history":[{"count":1,"href":"https:\/\/corrientesdetarde.com\/index.php\/wp-json\/wp\/v2\/posts\/174957\/revisions"}],"predecessor-version":[{"id":174963,"href":"https:\/\/corrientesdetarde.com\/index.php\/wp-json\/wp\/v2\/posts\/174957\/revisions\/174963"}],"wp:featuredmedia":[{"embeddable":true,"href":"https:\/\/corrientesdetarde.com\/index.php\/wp-json\/wp\/v2\/media\/174962"}],"wp:attachment":[{"href":"https:\/\/corrientesdetarde.com\/index.php\/wp-json\/wp\/v2\/media?parent=174957"}],"wp:term":[{"taxonomy":"category","embeddable":true,"href":"https:\/\/corrientesdetarde.com\/index.php\/wp-json\/wp\/v2\/categories?post=174957"},{"taxonomy":"post_tag","embeddable":true,"href":"https:\/\/corrientesdetarde.com\/index.php\/wp-json\/wp\/v2\/tags?post=174957"}],"curies":[{"name":"wp","href":"https:\/\/api.w.org\/{rel}","templated":true}]}}