{"id":174968,"date":"2024-11-24T19:47:39","date_gmt":"2024-11-24T22:47:39","guid":{"rendered":"https:\/\/corrientesdetarde.com\/?p=174968"},"modified":"2024-11-24T19:47:50","modified_gmt":"2024-11-24T22:47:50","slug":"lionel-scaloni-y-pablo-aimar-participaron-de-una-carrera-de-ciclismo-en-el-sur","status":"publish","type":"post","link":"https:\/\/corrientesdetarde.com\/index.php\/deportes\/lionel-scaloni-y-pablo-aimar-participaron-de-una-carrera-de-ciclismo-en-el-sur\/","title":{"rendered":"Lionel Scaloni y Pablo Aimar participaron de una carrera de ciclismo en el sur."},"content":{"rendered":"\n<h2 class=\"wp-block-heading\">El cuerpo t\u00e9cnico de la Selecci\u00f3n Argentina particip\u00f3 del Gran Fondo 7 Lagos, una impresionante ruta que bordea un paisaje maravilloso.<\/h2>\n\n\n\n<p>Lionel Scaloni y Pablo Aimar se animaron a la Gran Fondo Siete Lagos, un evento que ya es leyenda en el ciclismo argentino. Con un recorrido impresionante de 110 kil\u00f3metros, esta traves\u00eda conecta San Mart\u00edn de los Andes con Villa La Angostura a lo largo de la emblem\u00e1tica Ruta Nacional 40. La edici\u00f3n n\u00famero 13 de esta carrera no fue cualquier cosa: reuni\u00f3 a m\u00e1s de 3.000 ciclistas, marcando un r\u00e9cord de participaci\u00f3n.<\/p>\n\n\n\n<p>Durante el recorrido, los participantes bordean los lagos Espejo, Correntoso, Escondido, Villarino, Falkner, Mach\u00f3nico y L\u00e1car. Seg\u00fan el portal<em>&nbsp;Mejorinformado<\/em>, Scaloni se aloj\u00f3 en un lujoso hotel de la zona, disfrutando de la compa\u00f1\u00eda de Aimar, colega y amigo, adem\u00e1s de ser una figura clave en la AFA.<\/p>\n\n\n\n<p>La relaci\u00f3n de Scaloni con el ciclismo es evidente, ya que ha estado superando constantemente sus marcas personales. En una de sus experiencias recientes, particip\u00f3 en la famosa carrera El Infierno, reconocida por ser una de las m\u00e1s exigentes del mundo. Adem\u00e1s, este a\u00f1o logr\u00f3 mejorar su tiempo en la marcha cicloturista Mallorca 312, completando los 167 kil\u00f3metros en 5 horas, 6 minutos y 8 segundos, mejorando su r\u00e9cord personal por dos minutos.<\/p>\n\n\n\n<p>La Gran Fondo 7 Lagos no solo atrajo a estos dos cracks, sino tambi\u00e9n a otras grandes figuras del deporte argentino. Gabriela Sabatini, \u00edcono del tenis, y Hugo Porta, leyenda del rugby, tambi\u00e9n dijeron presente. Con sus nueve exigentes ascensos y descensos, esta competencia es una prueba de fuego incluso para los ciclistas m\u00e1s experimentados, consolid\u00e1ndose como la m\u00e1s importante de Am\u00e9rica Latina.<\/p>\n\n\n\n<p>El evento comenz\u00f3 a las 8 de la ma\u00f1ana en San Mart\u00edn de los Andes, con los invitados especiales partiendo desde las primeras filas. Tras m\u00e1s de cuatro horas de pura adrenalina, los ciclistas cruzaron la meta en Villa La Angostura. Una vez all\u00ed, se arm\u00f3 un ambiente festivo, con una carpa donde todos pudieron compartir an\u00e9cdotas y sonrisas.<\/p>\n\n\n\n<p>Para muchos, pedalear al lado de Scaloni fue el verdadero premio. No faltaron los tel\u00e9fonos en alto para grabar el momento o las selfies con el l\u00edder de &#8220;La Scaloneta&#8221;.<\/p>\n\n\n\n<p><em>Con informaci\u00f3n de Infobae.<\/em><\/p>\n","protected":false},"excerpt":{"rendered":"<p>El cuerpo t\u00e9cnico de la Selecci\u00f3n Argentina particip\u00f3 del Gran Fondo 7 Lagos, una impresionante ruta que bordea un paisaje maravilloso. Lionel Scaloni y Pablo Aimar se animaron a la&hellip; <\/p>\n","protected":false},"author":6,"featured_media":174971,"comment_status":"closed","ping_status":"open","sticky":false,"template":"","format":"standard","meta":{"footnotes":""},"categories":[4],"tags":[],"class_list":["post-174968","post","type-post","status-publish","format-standard","has-post-thumbnail","hentry","category-deportes"],"_links":{"self":[{"href":"https:\/\/corrientesdetarde.com\/index.php\/wp-json\/wp\/v2\/posts\/174968","targetHints":{"allow":["GET"]}}],"collection":[{"href":"https:\/\/corrientesdetarde.com\/index.php\/wp-json\/wp\/v2\/posts"}],"about":[{"href":"https:\/\/corrientesdetarde.com\/index.php\/wp-json\/wp\/v2\/types\/post"}],"author":[{"embeddable":true,"href":"https:\/\/corrientesdetarde.com\/index.php\/wp-json\/wp\/v2\/users\/6"}],"replies":[{"embeddable":true,"href":"https:\/\/corrientesdetarde.com\/index.php\/wp-json\/wp\/v2\/comments?post=174968"}],"version-history":[{"count":2,"href":"https:\/\/corrientesdetarde.com\/index.php\/wp-json\/wp\/v2\/posts\/174968\/revisions"}],"predecessor-version":[{"id":174973,"href":"https:\/\/corrientesdetarde.com\/index.php\/wp-json\/wp\/v2\/posts\/174968\/revisions\/174973"}],"wp:featuredmedia":[{"embeddable":true,"href":"https:\/\/corrientesdetarde.com\/index.php\/wp-json\/wp\/v2\/media\/174971"}],"wp:attachment":[{"href":"https:\/\/corrientesdetarde.com\/index.php\/wp-json\/wp\/v2\/media?parent=174968"}],"wp:term":[{"taxonomy":"category","embeddable":true,"href":"https:\/\/corrientesdetarde.com\/index.php\/wp-json\/wp\/v2\/categories?post=174968"},{"taxonomy":"post_tag","embeddable":true,"href":"https:\/\/corrientesdetarde.com\/index.php\/wp-json\/wp\/v2\/tags?post=174968"}],"curies":[{"name":"wp","href":"https:\/\/api.w.org\/{rel}","templated":true}]}}