{"id":174969,"date":"2024-11-24T19:51:50","date_gmt":"2024-11-24T22:51:50","guid":{"rendered":"https:\/\/corrientesdetarde.com\/?p=174969"},"modified":"2024-11-24T19:52:02","modified_gmt":"2024-11-24T22:52:02","slug":"moria-casan-y-graciela-alfano-contra-susana-ella-nos-detesta-es-muy-competitiva","status":"publish","type":"post","link":"https:\/\/corrientesdetarde.com\/index.php\/espectaculos\/moria-casan-y-graciela-alfano-contra-susana-ella-nos-detesta-es-muy-competitiva\/","title":{"rendered":"Moria Cas\u00e1n y Graciela Alfano contra Susana: &#8220;Ella nos detesta, es muy competitiva\u201d."},"content":{"rendered":"\n<h2 class=\"wp-block-heading\">Ambas estuvieron como invitadas en el programa de Dante Gebel y reavivaron la hist\u00f3rica guerra entre divas.<\/h2>\n\n\n\n<p><strong>Moria Cas\u00e1n<\/strong>\u00a0y\u00a0<strong>Graciela Alfano<\/strong>\u00a0estuvieron como invitadas en el programa de Dante Gebel. Durante su visita hablaron de su profesi\u00f3n en el mundo del espect\u00e1culo y\u00a0<strong>reavivaron la guerra<\/strong>\u00a0con\u00a0<strong>Susana Gim\u00e9nez<\/strong>.<\/p>\n\n\n\n<p>Todo ocurri\u00f3 cuando el conductor de<em>\u00a0La divina noche de Dante (eltrece)<\/em>\u00a0les nombr\u00f3 a la diva de los tel\u00e9fonos y les pregunt\u00f3\u00a0<strong>cu\u00e1l es su relaci\u00f3n<\/strong>\u00a0con ella.<\/p>\n\n\n\n<p>\u201cSiempre decimos que\u00a0<strong>en la Argentina hay tres divas<\/strong>, falta la otra rubia\u201d, dijo Gebel ante Moria y Graciela. \u201cQuer\u00edamos que ella participe, nos permitimos un peque\u00f1o saludo aunque no puede estar por una cuesti\u00f3n de canal\u201d, ironiz\u00f3 \u00e9l y en el programa pasaron un video de\u00a0<strong>F\u00e1tima Florez<\/strong>\u00a0imitando a Susana.<\/p>\n\n\n\n<p>En ese momento, las dos quedaron impactadas por la actuaci\u00f3n de la humorista y Alfano coment\u00f3 que hab\u00eda pensado que realmente se trataba de Gim\u00e9nez. \u201c<strong>Mir\u00e1 si Susana nos va a mandar un saludo a nosotras dos<\/strong>\u201d, lanz\u00f3 Cas\u00e1n sin filtros.<\/p>\n\n\n\n<p>Fue as\u00ed que Moria no se guard\u00f3 nada y revel\u00f3 un&nbsp;<strong>dato&nbsp;<\/strong>de la diva de los tel\u00e9fonos.&nbsp;<strong>\u201cEsa s\u00ed que nos detesta. Es muy competitiva, no me interesa\u201d<\/strong>, asegur\u00f3 ella. \u201cLa competencia es parte de esta profesi\u00f3n\u201d, coment\u00f3 Graciela en un intento de defender a la conductora.<\/p>\n\n\n\n<p>\u201c\u00bfC\u00f3mo se llevan con Susana?\u201d, quiso saber Dante.&nbsp;<strong>\u201cContale que no te dej\u00f3 entrar a un restaurante\u201d<\/strong>, expres\u00f3 Cas\u00e1n alentando a Alfano a que relate la situaci\u00f3n. \u201c<strong>Yo no me llevo para nada, no es mi amiga<\/strong>. La respeto por lo que ha logrado, porque para llegar a este lugar hay que ser competitiva\u201d, explic\u00f3 la ex de Mat\u00edas Al\u00e9.<\/p>\n\n\n\n<p>Luego de eso, Moria dej\u00f3 en claro lo que piensa de su colega y c\u00f3mo es la relaci\u00f3n entre ellas. \u201c<strong>Es mala, mal\u00edsima<\/strong>. Las mujeres somos de terror\u201d, asegur\u00f3 sin filtros y reaviv\u00f3 la eterna guerra entre divas.<\/p>\n\n\n\n<h2 class=\"wp-block-heading\">Moria Cas\u00e1n y Graciela Alfano hablaron sobre qu\u00e9 implica ser una diva<\/h2>\n\n\n\n<p><strong>\u201cYo trabaje toda la vida de diva\u201d<\/strong>, expres\u00f3 Alfano durante su entrevista en<em>&nbsp;La divina noche de Dante (eltrece)<\/em>. \u201cEs tener un trabajo exigente, sacarse fotos, estar permanentemente con la gente\u201d, detall\u00f3.<\/p>\n\n\n\n<p>Sobre su rol, Alfano reflexion\u00f3: \u201cLos hijos de las divas son bastante abandonados, si alguien te pide una foto el chico no entiende que est\u00e1 pasando\u201d. En ese momento, Moria se refiri\u00f3 a<strong>&nbsp;Sofia Gala<\/strong>. \u201cTal vez ella se haya sentido abandonada, pero&nbsp;<strong>yo no sent\u00ed que la abandon\u00e9, no manejo esa culpa<\/strong>\u201d.<\/p>\n\n\n\n<p>\u201cYo asumo lo que hice, no por culpa sino por responsabilidad\u201d, le respondi\u00f3 Alfano. \u201cNo pens\u00e9 en mis hijos cuando tomaba muchas decisiones. En eso, ser diva es dif\u00edcil, tedioso\u201d, manifest\u00f3 y explic\u00f3 que necesita \u201ccortar\u201d para salir del papel de diva&nbsp;<strong>\u201cy ser Graciela, estar natural\u201d<\/strong>.<\/p>\n","protected":false},"excerpt":{"rendered":"<p>Ambas estuvieron como invitadas en el programa de Dante Gebel y reavivaron la hist\u00f3rica guerra entre divas. Moria Cas\u00e1n\u00a0y\u00a0Graciela Alfano\u00a0estuvieron como invitadas en el programa de Dante Gebel. Durante su&hellip; <\/p>\n","protected":false},"author":6,"featured_media":174974,"comment_status":"closed","ping_status":"open","sticky":false,"template":"","format":"standard","meta":{"footnotes":""},"categories":[19],"tags":[],"class_list":["post-174969","post","type-post","status-publish","format-standard","has-post-thumbnail","hentry","category-espectaculos"],"_links":{"self":[{"href":"https:\/\/corrientesdetarde.com\/index.php\/wp-json\/wp\/v2\/posts\/174969","targetHints":{"allow":["GET"]}}],"collection":[{"href":"https:\/\/corrientesdetarde.com\/index.php\/wp-json\/wp\/v2\/posts"}],"about":[{"href":"https:\/\/corrientesdetarde.com\/index.php\/wp-json\/wp\/v2\/types\/post"}],"author":[{"embeddable":true,"href":"https:\/\/corrientesdetarde.com\/index.php\/wp-json\/wp\/v2\/users\/6"}],"replies":[{"embeddable":true,"href":"https:\/\/corrientesdetarde.com\/index.php\/wp-json\/wp\/v2\/comments?post=174969"}],"version-history":[{"count":2,"href":"https:\/\/corrientesdetarde.com\/index.php\/wp-json\/wp\/v2\/posts\/174969\/revisions"}],"predecessor-version":[{"id":174976,"href":"https:\/\/corrientesdetarde.com\/index.php\/wp-json\/wp\/v2\/posts\/174969\/revisions\/174976"}],"wp:featuredmedia":[{"embeddable":true,"href":"https:\/\/corrientesdetarde.com\/index.php\/wp-json\/wp\/v2\/media\/174974"}],"wp:attachment":[{"href":"https:\/\/corrientesdetarde.com\/index.php\/wp-json\/wp\/v2\/media?parent=174969"}],"wp:term":[{"taxonomy":"category","embeddable":true,"href":"https:\/\/corrientesdetarde.com\/index.php\/wp-json\/wp\/v2\/categories?post=174969"},{"taxonomy":"post_tag","embeddable":true,"href":"https:\/\/corrientesdetarde.com\/index.php\/wp-json\/wp\/v2\/tags?post=174969"}],"curies":[{"name":"wp","href":"https:\/\/api.w.org\/{rel}","templated":true}]}}