{"id":174982,"date":"2024-11-24T20:08:25","date_gmt":"2024-11-24T23:08:25","guid":{"rendered":"https:\/\/corrientesdetarde.com\/?p=174982"},"modified":"2024-11-24T20:09:03","modified_gmt":"2024-11-24T23:09:03","slug":"el-mensaje-de-la-escuderia-williams-para-colapinto-y-albon-luego-del-gp-de-las-vegas","status":"publish","type":"post","link":"https:\/\/corrientesdetarde.com\/index.php\/deportes\/el-mensaje-de-la-escuderia-williams-para-colapinto-y-albon-luego-del-gp-de-las-vegas\/","title":{"rendered":"El mensaje de la escuder\u00eda Williams para Colapinto y Albon luego del GP de Las Vegas."},"content":{"rendered":"\n<h2 class=\"wp-block-heading\">El argentino termin\u00f3 en el puesto 14\u00b0, mientras que el brit\u00e1nico tuvo que abandonar. El pr\u00f3ximo desaf\u00edo ser\u00e1 en Qatar, en un fin de semana que incluir\u00e1 una carrera Sprint.<\/h2>\n\n\n\n<p>La escuder\u00eda\u00a0<strong>Williams\u00a0<\/strong>no tuvo un buen fin de semana en el<strong>\u00a0Gran Premio de Las Vegas de F\u00f3rmula 1.\u00a0<\/strong>Aunque\u00a0<strong>Franco Colapinto<\/strong>\u00a0se recuper\u00f3 del choque que hab\u00eda sufrido en la clasificaci\u00f3n y pudo terminar la carrera en el puesto 14\u00b0, Alex Albon debi\u00f3 abandonar por problemas mec\u00e1nicos.<\/p>\n\n\n\n<p>A modo de balance, el equipo les dedic\u00f3 mensajes a sus pilotos en las redes sociales.&nbsp;<strong>\u201cDesde el pitlane hasta el puesto 14\u00b0, vamos Franco\u201d<\/strong>, le escribieron al argentino, cuya participaci\u00f3n estuvo en duda hasta unas horas antes de las carrera por el fuerte choque que hab\u00eda protagonizado en la clasificaci\u00f3n. Los arreglos que hubo que hacer en el auto lo obligaron, adem\u00e1s, a largar \u00faltimo, desde la calle de boxes.<\/p>\n\n\n\n<p>Respecto de Albon, se\u00f1alaron: \u201cUn esfuerzo enorme para llegar hasta la zona de puntos y&nbsp;<strong>un final de carrera abrupto.<\/strong>&nbsp;Vendr\u00e1n m\u00e1s oportunidades en Qatar\u201d.<\/p>\n\n\n\n<p>En tanto que, junto a dos fotos del auto del brit\u00e1nico, se\u00f1alaron: \u201cUn esfuerzo monumental del equipo este fin de semana, pero lamentablemente no termin\u00f3 como nos hubiera gustado. Vamos de nuevo dentro de una semana\u201d.<\/p>\n\n\n\n<p><strong>Franco Colapinto<\/strong>&nbsp;volver\u00e1 a correr el pr\u00f3ximo&nbsp;<strong>domingo 1 de diciembre&nbsp;<\/strong>a las<strong>&nbsp;13:00&nbsp;<\/strong>en el&nbsp;<strong>Gran Premio de Qatar<\/strong>, en el Circuito Internacional de Losail. Luego, cerrar\u00e1 la temporada en&nbsp;<strong>Abu Dhabi<\/strong>&nbsp;el 8 de diciembre.<\/p>\n\n\n\n<p>El Gran Premio de Qatar tendr\u00e1 tambi\u00e9n una<strong>&nbsp;carrera Sprint<\/strong>, la \u00faltima del a\u00f1o, que se correr\u00e1 el s\u00e1bado.<\/p>\n\n\n\n<h2 class=\"wp-block-heading\">Gran Premio de Qatar de la F\u00f3rmula 1, con Franco Colapinto: d\u00edas y horarios<\/h2>\n\n\n\n<ul class=\"wp-block-list\">\n<li>Viernes 29\/11, 10.30: pr\u00e1ctica libre.<\/li>\n\n\n\n<li>Viernes 29\/11, 14.30: clasificaci\u00f3n para la carrera Sprint.<\/li>\n\n\n\n<li>S\u00e1bado 30\/11, 11: carrera Sprint.<\/li>\n\n\n\n<li>S\u00e1bado 30\/11, 15: clasificaci\u00f3n para el Gran Premio.<\/li>\n\n\n\n<li>Domingo 1\/12, 13: Gran Premio de Qatar.<\/li>\n<\/ul>\n","protected":false},"excerpt":{"rendered":"<p>El argentino termin\u00f3 en el puesto 14\u00b0, mientras que el brit\u00e1nico tuvo que abandonar. El pr\u00f3ximo desaf\u00edo ser\u00e1 en Qatar, en un fin de semana que incluir\u00e1 una carrera Sprint.&hellip; <\/p>\n","protected":false},"author":6,"featured_media":174984,"comment_status":"closed","ping_status":"open","sticky":false,"template":"","format":"standard","meta":{"footnotes":""},"categories":[4],"tags":[],"class_list":["post-174982","post","type-post","status-publish","format-standard","has-post-thumbnail","hentry","category-deportes"],"_links":{"self":[{"href":"https:\/\/corrientesdetarde.com\/index.php\/wp-json\/wp\/v2\/posts\/174982","targetHints":{"allow":["GET"]}}],"collection":[{"href":"https:\/\/corrientesdetarde.com\/index.php\/wp-json\/wp\/v2\/posts"}],"about":[{"href":"https:\/\/corrientesdetarde.com\/index.php\/wp-json\/wp\/v2\/types\/post"}],"author":[{"embeddable":true,"href":"https:\/\/corrientesdetarde.com\/index.php\/wp-json\/wp\/v2\/users\/6"}],"replies":[{"embeddable":true,"href":"https:\/\/corrientesdetarde.com\/index.php\/wp-json\/wp\/v2\/comments?post=174982"}],"version-history":[{"count":2,"href":"https:\/\/corrientesdetarde.com\/index.php\/wp-json\/wp\/v2\/posts\/174982\/revisions"}],"predecessor-version":[{"id":174987,"href":"https:\/\/corrientesdetarde.com\/index.php\/wp-json\/wp\/v2\/posts\/174982\/revisions\/174987"}],"wp:featuredmedia":[{"embeddable":true,"href":"https:\/\/corrientesdetarde.com\/index.php\/wp-json\/wp\/v2\/media\/174984"}],"wp:attachment":[{"href":"https:\/\/corrientesdetarde.com\/index.php\/wp-json\/wp\/v2\/media?parent=174982"}],"wp:term":[{"taxonomy":"category","embeddable":true,"href":"https:\/\/corrientesdetarde.com\/index.php\/wp-json\/wp\/v2\/categories?post=174982"},{"taxonomy":"post_tag","embeddable":true,"href":"https:\/\/corrientesdetarde.com\/index.php\/wp-json\/wp\/v2\/tags?post=174982"}],"curies":[{"name":"wp","href":"https:\/\/api.w.org\/{rel}","templated":true}]}}