{"id":175004,"date":"2024-11-24T21:09:48","date_gmt":"2024-11-25T00:09:48","guid":{"rendered":"https:\/\/corrientesdetarde.com\/?p=175004"},"modified":"2024-11-24T21:09:53","modified_gmt":"2024-11-25T00:09:53","slug":"fin-del-impuesto-pais","status":"publish","type":"post","link":"https:\/\/corrientesdetarde.com\/index.php\/economia\/fin-del-impuesto-pais\/","title":{"rendered":"Fin del Impuesto PAIS."},"content":{"rendered":"\n<h2 class=\"wp-block-heading\"><strong>Seg\u00fan la Ley n\u00famero 27.541, el impuesto PAIS tiene una vigencia de cinco per\u00edodos fiscales desde su entrada en vigor el 23 de diciembre de 2019.<\/strong><\/h2>\n\n\n\n<p>El<strong>\u00a0impuesto Para una Argentina Inclusiva y Solidaria (PAIS)\u00a0<\/strong>es un tributo implementado en diciembre de 2019 con el objetivo de &#8220;estabilizar la econom\u00eda argentina y fomentar la inclusi\u00f3n social&#8221; que se cre\u00f3 en 2019 por un per\u00edodo de cinco a\u00f1os, aunque en esta ocasi\u00f3n el Gobierno inform\u00f3 que no pedir\u00e1 su renovaci\u00f3n.<\/p>\n\n\n\n<p>Seg\u00fan la Ley n\u00famero 27.541, el impuesto PAIS tiene una vigencia de cinco per\u00edodos fiscales desde su entrada en vigor el 23 de diciembre de 2019, por lo que\u00a0<strong>su aplicaci\u00f3n finalizar\u00e1 el 23 de diciembre de 2024.<\/strong><\/p>\n\n\n\n<p>El gobierno de Javier Milei anunci\u00f3 que no prorrogar\u00e1 este impuesto. El Congreso deber\u00eda aprobar una pr\u00f3rroga con pedido especial, pero&nbsp;<strong>dejar\u00e1 de aplicarse a partir del 24 de diciembre de 2024.<\/strong><\/p>\n\n\n\n<p>El<strong>&nbsp;impuesto PAIS fue una herramienta clave en la pol\u00edtica fiscal argentina,<\/strong>&nbsp;contribuyendo significativamente a la recaudaci\u00f3n y destin\u00e1ndose a programas sociales y de infraestructura.<\/p>\n\n\n\n<h2 class=\"wp-block-heading\">Impuesto PAIS: c\u00f3mo afecta a la econom\u00eda<\/h2>\n\n\n\n<p>El impuesto PAIS es un gravamen que se aplica a operaciones realizadas en moneda extranjera:<\/p>\n\n\n\n<p>-Compra de divisas para ahorro: Adquisici\u00f3n de d\u00f3lares para atesoramiento.<\/p>\n\n\n\n<p>-Gastos con tarjetas en el exterior: Compras y pagos realizados con tarjetas de cr\u00e9dito o d\u00e9bito fuera del pa\u00eds.<\/p>\n\n\n\n<p>-Adquisici\u00f3n de servicios y bienes en el exterior: Contrataci\u00f3n de servicios digitales, tur\u00edsticos y compra de bienes en el extranjero.<\/p>\n\n\n\n<p>Este impuesto se estableci\u00f3 con una al\u00edcuota del 30% para la mayor\u00eda de estas operaciones, con el prop\u00f3sito de desalentar la demanda de divisas y fortalecer las reservas internacionales.<\/p>\n\n\n\n<h2 class=\"wp-block-heading\">Evoluci\u00f3n y modificaciones del impuesto PAIS<\/h2>\n\n\n\n<p>Desde su implementaci\u00f3n, el impuesto PAIS experiment\u00f3 diversas modificaciones:<\/p>\n\n\n\n<ol class=\"wp-block-list\">\n<li>Octubre de 2022: Se ampli\u00f3 el alcance del impuesto para incluir la compra de bienes suntuarios y servicios personales, culturales y recreativos en el exterior, manteniendo la al\u00edcuota del 30%.<\/li>\n\n\n\n<li>Julio de 2023: Se incorporaron al\u00edcuotas del 25% para ciertos servicios del exterior, como mantenimiento, servicios inform\u00e1ticos, seguros y asesor\u00edas profesionales. Adem\u00e1s, se estableci\u00f3 una tasa del 7,5% para la importaci\u00f3n de bienes y servicios de fletes relacionados con exportaciones e importaciones.<\/li>\n\n\n\n<li>Diciembre de 2023: El gobierno de Javier Milei aument\u00f3 la tasa del impuesto para servicios de fletes internacionales e importaciones del 7,5% al 17,5%.<\/li>\n\n\n\n<li>Septiembre de 2024: Se revirti\u00f3 el aumento anterior, volviendo la al\u00edcuota al 7,5%.<\/li>\n<\/ol>\n\n\n\n<p><strong>Los ingresos generados por el impuesto PAIS se destinan a:<\/strong><\/p>\n\n\n\n<ul class=\"wp-block-list\">\n<li>Programas a cargo de ANSES y PAMI: Financiamiento de prestaciones sociales y de salud.<\/li>\n\n\n\n<li>Obras de vivienda social: Desarrollo de proyectos habitacionales para sectores vulnerables.<\/li>\n\n\n\n<li>Obras de infraestructura econ\u00f3mica: Inversiones en infraestructura para impulsar el crecimiento econ\u00f3mico.<\/li>\n\n\n\n<li>Fomento del turismo nacional: Promoci\u00f3n de actividades tur\u00edsticas dentro del pa\u00eds.<\/li>\n<\/ul>\n\n\n\n<h2 class=\"wp-block-heading\">En qu\u00e9 \u00e1reas se mantendr\u00e1 el impuesto PAIS en diciembre<\/h2>\n\n\n\n<p>El ministro Luis Caputo confirm\u00f3 que ciertas operaciones seguir\u00e1n gravadas por el Impuesto PAIS y no se beneficiar\u00e1n de las reducciones. Entre ellas se encuentran:<\/p>\n\n\n\n<ul class=\"wp-block-list\">\n<li><strong>D\u00f3lar ahorro y d\u00f3lar turista<\/strong>, que seguir\u00e1n gravados con las tasas actuales.<\/li>\n\n\n\n<li><strong>Utilidades y dividendos<\/strong>, de acuerdo con el R\u00e9gimen Informativo Contable Mensual para Operaciones de Cambio del Banco Central (c\u00f3digo I03).<\/li>\n\n\n\n<li><strong>Repatriaci\u00f3n de inversiones de portafolio de no residentes<\/strong>, generadas a partir de cobros en el pa\u00eds por utilidades y dividendos recibidos desde el 1 de septiembre de 2019.<\/li>\n\n\n\n<li><strong>Suscripci\u00f3n en pesos de bonos especiales<\/strong>, como los &#8220;Bonos para la Reconstrucci\u00f3n de una Argentina Libre&#8221; emitidos por el BCRA, adquiridos en concepto de pago de utilidades, dividendos o repatriaci\u00f3n de inversiones de portafolio.<\/li>\n<\/ul>\n\n\n\n<p>De este modo, mientras algunos sectores experimentar\u00e1n alivio fiscal, otros seguir\u00e1n soportando el impacto de este tributo hasta su eventual eliminaci\u00f3n.<\/p>\n","protected":false},"excerpt":{"rendered":"<p>Seg\u00fan la Ley n\u00famero 27.541, el impuesto PAIS tiene una vigencia de cinco per\u00edodos fiscales desde su entrada en vigor el 23 de diciembre de 2019. El\u00a0impuesto Para una Argentina&hellip; <\/p>\n","protected":false},"author":6,"featured_media":175008,"comment_status":"closed","ping_status":"open","sticky":false,"template":"","format":"standard","meta":{"footnotes":""},"categories":[20],"tags":[],"class_list":["post-175004","post","type-post","status-publish","format-standard","has-post-thumbnail","hentry","category-economia"],"_links":{"self":[{"href":"https:\/\/corrientesdetarde.com\/index.php\/wp-json\/wp\/v2\/posts\/175004","targetHints":{"allow":["GET"]}}],"collection":[{"href":"https:\/\/corrientesdetarde.com\/index.php\/wp-json\/wp\/v2\/posts"}],"about":[{"href":"https:\/\/corrientesdetarde.com\/index.php\/wp-json\/wp\/v2\/types\/post"}],"author":[{"embeddable":true,"href":"https:\/\/corrientesdetarde.com\/index.php\/wp-json\/wp\/v2\/users\/6"}],"replies":[{"embeddable":true,"href":"https:\/\/corrientesdetarde.com\/index.php\/wp-json\/wp\/v2\/comments?post=175004"}],"version-history":[{"count":1,"href":"https:\/\/corrientesdetarde.com\/index.php\/wp-json\/wp\/v2\/posts\/175004\/revisions"}],"predecessor-version":[{"id":175009,"href":"https:\/\/corrientesdetarde.com\/index.php\/wp-json\/wp\/v2\/posts\/175004\/revisions\/175009"}],"wp:featuredmedia":[{"embeddable":true,"href":"https:\/\/corrientesdetarde.com\/index.php\/wp-json\/wp\/v2\/media\/175008"}],"wp:attachment":[{"href":"https:\/\/corrientesdetarde.com\/index.php\/wp-json\/wp\/v2\/media?parent=175004"}],"wp:term":[{"taxonomy":"category","embeddable":true,"href":"https:\/\/corrientesdetarde.com\/index.php\/wp-json\/wp\/v2\/categories?post=175004"},{"taxonomy":"post_tag","embeddable":true,"href":"https:\/\/corrientesdetarde.com\/index.php\/wp-json\/wp\/v2\/tags?post=175004"}],"curies":[{"name":"wp","href":"https:\/\/api.w.org\/{rel}","templated":true}]}}