{"id":175005,"date":"2024-11-24T21:13:48","date_gmt":"2024-11-25T00:13:48","guid":{"rendered":"https:\/\/corrientesdetarde.com\/?p=175005"},"modified":"2024-11-24T21:13:53","modified_gmt":"2024-11-25T00:13:53","slug":"anunciaron-la-liberacion-de-importacion-y-exportacion-de-obras-de-arte","status":"publish","type":"post","link":"https:\/\/corrientesdetarde.com\/index.php\/economia\/anunciaron-la-liberacion-de-importacion-y-exportacion-de-obras-de-arte\/","title":{"rendered":"Anunciaron la liberaci\u00f3n de importaci\u00f3n y exportaci\u00f3n de obras de arte."},"content":{"rendered":"\n<h2 class=\"wp-block-heading\"><strong>Queda liberado el mercado de arte permitiendo a los artistas acceder al mercado internacional &#8220;sin trabas, sin restricciones, ni tr\u00e1mites engorrosos&#8221;, expres\u00f3 el comunicado oficial.<\/strong><\/h2>\n\n\n\n<p>El\u00a0ministerio de Desregulaci\u00f3n y Transformaci\u00f3n del Estado\u00a0que responde a<strong>\u00a0Federico Sturzenegger<\/strong>\u00a0anunci\u00f3 la liberaci\u00f3n de exportaci\u00f3n e importaci\u00f3n de obras de arte. De acuerdo al comunicado oficial,<strong>\u00a0la medida se oficializar\u00e1 por decreto en el Bolet\u00edn Oficial.<\/strong><\/p>\n\n\n\n<p>De esta manera<strong>, queda liberado el mercado de arte permitiendo a los artistas acceder al mercado internacional\u00a0<\/strong>&#8220;sin trabas, sin restricciones, ni tr\u00e1mites engorrosos&#8221;, estableci\u00f3 el comunicado. Tambi\u00e9n se aclara que aquellos que mueven sus propias obras de arte, tambi\u00e9n podr\u00e1n hacerlo con facilidad.<\/p>\n\n\n\n<h2 class=\"wp-block-heading\">Uno por uno, los cambios que se establecen en el comercio de obras de arte<\/h2>\n\n\n\n<p>En el caso de los galeristas, se ampl\u00edan los periodos de&nbsp;<strong>exportaci\u00f3n e importaci\u00f3n transitoria de uno a cinco a\u00f1os<\/strong>&nbsp;(un reclamo hist\u00f3rico del sector), generando importantes ahorros para el manejo de obras de artes en exposiciones y ferias.<\/p>\n\n\n\n<p>Adem\u00e1s, se elimina la<strong>&nbsp;certificaci\u00f3n de obras para la exportaci\u00f3n para obras de artistas con m\u00e1s de 50 a\u00f1os de fallecidos<\/strong>&nbsp;para los que se requer\u00eda una Licencia de Exportaci\u00f3n que otorgaba al Estado Nacional o a terceros residentes una opci\u00f3n de preferencia en la compra de las obras afectando el derecho de propiedad para los due\u00f1os de dichas obras.<\/p>\n\n\n\n<p><strong>&#8220;Este engorroso tr\u00e1mite para darle la opci\u00f3n de compra al Estado nacional, demandaba hasta 16 firmas.<\/strong>&nbsp;Decenas de miles de artistas y galeristas tuvieron que hacer este tr\u00e1mite en los \u00faltimos 30 a\u00f1os, sin embargo, ni el Estado ni ning\u00fan privado nunca ejerci\u00f3 esa opci\u00f3n&#8221;, estableci\u00f3 el ministerio.<\/p>\n\n\n\n<p>Y agreg\u00f3: &#8220;la obligaci\u00f3n de darle la opci\u00f3n de compra al Estado, a su vez, era un disuasivo a la<strong>&nbsp;conformaci\u00f3n de colecciones de arte en el pa\u00eds.&nbsp;<\/strong>Importar una obra era equivalente a perder el derecho de venderla ya que nunca se sab\u00eda si el Estado ejercer\u00eda su derecho y a qu\u00e9 precio&#8221;.<\/p>\n\n\n\n<h2 class=\"wp-block-heading\">Qui\u00e9nes quedan excluidos del cambio clave para las obras de arte<\/h2>\n\n\n\n<p>En el escrito, detallan que quedan excluidos de este cambio clave<strong>&nbsp;las obras que constituyen patrimonio cultural de la Naci\u00f3n.<\/strong><\/p>\n\n\n\n<p>A los fines de la determinaci\u00f3n de la legitimidad de la exportaci\u00f3n solo ser\u00e1 requerido completar un formulario en el aeropuerto, el que podr\u00e1 completarse en cualquier horario. Antes, la exportaci\u00f3n de obras de arte necesitaba de tr\u00e1mites en aduana que se pod\u00edan hacer solo a determinadas horas. &#8220;<strong>Se elimina el comit\u00e9 otorgante de las licencias de exportaci\u00f3n lo cual reduce la burocracia&#8221;,<\/strong>&nbsp;concluy\u00f3 el ministerio de Sturzenegger.<\/p>\n\n\n\n<h2 class=\"wp-block-heading\">Cr\u00edticas a la medida del gobierno de Javier Milei<\/h2>\n\n\n\n<p>Tras conocerse la decisi\u00f3n, surgieron algunas cr\u00edticas por algunos puntos poco claros en la normativa. Una de ellas fue del exdirector de Aduana Guillermo Michel, quien se\u00f1al\u00f3: \u00b4No es que solo permite \u201ca los artistas acceder al mercado internacional sin trabas, sin restricciones, ni tr\u00e1mites engorrosos\u00b4&#8221; argument\u00f3.<\/p>\n\n\n\n<h2 class=\"wp-block-heading\">Qui\u00e9nes quedan excluidos del cambio clave para las obras de arte<\/h2>\n\n\n\n<p>En el escrito, detallan que quedan excluidos de este cambio clave<strong>&nbsp;las obras que constituyen patrimonio cultural de la Naci\u00f3n.<\/strong><\/p>\n\n\n\n<p>A los fines de la determinaci\u00f3n de la legitimidad de la exportaci\u00f3n solo ser\u00e1 requerido completar un formulario en el aeropuerto, el que podr\u00e1 completarse en cualquier horario. Antes, la exportaci\u00f3n de obras de arte necesitaba de tr\u00e1mites en aduana que se pod\u00edan hacer solo a determinadas horas. &#8220;<strong>Se elimina el comit\u00e9 otorgante de las licencias de exportaci\u00f3n lo cual reduce la burocracia&#8221;,<\/strong>&nbsp;concluy\u00f3 el ministerio de Sturzenegger.<\/p>\n\n\n\n<h2 class=\"wp-block-heading\">Cr\u00edticas a la medida del gobierno de Javier Milei<\/h2>\n\n\n\n<p>Tras conocerse la decisi\u00f3n, surgieron algunas cr\u00edticas por algunos puntos poco claros en la normativa. Una de ellas fue del exdirector de Aduana Guillermo Michel, quien se\u00f1al\u00f3: \u00b4No es que solo permite \u201ca los artistas acceder al mercado internacional sin trabas, sin restricciones, ni tr\u00e1mites engorrosos\u00b4&#8221; argument\u00f3.<\/p>\n","protected":false},"excerpt":{"rendered":"<p>Queda liberado el mercado de arte permitiendo a los artistas acceder al mercado internacional &#8220;sin trabas, sin restricciones, ni tr\u00e1mites engorrosos&#8221;, expres\u00f3 el comunicado oficial. El\u00a0ministerio de Desregulaci\u00f3n y Transformaci\u00f3n&hellip; <\/p>\n","protected":false},"author":6,"featured_media":175010,"comment_status":"closed","ping_status":"open","sticky":false,"template":"","format":"standard","meta":{"footnotes":""},"categories":[20],"tags":[],"class_list":["post-175005","post","type-post","status-publish","format-standard","has-post-thumbnail","hentry","category-economia"],"_links":{"self":[{"href":"https:\/\/corrientesdetarde.com\/index.php\/wp-json\/wp\/v2\/posts\/175005","targetHints":{"allow":["GET"]}}],"collection":[{"href":"https:\/\/corrientesdetarde.com\/index.php\/wp-json\/wp\/v2\/posts"}],"about":[{"href":"https:\/\/corrientesdetarde.com\/index.php\/wp-json\/wp\/v2\/types\/post"}],"author":[{"embeddable":true,"href":"https:\/\/corrientesdetarde.com\/index.php\/wp-json\/wp\/v2\/users\/6"}],"replies":[{"embeddable":true,"href":"https:\/\/corrientesdetarde.com\/index.php\/wp-json\/wp\/v2\/comments?post=175005"}],"version-history":[{"count":2,"href":"https:\/\/corrientesdetarde.com\/index.php\/wp-json\/wp\/v2\/posts\/175005\/revisions"}],"predecessor-version":[{"id":175012,"href":"https:\/\/corrientesdetarde.com\/index.php\/wp-json\/wp\/v2\/posts\/175005\/revisions\/175012"}],"wp:featuredmedia":[{"embeddable":true,"href":"https:\/\/corrientesdetarde.com\/index.php\/wp-json\/wp\/v2\/media\/175010"}],"wp:attachment":[{"href":"https:\/\/corrientesdetarde.com\/index.php\/wp-json\/wp\/v2\/media?parent=175005"}],"wp:term":[{"taxonomy":"category","embeddable":true,"href":"https:\/\/corrientesdetarde.com\/index.php\/wp-json\/wp\/v2\/categories?post=175005"},{"taxonomy":"post_tag","embeddable":true,"href":"https:\/\/corrientesdetarde.com\/index.php\/wp-json\/wp\/v2\/tags?post=175005"}],"curies":[{"name":"wp","href":"https:\/\/api.w.org\/{rel}","templated":true}]}}