{"id":175006,"date":"2024-11-24T21:20:14","date_gmt":"2024-11-25T00:20:14","guid":{"rendered":"https:\/\/corrientesdetarde.com\/?p=175006"},"modified":"2024-11-24T21:20:18","modified_gmt":"2024-11-25T00:20:18","slug":"mariana-nannis-acuso-a-su-hijo-de-destrozarle-el-departamento","status":"publish","type":"post","link":"https:\/\/corrientesdetarde.com\/index.php\/espectaculos\/mariana-nannis-acuso-a-su-hijo-de-destrozarle-el-departamento\/","title":{"rendered":"Mariana Nannis acus\u00f3 a su hijo de destrozarle el departamento."},"content":{"rendered":"\n<h2 class=\"wp-block-heading\">La medi\u00e1tica asegura que la propiedad qued\u00f3 en muy mal estado despu\u00e9s de que la ocupara su hijo junto a Melody Luz.<\/h2>\n\n\n\n<p>Este fin de semana se profundiz\u00f3 un conflicto entre una de las familias m\u00e1s famosas de la Argentina. Seg\u00fan lo que trascendi\u00f3,\u00a0<strong>Mariana Nannis<\/strong>\u00a0<strong>acusa a su hijo\u00a0Alex Caniggia\u00a0de haber destrozado el departamento que ella utilizaba cada vez que se instalaba en el pa\u00eds.<\/strong><\/p>\n\n\n\n<p>La medi\u00e1tica autoriz\u00f3 al programa\u00a0<em>El run run del espect\u00e1culo (Cr\u00f3nica HD)<\/em>\u00a0a poner al aire im\u00e1genes que servir\u00edan para mostrar en qu\u00e9 estado se encuentra la propiedad ubicada dentro del Hotel Faena, en Puerto Madero.<\/p>\n\n\n\n<p><strong>\u201cEst\u00e1 a nombre de Mariana, pero es un bien de familia. Ella se lo dio a Alex para que est\u00e9 y \u00e9l se lo devolvi\u00f3 literalmente destrozado\u201d<\/strong>, inform\u00f3 Lio Pecoraro esta tarde para darle un contexto del conflicto a los televidentes.<\/p>\n\n\n\n<figure class=\"wp-block-image size-large\"><img loading=\"lazy\" decoding=\"async\" width=\"1024\" height=\"574\" src=\"https:\/\/corrientesdetarde.com\/wp-content\/uploads\/2024\/11\/image-958-1024x574.png\" alt=\"\" class=\"wp-image-175013\" srcset=\"https:\/\/corrientesdetarde.com\/wp-content\/uploads\/2024\/11\/image-958-1024x574.png 1024w, https:\/\/corrientesdetarde.com\/wp-content\/uploads\/2024\/11\/image-958-300x168.png 300w, https:\/\/corrientesdetarde.com\/wp-content\/uploads\/2024\/11\/image-958-768x430.png 768w, https:\/\/corrientesdetarde.com\/wp-content\/uploads\/2024\/11\/image-958.png 1440w\" sizes=\"auto, (max-width: 1024px) 100vw, 1024px\" \/><\/figure>\n\n\n\n<figure class=\"wp-block-image size-large\"><img loading=\"lazy\" decoding=\"async\" width=\"1024\" height=\"574\" src=\"https:\/\/corrientesdetarde.com\/wp-content\/uploads\/2024\/11\/image-959-1024x574.png\" alt=\"\" class=\"wp-image-175014\" srcset=\"https:\/\/corrientesdetarde.com\/wp-content\/uploads\/2024\/11\/image-959-1024x574.png 1024w, https:\/\/corrientesdetarde.com\/wp-content\/uploads\/2024\/11\/image-959-300x168.png 300w, https:\/\/corrientesdetarde.com\/wp-content\/uploads\/2024\/11\/image-959-768x430.png 768w, https:\/\/corrientesdetarde.com\/wp-content\/uploads\/2024\/11\/image-959.png 1440w\" sizes=\"auto, (max-width: 1024px) 100vw, 1024px\" \/><\/figure>\n\n\n\n<p>En tanto, Fernando Piaggio sum\u00f3 detalles del estado en que se encontraba la propiedad:<strong>&nbsp;\u201cYa de entrada se nota que la puerta est\u00e1 toda rayada\u201d<\/strong>.<\/p>\n\n\n\n<p>Luego, autorizado por Mariana Nannis,&nbsp;<strong>el abogado Pablo G\u00f3mez de Olivera dio m\u00e1s precisiones sobre el caso y asegur\u00f3 que su defendida nunca desaloj\u00f3 a su hijo, sino que tuvo la necesidad de usar el departamento y le pidi\u00f3 que por favor lo dejara libre.<\/strong>&nbsp;Incluso, cont\u00f3 que \u00e9l accedi\u00f3 y hasta le dej\u00f3 un ramo de rosas con un cartelito de bienvenida.<\/p>\n\n\n\n<p>A mediados del a\u00f1o pasado, Cuando naci\u00f3\u00a0<strong>Venezia<\/strong>, la hija de Alex Caniggia y Melody Luz, se produjo un fuerte esc\u00e1ndalo con\u00a0<strong>Nannis<\/strong>. El medi\u00e1tico la acus\u00f3 de que lo oblig\u00f3 a desalojar el departamento de la disputa, ya que ella\u00a0necesitaba un lugar donde estar mientras resolv\u00eda un conflicto judicial.<\/p>\n\n\n\n<p>\u201cMe dijo que ven\u00eda por un tema del divorcio con mi viejo. Le dije que ten\u00eda a mi mujer embarazada.<strong>&nbsp;\u00bfMe hac\u00e9s irme con todas las cosas?&nbsp;<\/strong>Nos reputeamos. Me mud\u00e9, pero lo peor de todo es que cuando vino ni estuvo ah\u00ed\u201d, expres\u00f3 el medi\u00e1tico en aquel momento.<\/p>\n\n\n\n<p>Actualmente, no hay nadie ocupando el departamento y se supo que la familia Caniggia adeuda una cifra muy elevada de expensas.<\/p>\n","protected":false},"excerpt":{"rendered":"<p>La medi\u00e1tica asegura que la propiedad qued\u00f3 en muy mal estado despu\u00e9s de que la ocupara su hijo junto a Melody Luz. Este fin de semana se profundiz\u00f3 un conflicto&hellip; <\/p>\n","protected":false},"author":6,"featured_media":175015,"comment_status":"closed","ping_status":"open","sticky":false,"template":"","format":"standard","meta":{"footnotes":""},"categories":[19],"tags":[],"class_list":["post-175006","post","type-post","status-publish","format-standard","has-post-thumbnail","hentry","category-espectaculos"],"_links":{"self":[{"href":"https:\/\/corrientesdetarde.com\/index.php\/wp-json\/wp\/v2\/posts\/175006","targetHints":{"allow":["GET"]}}],"collection":[{"href":"https:\/\/corrientesdetarde.com\/index.php\/wp-json\/wp\/v2\/posts"}],"about":[{"href":"https:\/\/corrientesdetarde.com\/index.php\/wp-json\/wp\/v2\/types\/post"}],"author":[{"embeddable":true,"href":"https:\/\/corrientesdetarde.com\/index.php\/wp-json\/wp\/v2\/users\/6"}],"replies":[{"embeddable":true,"href":"https:\/\/corrientesdetarde.com\/index.php\/wp-json\/wp\/v2\/comments?post=175006"}],"version-history":[{"count":2,"href":"https:\/\/corrientesdetarde.com\/index.php\/wp-json\/wp\/v2\/posts\/175006\/revisions"}],"predecessor-version":[{"id":175017,"href":"https:\/\/corrientesdetarde.com\/index.php\/wp-json\/wp\/v2\/posts\/175006\/revisions\/175017"}],"wp:featuredmedia":[{"embeddable":true,"href":"https:\/\/corrientesdetarde.com\/index.php\/wp-json\/wp\/v2\/media\/175015"}],"wp:attachment":[{"href":"https:\/\/corrientesdetarde.com\/index.php\/wp-json\/wp\/v2\/media?parent=175006"}],"wp:term":[{"taxonomy":"category","embeddable":true,"href":"https:\/\/corrientesdetarde.com\/index.php\/wp-json\/wp\/v2\/categories?post=175006"},{"taxonomy":"post_tag","embeddable":true,"href":"https:\/\/corrientesdetarde.com\/index.php\/wp-json\/wp\/v2\/tags?post=175006"}],"curies":[{"name":"wp","href":"https:\/\/api.w.org\/{rel}","templated":true}]}}