{"id":175024,"date":"2024-11-24T23:33:08","date_gmt":"2024-11-25T02:33:08","guid":{"rendered":"https:\/\/corrientesdetarde.com\/?p=175024"},"modified":"2024-11-25T10:47:02","modified_gmt":"2024-11-25T13:47:02","slug":"elecciones-en-uruguay-yamandu-orsi-sera-el-nuevo-presidente","status":"publish","type":"post","link":"https:\/\/corrientesdetarde.com\/index.php\/internacionales\/elecciones-en-uruguay-yamandu-orsi-sera-el-nuevo-presidente\/","title":{"rendered":"Elecciones en Uruguay: Yamand\u00fa Orsi ser\u00e1 el nuevo presidente."},"content":{"rendered":"\n<h2 class=\"wp-block-heading\">El delf\u00edn de \u201cPepe\u201d Mujica se impuso ante el candidato oficialista, \u00c1lvaro Delgado. El nuevo mandatario asumir\u00e1 el poder el 1\u00b0 de marzo de 2025. Lacalle Pou ya se comunic\u00f3 para iniciar el proceso de transici\u00f3n.<\/h2>\n\n\n\n<p>Con m\u00e1s del<strong>\u00a099% de los votos escrutados,\u00a0Yamand\u00fa Orsi, el heredero de Jos\u00e9 \u201cPepe\u201d Mujica, se impuso por cuatro puntos<\/strong>\u00a0y se convirti\u00f3 en\u00a0<strong>presidente electo de Uruguay<\/strong>. Con este triunfo, la izquierda retomar\u00e1 el poder luego de la derrota de 2019.<\/p>\n\n\n\n<p>El presidente\u00a0<strong>Luis Lacalle Pou se comunic\u00f3 con el ganador, lo felicit\u00f3 y dijo que comenzar\u00e1n el proceso de transici\u00f3n.\u00a0<\/strong>\u201c<strong>Llam\u00e9 a @OrsiYamandu para felicitarlo como Presidente electo\u00a0<\/strong>de nuestro pa\u00eds y para ponerme a las \u00f3rdenes y<strong>\u00a0empezar la transici\u00f3n,\u00a0<\/strong>apenas lo entienda pertinente\u201d, escribi\u00f3 en su cuenta de la red social\u00a0<em>X<\/em>.<\/p>\n\n\n\n<p>El candidato de izquierda le saca\u00a0<strong>92.852 votos de<\/strong>\u00a0<strong>ventaja (cuatro puntos)<\/strong>\u00a0al alfil de Lacalle Pou. Orsi, del Frente Amplio, hab\u00eda obtenido el 43,9% en octubre, mientras que el oficialista \u00c1lvaro Delgado, del Partido Nacional, hab\u00eda sumado el 26,8% en la primera vuelta, pero para el balotaje cont\u00f3 con el respaldo del Partido Colorado, Cabildo Abierto, el Partido Independiente y los verdes del Partido Constitucional Ambientalista.<\/p>\n\n\n\n<p>Poco antes de las 22,&nbsp;<strong>Delgado reconoci\u00f3 la derrota<\/strong>. \u201cUn fuerte abrazo y un saludo a Yamand\u00fa Orsi\u201d, dijo en el b\u00fanker del Partido Nacional, en donde esperaba los resultados.<\/p>\n\n\n\n<p>\u201cLa Rep\u00fablica Argentina felicita al pueblo uruguayo por su ejemplar jornada c\u00edvica y saluda al presidente electo Yamand\u00fa Orsi por su victoria. Ratificamos nuestro&nbsp;<strong>compromiso de trabajar junto a Uruguay para fortalecer la agenda compartida y el bienestar de ambos pa\u00edses<\/strong>\u201d, fue el posteo que hizo la Canciller\u00eda argentina para saludar al presidente electo. Poco antes de las 23,&nbsp;<strong>el presidente Javier Milei reposte\u00f3 el mensaje.<\/strong><\/p>\n\n\n\n<figure class=\"wp-block-image size-large\"><img loading=\"lazy\" decoding=\"async\" width=\"1024\" height=\"516\" src=\"https:\/\/corrientesdetarde.com\/wp-content\/uploads\/2024\/11\/image-960-1024x516.png\" alt=\"\" class=\"wp-image-175026\" srcset=\"https:\/\/corrientesdetarde.com\/wp-content\/uploads\/2024\/11\/image-960-1024x516.png 1024w, https:\/\/corrientesdetarde.com\/wp-content\/uploads\/2024\/11\/image-960-300x151.png 300w, https:\/\/corrientesdetarde.com\/wp-content\/uploads\/2024\/11\/image-960-768x387.png 768w, https:\/\/corrientesdetarde.com\/wp-content\/uploads\/2024\/11\/image-960.png 1440w\" sizes=\"auto, (max-width: 1024px) 100vw, 1024px\" \/><\/figure>\n\n\n\n<p>Por su parte, el presidente de Brasil,&nbsp;<strong>Luiz In\u00e1cio Lula Da Silva<\/strong>, celebr\u00f3 el triunfo de la izquierda en Uruguay y marc\u00f3 una agenda en com\u00fan. \u201cQuiero felicitar al pueblo uruguayo por celebrar elecciones democr\u00e1ticas y pac\u00edficas y, en particular, al presidente electo @OrsiYamandu, al Frente Amplio y a mi amigo Pepe Mujica por su victoria en las elecciones de hoy. Esta es una victoria para toda Am\u00e9rica Latina y el Caribe.&nbsp;<strong>Brasil y Uruguay seguir\u00e1n trabajando juntos en el Mercosur y en otros foros por el desarrollo justo y sostenible, la paz y la integraci\u00f3n regional<\/strong>\u201d.<\/p>\n\n\n\n<h2 class=\"wp-block-heading\">Cristina Kirchner, la UCR y Axel Kicillof felicitaron a Orsi<\/h2>\n\n\n\n<p>Antes de conocerse las cifras oficiales, la expresidenta argentina,\u00a0<strong>Cristina Kirchner felicit\u00f3 a Orsi por el triunfo<\/strong>. \u201cLa hermana Rep\u00fablica Oriental del Uruguay tiene nuevo presidente:\u00a0Yamand\u00fa Orsi.\u00a0Enorme alegr\u00eda y todas las felicitaciones al flamante presidente, a su compa\u00f1era de f\u00f3rmula Carolina Cosse y por supuesto al Frente Amplio,<strong>\u00a0la fuerza pol\u00edtica que vuelve al Gobierno<\/strong>\u201d, escribi\u00f3 en\u00a0<em>X<\/em>.<\/p>\n\n\n\n<p>Tambi\u00e9n envi\u00f3 \u201cun fuerte abrazo a Pepe Mujica y a Luc\u00eda, no solo ejemplos de militancia nacional, popular y democr\u00e1tica sino tambi\u00e9n de perseverancia y resiliencia\u201d. \u201cFuerza Pepe,<strong>&nbsp;estamos muy felices<\/strong>, te merec\u00edas este triunfo\u201d, expres\u00f3.<\/p>\n\n\n\n<p>Tambi\u00e9n la<strong>&nbsp;Uni\u00f3n C\u00edvica Radical<\/strong>&nbsp;difundi\u00f3 un comunicado felicitando al nuevo presidente de Uruguay. \u201cEnviamos un abrazo fraterno al pueblo uruguayo por la jornada ejemplar que han tenido en el d\u00eda de hoy y&nbsp;<strong>confiamos en que nuestros pa\u00edses contin\u00faen trabajando en forma mancomunada&nbsp;<\/strong>para lograr el bienestar de nuestros pueblos\u201d, afirm\u00f3.<\/p>\n\n\n\n<p>\u201c\u00a1Felicitaciones a @OrsiYamandu y a @CosseCarolina por el triunfo electoral! El pueblo se expres\u00f3 en las urnas y el @Frente_Amplio vuelve a gobernar Uruguay, una&nbsp;<strong>feliz noticia para la Patria Grande<\/strong>. Desde la provincia de Buenos Aires<strong>, continuaremos profundizando los lazos hist\u00f3ricos<\/strong>&nbsp;que unen a nuestros pueblos\u201d, escribi\u00f3 el gobernador bonaerense,<strong>&nbsp;Axel Kicillof.<\/strong><\/p>\n\n\n\n<p>Tambi\u00e9n el jefe de Gobierno porte\u00f1o,&nbsp;<strong>Jorge Macri<\/strong>, felicit\u00f3 al nuevo mandatario uruguayo. \u201cQuiero<strong>&nbsp;desearte \u00e9xito en esta nueva etapa<\/strong>&nbsp;y tambi\u00e9n aprovechar para mandarle un saludo especial a la comunidad uruguaya de la Ciudad. Su presencia es fundamental para el fortalecimiento de los lazos entre Buenos Aires y el pa\u00eds hermano\u201d, afirm\u00f3.<\/p>\n","protected":false},"excerpt":{"rendered":"<p>El delf\u00edn de \u201cPepe\u201d Mujica se impuso ante el candidato oficialista, \u00c1lvaro Delgado. El nuevo mandatario asumir\u00e1 el poder el 1\u00b0 de marzo de 2025. Lacalle Pou ya se comunic\u00f3&hellip; <\/p>\n","protected":false},"author":6,"featured_media":175027,"comment_status":"closed","ping_status":"open","sticky":false,"template":"","format":"standard","meta":{"footnotes":""},"categories":[23,11],"tags":[],"class_list":["post-175024","post","type-post","status-publish","format-standard","has-post-thumbnail","hentry","category-actualidad","category-internacionales"],"_links":{"self":[{"href":"https:\/\/corrientesdetarde.com\/index.php\/wp-json\/wp\/v2\/posts\/175024","targetHints":{"allow":["GET"]}}],"collection":[{"href":"https:\/\/corrientesdetarde.com\/index.php\/wp-json\/wp\/v2\/posts"}],"about":[{"href":"https:\/\/corrientesdetarde.com\/index.php\/wp-json\/wp\/v2\/types\/post"}],"author":[{"embeddable":true,"href":"https:\/\/corrientesdetarde.com\/index.php\/wp-json\/wp\/v2\/users\/6"}],"replies":[{"embeddable":true,"href":"https:\/\/corrientesdetarde.com\/index.php\/wp-json\/wp\/v2\/comments?post=175024"}],"version-history":[{"count":1,"href":"https:\/\/corrientesdetarde.com\/index.php\/wp-json\/wp\/v2\/posts\/175024\/revisions"}],"predecessor-version":[{"id":175028,"href":"https:\/\/corrientesdetarde.com\/index.php\/wp-json\/wp\/v2\/posts\/175024\/revisions\/175028"}],"wp:featuredmedia":[{"embeddable":true,"href":"https:\/\/corrientesdetarde.com\/index.php\/wp-json\/wp\/v2\/media\/175027"}],"wp:attachment":[{"href":"https:\/\/corrientesdetarde.com\/index.php\/wp-json\/wp\/v2\/media?parent=175024"}],"wp:term":[{"taxonomy":"category","embeddable":true,"href":"https:\/\/corrientesdetarde.com\/index.php\/wp-json\/wp\/v2\/categories?post=175024"},{"taxonomy":"post_tag","embeddable":true,"href":"https:\/\/corrientesdetarde.com\/index.php\/wp-json\/wp\/v2\/tags?post=175024"}],"curies":[{"name":"wp","href":"https:\/\/api.w.org\/{rel}","templated":true}]}}