{"id":175032,"date":"2024-11-24T23:42:22","date_gmt":"2024-11-25T02:42:22","guid":{"rendered":"https:\/\/corrientesdetarde.com\/?p=175032"},"modified":"2024-11-24T23:42:27","modified_gmt":"2024-11-25T02:42:27","slug":"el-tesorero-de-la-afa-cruzo-a-mauricio-macri-por-su-saludo-a-racing","status":"publish","type":"post","link":"https:\/\/corrientesdetarde.com\/index.php\/deportes\/el-tesorero-de-la-afa-cruzo-a-mauricio-macri-por-su-saludo-a-racing\/","title":{"rendered":"El tesorero de la AFA cruz\u00f3 a Mauricio Macri por su saludo a Racing."},"content":{"rendered":"\n<h2 class=\"wp-block-heading\">Pablo Toviggino apunt\u00f3 contra el ex presidente, quien hab\u00eda afirmado que la Academia es su segundo equipo y se alegr\u00f3 por la obtenci\u00f3n de la Copa Sudamericana.<\/h2>\n\n\n\n<p>El tesorero de la AFA,\u00a0<strong>Pablo Toviggino<\/strong>, sali\u00f3 al cruce de\u00a0<strong>Mauricio Macri<\/strong>\u00a0y lo cuestion\u00f3 en duros t\u00e9rminos, a ra\u00edz del saludo que el ex presidente le dedico a\u00a0<strong>Racing Club<\/strong>, luego de su consagraci\u00f3n en la Copa Sudamericana. \u201cNada de lo que toc\u00e1s termina bien\u201d, le espet\u00f3 el dirigente.<\/p>\n\n\n\n<p>Macri, ex presidente de\u00a0<strong>Boca Juniors<\/strong>, hab\u00eda afirmado, luego del campeonato obtenido por el equipo de Gustavo Costas, que Racing era su segundo equipo. \u201c\u00a1Enorme alegr\u00eda! Felicitaciones a la Academia.\u00a0<strong>Siempre dije que Racing era mi segundo equipo<\/strong>. Mi reconocimiento por este logro a todos los jugadores y al cuerpo t\u00e9cnico\u201d, fue el mensaje que public\u00f3 Macri en su perfil de la red social X, minutos despu\u00e9s de la victoria por 3 a 1 del equipo argentino ante el Cruzeiro de Brasil.<\/p>\n\n\n\n<p>Toviggino, ante esa manifestaci\u00f3n, le respondi\u00f3 en duros t\u00e9rminos. \u201c\u00a1Qu\u00e9 falso e hip\u00f3crita sos! In\u00fatil.\u00a0<strong>Nada de lo que toc\u00e1s termina bien<\/strong>. Ojal\u00e1 el Gobierno advierta que el problema con AFA sos justamente vos\u201d, escribi\u00f3 quien es tesorero y dirigente de peso dentro de la\u00a0<strong>Asociaci\u00f3n del F\u00fatbol Argentino<\/strong>, en la gesti\u00f3n que encabeza como presidente\u00a0<strong>Claudio \u201cChiqui\u201d Tapia<\/strong>.<\/p>\n\n\n\n<p>Finalmente, Toviggino cerr\u00f3 su comentario subrayando: \u201cFelicitaciones a la&nbsp;<strong>Asociaci\u00f3n Civil Racing Club<\/strong>\u201d. El cierre por parte del dirigente de la entidad madre del f\u00fatbol argentino aludi\u00f3, con iron\u00eda, a la disputa que mantiene Macri con la conducci\u00f3n actual. El referente del PRO y aliado de&nbsp;<strong>Javier Milei<\/strong>, impulsa la incursi\u00f3n en el f\u00fatbol argentino de las&nbsp;<strong>Sociedades An\u00f3nimas Deportivas (SAD)<\/strong>, que apunta a que capitales privados puedan ingresar como accionistas de los clubes, transform\u00e1ndolos en instituciones privadas en detrimento de los socios.<\/p>\n\n\n\n<p>La AFA rechaza esa posibilidad y mantiene una fuerte disputa con Macri, quien desde su paso por la presidencia de Boca Juniors, a principios del siglo XXI, promueve una transformaci\u00f3n de este tipo para los clubes. Durante su gesti\u00f3n presidencial, entre 2015 y 2019 tambi\u00e9n intent\u00f3 avanzar hacia ese objetivo sin \u00e9xito. Ahora, impulsa tal medida en calidad de aliado de la administraci\u00f3n de Milei, ante el rechazo de los clubes.<\/p>\n\n\n\n<p>Toviggino, en tanto, es un dirigente importante dentro de la gesti\u00f3n de Tapia, cuya reelecci\u00f3n fue revalidada recientemente.<\/p>\n\n\n\n<figure class=\"wp-block-image size-full\"><img loading=\"lazy\" decoding=\"async\" width=\"992\" height=\"558\" src=\"https:\/\/corrientesdetarde.com\/wp-content\/uploads\/2024\/11\/image-961.png\" alt=\"\" class=\"wp-image-175033\" srcset=\"https:\/\/corrientesdetarde.com\/wp-content\/uploads\/2024\/11\/image-961.png 992w, https:\/\/corrientesdetarde.com\/wp-content\/uploads\/2024\/11\/image-961-300x169.png 300w, https:\/\/corrientesdetarde.com\/wp-content\/uploads\/2024\/11\/image-961-768x432.png 768w\" sizes=\"auto, (max-width: 992px) 100vw, 992px\" \/><\/figure>\n\n\n\n<p>Racing Club se consagr\u00f3&nbsp;<strong>campe\u00f3n de la Copa Sudamericana 2024<\/strong>&nbsp;al vencer 3-1 a Cruzeiro en la final disputada en el estadio La Nueva Olla de Asunci\u00f3n. Los goles de Gast\u00f3n Martirena, Adri\u00e1n Mart\u00ednez y Roger Mart\u00ednez aseguraron el t\u00edtulo para la Academia, que no obten\u00eda un trofeo internacional desde hace 36 a\u00f1os.<\/p>\n\n\n\n<p>El equipo argentino consigui\u00f3 una victoria de caracter\u00edsticas emotivas, acompa\u00f1ado por una multitud que viaj\u00f3 hasta Paraguay. Cruzeiro descont\u00f3 con un gol de Kaio Jorge en la segunda mitad, pero un contragolpe final de Roger Mart\u00ednez sell\u00f3 la victoria. El \u00b4titulo fue hist\u00f3rico, ya que lleg\u00f3 luego de 36 a\u00f1os sin pergaminos en el plano internacional.<\/p>\n\n\n\n<p>La consagraci\u00f3n de Racing fue uno de los temas m\u00e1s comentados en la jornada del s\u00e1bado 23 de noviembre, y t\u00f3pico de conversaci\u00f3n en las redes sociales. Macri se sum\u00f3 a quienes felicitaron a la Academia de Avellaneda por su triunfo, generando la \u00e1cida respuesta de Toviggino.<\/p>\n\n\n\n<p>El proyecto de creaci\u00f3n de&nbsp;<strong>Sociedades An\u00f3nimas Deportivas (SAD)<\/strong>&nbsp;en el f\u00fatbol argentino busca permitir que los clubes profesionales puedan transformarse en entidades comerciales con accionistas privados. En boca de sus promotores, como Macri, la propuesta argumenta que es una respuesta a los problemas financieros que enfrentan muchas instituciones deportivas, con el objetivo de fomentar la inversi\u00f3n privada, modernizar la gesti\u00f3n administrativa y garantizar la sostenibilidad econ\u00f3mica de los clubes. Este modelo se basa en experiencias internacionales donde las SAD han sido implementadas, como en Espa\u00f1a y Alemania.<\/p>\n\n\n\n<p>Sus cr\u00edticos, como la conducci\u00f3n de la AFA, advierten que la privatizaci\u00f3n podr\u00eda generar un alejamiento de los clubes de sus comunidades, priorizando el lucro por sobre los valores deportivos y sociales.<\/p>\n","protected":false},"excerpt":{"rendered":"<p>Pablo Toviggino apunt\u00f3 contra el ex presidente, quien hab\u00eda afirmado que la Academia es su segundo equipo y se alegr\u00f3 por la obtenci\u00f3n de la Copa Sudamericana. El tesorero de&hellip; <\/p>\n","protected":false},"author":6,"featured_media":175034,"comment_status":"closed","ping_status":"open","sticky":false,"template":"","format":"standard","meta":{"footnotes":""},"categories":[4],"tags":[],"class_list":["post-175032","post","type-post","status-publish","format-standard","has-post-thumbnail","hentry","category-deportes"],"_links":{"self":[{"href":"https:\/\/corrientesdetarde.com\/index.php\/wp-json\/wp\/v2\/posts\/175032","targetHints":{"allow":["GET"]}}],"collection":[{"href":"https:\/\/corrientesdetarde.com\/index.php\/wp-json\/wp\/v2\/posts"}],"about":[{"href":"https:\/\/corrientesdetarde.com\/index.php\/wp-json\/wp\/v2\/types\/post"}],"author":[{"embeddable":true,"href":"https:\/\/corrientesdetarde.com\/index.php\/wp-json\/wp\/v2\/users\/6"}],"replies":[{"embeddable":true,"href":"https:\/\/corrientesdetarde.com\/index.php\/wp-json\/wp\/v2\/comments?post=175032"}],"version-history":[{"count":2,"href":"https:\/\/corrientesdetarde.com\/index.php\/wp-json\/wp\/v2\/posts\/175032\/revisions"}],"predecessor-version":[{"id":175039,"href":"https:\/\/corrientesdetarde.com\/index.php\/wp-json\/wp\/v2\/posts\/175032\/revisions\/175039"}],"wp:featuredmedia":[{"embeddable":true,"href":"https:\/\/corrientesdetarde.com\/index.php\/wp-json\/wp\/v2\/media\/175034"}],"wp:attachment":[{"href":"https:\/\/corrientesdetarde.com\/index.php\/wp-json\/wp\/v2\/media?parent=175032"}],"wp:term":[{"taxonomy":"category","embeddable":true,"href":"https:\/\/corrientesdetarde.com\/index.php\/wp-json\/wp\/v2\/categories?post=175032"},{"taxonomy":"post_tag","embeddable":true,"href":"https:\/\/corrientesdetarde.com\/index.php\/wp-json\/wp\/v2\/tags?post=175032"}],"curies":[{"name":"wp","href":"https:\/\/api.w.org\/{rel}","templated":true}]}}