{"id":175080,"date":"2024-11-25T09:19:18","date_gmt":"2024-11-25T12:19:18","guid":{"rendered":"https:\/\/corrientesdetarde.com\/?p=175080"},"modified":"2024-11-25T09:19:19","modified_gmt":"2024-11-25T12:19:19","slug":"pampita-explico-por-que-la-separacion-de-moritan-fue-distinta-a-la-de-benjamin-vicuna","status":"publish","type":"post","link":"https:\/\/corrientesdetarde.com\/index.php\/espectaculos\/pampita-explico-por-que-la-separacion-de-moritan-fue-distinta-a-la-de-benjamin-vicuna\/","title":{"rendered":"Pampita explic\u00f3 por qu\u00e9 la separaci\u00f3n de Morit\u00e1n fue distinta a la de Benjam\u00edn Vicu\u00f1a"},"content":{"rendered":"\n<p>Pampita explic\u00f3 en una nota con LAM por qu\u00e9 la separaci\u00f3n de Roberto Garc\u00eda Morit\u00e1n fue distinta a la de Benjam\u00edn Vicu\u00f1a, Pico M\u00f3naco y otras exparejas y c\u00f3mo se manejar\u00e1n.<\/p>\n\n\n\n<p>\u201cFue distinta esta separaci\u00f3n a otras\u201d, le coment\u00f3 \u00c1ngel de Brito y la modelo expres\u00f3: \u201cPorque estoy m\u00e1s grande y m\u00e1s madura tambi\u00e9n, es distinto todo, uno madura y reacciona distinto\u201d.<\/p>\n\n\n\n<p>\u201cO por lo menos se contiene de reaccionar de ciertas maneras que antes con juventud y con esa madurez haces lo que podes con tus herramientas\u201d, agreg\u00f3 la empresaria sobre su pasado y presente.<\/p>\n\n\n\n<p>Al final, Carolina dej\u00f3 en claro c\u00f3mo quedaron las cosas con Morit\u00e1n: \u201cHoy puedo saber c\u00f3mo vamos a ser el resto de nuestras vidas como familia, ya s\u00e9 c\u00f3mo es un ex en tu vida para siempre\u201d.<\/p>\n\n\n\n<p>QU\u00c9 DIJO PAMPITA CUANDO LE PREGUNTARON SI SE ARREPIENTE DE HABER PUBLICADO SUS CHATS<\/p>\n\n\n\n<p>\u00c1ngel de Brito le pregunt\u00f3 a Pampita si se arrepiente de haber publicado sus chats con Roberto Garc\u00eda Morit\u00e1n el 20 de septiembre, cuando se separ\u00f3 definitivamente del pol\u00edtico y su respuesta fue contundente.<\/p>\n\n\n\n<p>\u201c\u00bfTe arrepentis de haber publicado los chats ese d\u00eda en Instagram?\u201d, indag\u00f3 el periodista y ella contest\u00f3: \u201cNo, porque yo no me hab\u00eda separado antes de esa fecha y lo quer\u00eda dejar bien en claro\u201d.<\/p>\n\n\n\n<p>\u201cAntes no me imagin\u00e9 jam\u00e1s que iba a pasar, as\u00ed que no me arrepiento. Si publico algo es porque estoy muy segura, mil veces dicen cosas que no son ciertas y no salgo aclarar\u201d, remarc\u00f3 Carolina.<\/p>\n","protected":false},"excerpt":{"rendered":"<p>Pampita explic\u00f3 en una nota con LAM por qu\u00e9 la separaci\u00f3n de Roberto Garc\u00eda Morit\u00e1n fue distinta a la de Benjam\u00edn Vicu\u00f1a, Pico M\u00f3naco y otras exparejas y c\u00f3mo se&hellip; <\/p>\n","protected":false},"author":1,"featured_media":123091,"comment_status":"closed","ping_status":"open","sticky":false,"template":"","format":"standard","meta":{"footnotes":""},"categories":[19],"tags":[],"class_list":["post-175080","post","type-post","status-publish","format-standard","has-post-thumbnail","hentry","category-espectaculos"],"_links":{"self":[{"href":"https:\/\/corrientesdetarde.com\/index.php\/wp-json\/wp\/v2\/posts\/175080","targetHints":{"allow":["GET"]}}],"collection":[{"href":"https:\/\/corrientesdetarde.com\/index.php\/wp-json\/wp\/v2\/posts"}],"about":[{"href":"https:\/\/corrientesdetarde.com\/index.php\/wp-json\/wp\/v2\/types\/post"}],"author":[{"embeddable":true,"href":"https:\/\/corrientesdetarde.com\/index.php\/wp-json\/wp\/v2\/users\/1"}],"replies":[{"embeddable":true,"href":"https:\/\/corrientesdetarde.com\/index.php\/wp-json\/wp\/v2\/comments?post=175080"}],"version-history":[{"count":1,"href":"https:\/\/corrientesdetarde.com\/index.php\/wp-json\/wp\/v2\/posts\/175080\/revisions"}],"predecessor-version":[{"id":175084,"href":"https:\/\/corrientesdetarde.com\/index.php\/wp-json\/wp\/v2\/posts\/175080\/revisions\/175084"}],"wp:featuredmedia":[{"embeddable":true,"href":"https:\/\/corrientesdetarde.com\/index.php\/wp-json\/wp\/v2\/media\/123091"}],"wp:attachment":[{"href":"https:\/\/corrientesdetarde.com\/index.php\/wp-json\/wp\/v2\/media?parent=175080"}],"wp:term":[{"taxonomy":"category","embeddable":true,"href":"https:\/\/corrientesdetarde.com\/index.php\/wp-json\/wp\/v2\/categories?post=175080"},{"taxonomy":"post_tag","embeddable":true,"href":"https:\/\/corrientesdetarde.com\/index.php\/wp-json\/wp\/v2\/tags?post=175080"}],"curies":[{"name":"wp","href":"https:\/\/api.w.org\/{rel}","templated":true}]}}