{"id":175086,"date":"2024-11-25T09:39:04","date_gmt":"2024-11-25T12:39:04","guid":{"rendered":"https:\/\/corrientesdetarde.com\/?p=175086"},"modified":"2024-11-25T09:39:10","modified_gmt":"2024-11-25T12:39:10","slug":"dajla-acogera-el-18o-congreso-mundial-de-las-bahias-mas-bellas-del-mundo","status":"publish","type":"post","link":"https:\/\/corrientesdetarde.com\/index.php\/cultura\/dajla-acogera-el-18o-congreso-mundial-de-las-bahias-mas-bellas-del-mundo\/","title":{"rendered":"DAJLA ACOGER\u00c1 EL 18\u00ba CONGRESO MUNDIAL DE LAS BAH\u00cdAS M\u00c1S BELLAS DEL MUNDO"},"content":{"rendered":"\n<p>La ciudad costera marroqu\u00ed alberga el evento que, por primera vez, contar\u00e1 con el Alto Patrocinio del Rey Mohamed VI.<\/p>\n\n\n\n<p>La ciudad de Dajla ser\u00e1 la sede del 18\u00ba Congreso de la Asociaci\u00f3n de las Bah\u00edas M\u00e1s Bellas del Mundo, que se celebrar\u00e1 entre los pr\u00f3ximos d\u00edas 27 de noviembre y 1 de diciembre de 2024. Una edici\u00f3n que va a ser a\u00fan m\u00e1s excepcional, ya que por primera vez se celebra bajo el Alto Patrocinio del Rey Mohamed VI.<\/p>\n\n\n\n<p>El evento, organizado por el Consejo Regional de Dajla Oued-Eddahab, con el apoyo de las autoridades locales, servir\u00e1 como plataforma para el di\u00e1logo, el debate y el intercambio de experiencias sobre diversos temas relacionados con la preservaci\u00f3n y valoraci\u00f3n de las bah\u00edas, as\u00ed como el desarrollo sostenible.<\/p>\n\n\n\n<p>\u201cEste evento de \u00e1mbito internacional tendr\u00e1 una dimensi\u00f3n africana, reflejando la visi\u00f3n de Marruecos, bajo el liderazgo de Su Majestad el Rey Mohamed VI, de convertir a Dajla en un punto de encuentro para el desarrollo tanto de \u00c1frica como de la regi\u00f3n atl\u00e1ntica\u201d, a\u00f1adi\u00f3 El Khattat.<\/p>\n\n\n\n<p>Por su parte, Louis Th\u00e9bault, presidente de la Asociaci\u00f3n de las Bah\u00edas M\u00e1s Bellas del Mundo, destac\u00f3 que \u201cel Alto Patrocinio Real nos obliga. Nos esforzaremos por ser dignos de \u00e9l y, sin duda, nos ayudar\u00e1 a promover con m\u00e1s fuerza la causa de la protecci\u00f3n del litoral y la mejora de las bah\u00edas a escala internacional\u201d.<\/p>\n\n\n\n<p>Th\u00e9bault, quien representa dentro de esta organizaci\u00f3n a la Bah\u00eda del Mont Saint-Michel, en Francia, subray\u00f3 que \u201ces un honor y un gran orgullo para Las Bah\u00edas M\u00e1s Bellas del Mundo recibir este reconocimiento de Su Majestad el Rey\u201d.<\/p>\n\n\n\n<p>Marruecos, anfitri\u00f3n por segunda vez<br>Se trata de la segunda vez que Marruecos acoge este evento internacional: en 2004, la reuni\u00f3n tuvo lugar en la ciudad de Agadir.<\/p>\n\n\n\n<p>Para el evento de este a\u00f1o en Dajla se espera la asistencia de representantes de las 44 bah\u00edas miembros de la asociaci\u00f3n, procedentes de distintos continentes. Tambi\u00e9n estar\u00e1n representadas otras bah\u00edas que han solicitado su adhesi\u00f3n a esta red internacional.<\/p>\n\n\n\n<p>El Congreso reunir\u00e1 a representantes de las autoridades locales, cargos electos, gestores de los sectores p\u00fablico y privado, acad\u00e9micos, as\u00ed como a miembros de la sociedad civil y de los medios de comunicaci\u00f3n.<\/p>\n\n\n\n<p>Hay que recordar que Marruecos cuenta con tres bah\u00edas entre los miembros de esta organizaci\u00f3n internacional: las de Agadir, Alhucemas y Dajla. Esta \u00faltima fue admitida en la Asociaci\u00f3n de las Bah\u00edas M\u00e1s Bellas del Mundo en 2019, durante la reuni\u00f3n celebrada en Toyama (Jap\u00f3n). Posteriormente, en 2022, durante el Congreso celebrado en Camboya, Dajla fue elegida por unanimidad como la sede de la 18\u00aa edici\u00f3n.<\/p>\n\n\n\n<p>El programa del congreso incluye las deliberaciones de la Asamblea General de la Asociaci\u00f3n; talleres y debates sobre energ\u00edas renovables y asociaciones Sur-Sur y Norte-Sur; un foro sobre las bah\u00edas africanas; un foro juvenil; la ceremonia de entrega de premios del concurso de v\u00eddeos; as\u00ed como una campa\u00f1a de limpieza de playas y una serie de visitas sobre el terreno en Dajla.<\/p>\n\n\n\n<p>Los participantes tendr\u00e1n la oportunidad de descubrir las ventajas naturales y econ\u00f3micas, as\u00ed como los encantos de esta ciudad marroqu\u00ed, capital mundial de los deportes n\u00e1uticos, famosa por sus playas de arena blanca, sus dunas y su laguna.<\/p>\n","protected":false},"excerpt":{"rendered":"<p>La ciudad costera marroqu\u00ed alberga el evento que, por primera vez, contar\u00e1 con el Alto Patrocinio del Rey Mohamed VI. La ciudad de Dajla ser\u00e1 la sede del 18\u00ba Congreso&hellip; <\/p>\n","protected":false},"author":11,"featured_media":175087,"comment_status":"closed","ping_status":"open","sticky":false,"template":"","format":"standard","meta":{"footnotes":""},"categories":[15],"tags":[],"class_list":["post-175086","post","type-post","status-publish","format-standard","has-post-thumbnail","hentry","category-cultura"],"_links":{"self":[{"href":"https:\/\/corrientesdetarde.com\/index.php\/wp-json\/wp\/v2\/posts\/175086","targetHints":{"allow":["GET"]}}],"collection":[{"href":"https:\/\/corrientesdetarde.com\/index.php\/wp-json\/wp\/v2\/posts"}],"about":[{"href":"https:\/\/corrientesdetarde.com\/index.php\/wp-json\/wp\/v2\/types\/post"}],"author":[{"embeddable":true,"href":"https:\/\/corrientesdetarde.com\/index.php\/wp-json\/wp\/v2\/users\/11"}],"replies":[{"embeddable":true,"href":"https:\/\/corrientesdetarde.com\/index.php\/wp-json\/wp\/v2\/comments?post=175086"}],"version-history":[{"count":1,"href":"https:\/\/corrientesdetarde.com\/index.php\/wp-json\/wp\/v2\/posts\/175086\/revisions"}],"predecessor-version":[{"id":175088,"href":"https:\/\/corrientesdetarde.com\/index.php\/wp-json\/wp\/v2\/posts\/175086\/revisions\/175088"}],"wp:featuredmedia":[{"embeddable":true,"href":"https:\/\/corrientesdetarde.com\/index.php\/wp-json\/wp\/v2\/media\/175087"}],"wp:attachment":[{"href":"https:\/\/corrientesdetarde.com\/index.php\/wp-json\/wp\/v2\/media?parent=175086"}],"wp:term":[{"taxonomy":"category","embeddable":true,"href":"https:\/\/corrientesdetarde.com\/index.php\/wp-json\/wp\/v2\/categories?post=175086"},{"taxonomy":"post_tag","embeddable":true,"href":"https:\/\/corrientesdetarde.com\/index.php\/wp-json\/wp\/v2\/tags?post=175086"}],"curies":[{"name":"wp","href":"https:\/\/api.w.org\/{rel}","templated":true}]}}