{"id":175091,"date":"2024-11-25T10:27:18","date_gmt":"2024-11-25T13:27:18","guid":{"rendered":"https:\/\/corrientesdetarde.com\/?p=175091"},"modified":"2024-11-25T10:27:30","modified_gmt":"2024-11-25T13:27:30","slug":"detuvieron-en-misiones-a-uno-de-los-profugos-que-participo-del-secuestro-de-cristian-schaerer","status":"publish","type":"post","link":"https:\/\/corrientesdetarde.com\/index.php\/policiales\/detuvieron-en-misiones-a-uno-de-los-profugos-que-participo-del-secuestro-de-cristian-schaerer\/","title":{"rendered":"Detuvieron en Misiones a uno de los pr\u00f3fugos que particip\u00f3 del secuestro de Cristian Schaerer"},"content":{"rendered":"\n<p><strong>N\u00e9stor Horacio Barczuk<\/strong>, uno de los pr\u00f3fugos acusados de participar del\u00a0secuestro de Cristian Schaerer en 2003, fue detenido en las \u00faltimas horas en\u00a0<strong>Misiones<\/strong>\u00a0luego de que Interpol realizara un pedido de captura internacional.<\/p>\n\n\n\n<p>Este viernes la Polic\u00eda provincial confirm\u00f3 que en Posadas fue detenido Barczuk tras una exhaustiva investigaci\u00f3n de la Direcci\u00f3n de Homicidios:&nbsp;<em><strong>\u201cUna de las personas&nbsp;m\u00e1s buscadas internacionalmente&nbsp;est\u00e1 detenida en una celda de Misiones. Este resultado es fruto de un extenso trabajo de inteligencia\u201d.<\/strong><\/em><\/p>\n\n\n\n<p>En 2007 el hombre de 61 a\u00f1os fue&nbsp;<strong>condenado a 25 a\u00f1os de prisi\u00f3n por el secuestro extorsivo del joven correntino<\/strong>, aun as\u00ed, en marzo de este a\u00f1o fue&nbsp;<strong>extraditado a Paraguay<\/strong>&nbsp;donde est\u00e1 acusado de cometer otros delitos de la misma \u00edndole.<\/p>\n\n\n\n<p>Sin embargo, a los pocos meses, fue&nbsp;<strong>liberado<\/strong>&nbsp;por&nbsp;<strong>falta de avances en su proceso<\/strong>&nbsp;y de este modo la Justicia argentina orden\u00f3 su&nbsp;<strong>captura nacional e internacional.<\/strong><\/p>\n\n\n\n<p>A m\u00e1s de un mes de su fuga<strong>, la Polic\u00eda de Misiones logr\u00f3 su captura en Posadas tras un allanamiento en la avenida Lavalle.<\/strong><\/p>\n\n\n\n<h4 class=\"wp-block-heading\">Otro involucrado pr\u00f3fugo<\/h4>\n\n\n\n<p><strong>El Ministerio de Seguridad de la Naci\u00f3n ofrece una recompensa millonaria para capturar\u00a0a &#8220;El Ruso&#8221; Lohrmann<\/strong>, quien se fug\u00f3 de una c\u00e1rcel en Portugal a principios de septiembre. El hombre est\u00e1 acusado de ser el principal sospechoso del secuestro de\u00a0<strong>Schaerer<\/strong>.<\/p>\n\n\n\n<p>Lohrmann se dio a la fuga el pasado 7 de septiembre del&nbsp;<strong>Establecimiento Penitenciario de Monsanto, c\u00e1rcel \u201cVale de Judeus\u201d en Portugal<\/strong>, donde cumpl\u00eda una condena de 18 a\u00f1os y 10 meses por el robo a un cami\u00f3n de caudales en la ciudad de Aveiro.<\/p>\n\n\n\n<p><em>\u201cOfr\u00e9cese como recompensa, dentro del territorio de la Rep\u00fablica Argentina, la suma de&nbsp;<strong>$5 millones&nbsp;<\/strong>destinada a aquellas personas que, sin haber intervenido en los hechos delictuales, brinden datos \u00fatiles que permitan lograr la captura de Jos\u00e9 Rodolfo Lohrmann Krenz\u201d<\/em>, indica la&nbsp;<strong>Resoluci\u00f3n 1096\/2024.<\/strong><\/p>\n","protected":false},"excerpt":{"rendered":"<p>N\u00e9stor Horacio Barczuk, uno de los pr\u00f3fugos acusados de participar del\u00a0secuestro de Cristian Schaerer en 2003, fue detenido en las \u00faltimas horas en\u00a0Misiones\u00a0luego de que Interpol realizara un pedido de&hellip; <\/p>\n","protected":false},"author":1,"featured_media":175106,"comment_status":"closed","ping_status":"open","sticky":false,"template":"","format":"standard","meta":{"footnotes":""},"categories":[33],"tags":[],"class_list":["post-175091","post","type-post","status-publish","format-standard","has-post-thumbnail","hentry","category-policiales"],"_links":{"self":[{"href":"https:\/\/corrientesdetarde.com\/index.php\/wp-json\/wp\/v2\/posts\/175091","targetHints":{"allow":["GET"]}}],"collection":[{"href":"https:\/\/corrientesdetarde.com\/index.php\/wp-json\/wp\/v2\/posts"}],"about":[{"href":"https:\/\/corrientesdetarde.com\/index.php\/wp-json\/wp\/v2\/types\/post"}],"author":[{"embeddable":true,"href":"https:\/\/corrientesdetarde.com\/index.php\/wp-json\/wp\/v2\/users\/1"}],"replies":[{"embeddable":true,"href":"https:\/\/corrientesdetarde.com\/index.php\/wp-json\/wp\/v2\/comments?post=175091"}],"version-history":[{"count":1,"href":"https:\/\/corrientesdetarde.com\/index.php\/wp-json\/wp\/v2\/posts\/175091\/revisions"}],"predecessor-version":[{"id":175107,"href":"https:\/\/corrientesdetarde.com\/index.php\/wp-json\/wp\/v2\/posts\/175091\/revisions\/175107"}],"wp:featuredmedia":[{"embeddable":true,"href":"https:\/\/corrientesdetarde.com\/index.php\/wp-json\/wp\/v2\/media\/175106"}],"wp:attachment":[{"href":"https:\/\/corrientesdetarde.com\/index.php\/wp-json\/wp\/v2\/media?parent=175091"}],"wp:term":[{"taxonomy":"category","embeddable":true,"href":"https:\/\/corrientesdetarde.com\/index.php\/wp-json\/wp\/v2\/categories?post=175091"},{"taxonomy":"post_tag","embeddable":true,"href":"https:\/\/corrientesdetarde.com\/index.php\/wp-json\/wp\/v2\/tags?post=175091"}],"curies":[{"name":"wp","href":"https:\/\/api.w.org\/{rel}","templated":true}]}}