{"id":175092,"date":"2024-11-25T09:58:16","date_gmt":"2024-11-25T12:58:16","guid":{"rendered":"https:\/\/corrientesdetarde.com\/?p=175092"},"modified":"2024-11-25T09:58:21","modified_gmt":"2024-11-25T12:58:21","slug":"encontro-a-un-delincuente-en-su-gallinero-le-dio-una-golpiza-y-lo-dejo-en-coma","status":"publish","type":"post","link":"https:\/\/corrientesdetarde.com\/index.php\/policiales\/encontro-a-un-delincuente-en-su-gallinero-le-dio-una-golpiza-y-lo-dejo-en-coma\/","title":{"rendered":"Encontr\u00f3 a un delincuente en su gallinero, le dio una golpiza y lo dej\u00f3 en coma\u00a0"},"content":{"rendered":"\n<p>Un violento episodio estremeci\u00f3 a los vecinos de la localidad santiague\u00f1a de Se\u00f1ora Pujio, en el departamento de La Banda, cuando un joven de 29 a\u00f1os fue brutalmente golpeado por el due\u00f1o de la casa al que intent\u00f3 asaltar.<\/p>\n\n\n\n<p>El incidente se produjo este mi\u00e9rcoles por la tarde, cuando el ladr\u00f3n, identificado como Brian J. (29), fue sorprendido por un productor av\u00edcola, Ismael (25), mientras intentaba llevarse gallinas de un criadero que estaba ubicado en la propiedad.<\/p>\n\n\n\n<p>Alrededor de las 15:00 horas, el due\u00f1o de la casa dijo que se acerc\u00f3 a un galp\u00f3n donde cr\u00eda aves despu\u00e9s de escuchar ruidos extra\u00f1os. Al revisar el lugar, descubri\u00f3 a un ladr\u00f3n que intentaba escaparse con varios de sus animales y que hab\u00eda ingresado al gallinero luego de forzar la tela met\u00e1lica que ten\u00eda como protecci\u00f3n.<\/p>\n\n\n\n<p>Tras una breve persecuci\u00f3n, Ismael logr\u00f3 interceptar al joven de 29 a\u00f1os, lo que termin\u00f3 derivando en una intensa pelea. Efectivos de la Comisar\u00eda 56 llegaron al lugar despu\u00e9s de una alerta y encontraron a Brian J. en el piso con m\u00faltiples lesiones en la cabeza.<\/p>\n\n\n\n<p>Posteriormente, el asaltante fue trasladado a la comisar\u00eda y sometido a ex\u00e1menes m\u00e9dicos preliminares por orden de la fiscal de turno, Dra. Mar\u00eda Alejandra Holgado.<\/p>\n\n\n\n<p>Sin embargo, mientras la Polic\u00eda Cient\u00edfica realizaba las pericias correspondientes, Brian J. comenz\u00f3 a sentirse mal y se desmay\u00f3. Fue en ese momento que lo llevaron de urgencia al Centro Integral de Salud de La Banda, donde el Dr. Daniel Gim\u00e9nez confirm\u00f3 que presentaba fractura de cr\u00e1neo, neumoenc\u00e9falo y un hematoma subdural, adem\u00e1s de cortes en el cuero cabelludo que requirieron una intervenci\u00f3n.<\/p>\n\n\n\n<p>Ante la gravedad de su cuadro, fue derivado al Hospital Regional, donde permanece en coma inducido y bajo pron\u00f3stico reservado.<\/p>\n\n\n\n<p>De esta manera, la madre del chico golpeado present\u00f3 una denuncia en la Comisar\u00eda 56 acusando al productor av\u00edcola de haber agredido f\u00edsicamente a su hijo. Seg\u00fan su testimonio, recibi\u00f3 una foto del joven maniatado de pies y manos con una soga, lo que consider\u00f3 una prueba del maltrato que sufri\u00f3, inform\u00f3.<\/p>\n\n\n\n<p>En el caso, intervino la fiscal Cecilia Guido, quien ya orden\u00f3 las primeras medidas para determinar las circunstancias de lo sucedido y los posibles responsables.<\/p>\n\n\n\n<p>Mientras la investigaci\u00f3n avanza, se espera que Brian sea sometido a una cirug\u00eda para tratar las graves heridas que presenta. Por el momento, la Justicia busca esclarecer los detalles del enfrentamiento y establecer si las acciones del due\u00f1o de la casa se produjeron en leg\u00edtima defensa o no.<\/p>\n","protected":false},"excerpt":{"rendered":"<p>Un violento episodio estremeci\u00f3 a los vecinos de la localidad santiague\u00f1a de Se\u00f1ora Pujio, en el departamento de La Banda, cuando un joven de 29 a\u00f1os fue brutalmente golpeado por&hellip; <\/p>\n","protected":false},"author":1,"featured_media":175100,"comment_status":"closed","ping_status":"open","sticky":false,"template":"","format":"standard","meta":{"footnotes":""},"categories":[33],"tags":[],"class_list":["post-175092","post","type-post","status-publish","format-standard","has-post-thumbnail","hentry","category-policiales"],"_links":{"self":[{"href":"https:\/\/corrientesdetarde.com\/index.php\/wp-json\/wp\/v2\/posts\/175092","targetHints":{"allow":["GET"]}}],"collection":[{"href":"https:\/\/corrientesdetarde.com\/index.php\/wp-json\/wp\/v2\/posts"}],"about":[{"href":"https:\/\/corrientesdetarde.com\/index.php\/wp-json\/wp\/v2\/types\/post"}],"author":[{"embeddable":true,"href":"https:\/\/corrientesdetarde.com\/index.php\/wp-json\/wp\/v2\/users\/1"}],"replies":[{"embeddable":true,"href":"https:\/\/corrientesdetarde.com\/index.php\/wp-json\/wp\/v2\/comments?post=175092"}],"version-history":[{"count":1,"href":"https:\/\/corrientesdetarde.com\/index.php\/wp-json\/wp\/v2\/posts\/175092\/revisions"}],"predecessor-version":[{"id":175101,"href":"https:\/\/corrientesdetarde.com\/index.php\/wp-json\/wp\/v2\/posts\/175092\/revisions\/175101"}],"wp:featuredmedia":[{"embeddable":true,"href":"https:\/\/corrientesdetarde.com\/index.php\/wp-json\/wp\/v2\/media\/175100"}],"wp:attachment":[{"href":"https:\/\/corrientesdetarde.com\/index.php\/wp-json\/wp\/v2\/media?parent=175092"}],"wp:term":[{"taxonomy":"category","embeddable":true,"href":"https:\/\/corrientesdetarde.com\/index.php\/wp-json\/wp\/v2\/categories?post=175092"},{"taxonomy":"post_tag","embeddable":true,"href":"https:\/\/corrientesdetarde.com\/index.php\/wp-json\/wp\/v2\/tags?post=175092"}],"curies":[{"name":"wp","href":"https:\/\/api.w.org\/{rel}","templated":true}]}}