{"id":175093,"date":"2024-11-25T09:55:19","date_gmt":"2024-11-25T12:55:19","guid":{"rendered":"https:\/\/corrientesdetarde.com\/?p=175093"},"modified":"2024-11-25T09:55:24","modified_gmt":"2024-11-25T12:55:24","slug":"tragedia-en-brasil-al-menos-17-muertos-al-caer-un-autobus-a-un-precipicio","status":"publish","type":"post","link":"https:\/\/corrientesdetarde.com\/index.php\/internacionales\/tragedia-en-brasil-al-menos-17-muertos-al-caer-un-autobus-a-un-precipicio\/","title":{"rendered":"Tragedia en Brasil: al menos 17 muertos al caer un autob\u00fas a un precipicio"},"content":{"rendered":"\n<p>Al menos 17 personas murieron y otras 30 resultaron heridas este domingo, cuando un autobus de pasajeros se desbarranc\u00f3 y cay\u00f3 a un precipicio en el noreste de Brasil, en el estado de Alagoas.<\/p>\n\n\n\n<p>El autob\u00fas, seg\u00fan testigos, sali\u00f3 de la carretera a ra\u00edz de un problema mec\u00e1nico y cay\u00f3 en la regi\u00f3n de la Sierra de la Barriga, en el municipio Uni\u00f3n Palmares, inform\u00f3 un portavoz del Departamento de Bomberos y entre las v\u00edctimas hay ni\u00f1os y adolescentes, dijo el portavoz, citado por la cadena de noticias GloboNews.<\/p>\n\n\n\n<p>Seg\u00fan la alcald\u00eda de Uni\u00f3n Palmares, el autob\u00fas transportaba familias hacia el Memorial Quilombo dos Palmares, uno de los centros hist\u00f3ricos y tur\u00edsticos de la regi\u00f3n que recuerda la resistencia contra la esclavitud, donde se desarrollaba una jornada de actividades culturales.<\/p>\n\n\n\n<p>La Polic\u00eda del estado de Alagoas destin\u00f3 helic\u00f3pteros para rescatar a las v\u00edctimas debido a que el autob\u00fas cay\u00f3 en una regi\u00f3n selv\u00e1tica de dif\u00edcil acceso terrestre y al menos 30 personas fueron llevadas a centros m\u00e9dicos de la regi\u00f3n con heridas de diversa gravedad.<\/p>\n\n\n\n<p>La ministra de Igualdad Racial, Anielle Franco, emiti\u00f3 un comunicado expresando solidaridad con las familias de las v\u00edctimas.<\/p>\n\n\n\n<p><a href=\"https:\/\/www.corrienteshoy.com\/nacionales\/tragedia-en-brasil-al-menos-17-muertos-al-caer-un-autobus-a-un-precipicio.htm#comentarios\"><\/a><\/p>\n","protected":false},"excerpt":{"rendered":"<p>Al menos 17 personas murieron y otras 30 resultaron heridas este domingo, cuando un autobus de pasajeros se desbarranc\u00f3 y cay\u00f3 a un precipicio en el noreste de Brasil, en&hellip; <\/p>\n","protected":false},"author":1,"featured_media":175098,"comment_status":"closed","ping_status":"open","sticky":false,"template":"","format":"standard","meta":{"footnotes":""},"categories":[11,33],"tags":[],"class_list":["post-175093","post","type-post","status-publish","format-standard","has-post-thumbnail","hentry","category-internacionales","category-policiales"],"_links":{"self":[{"href":"https:\/\/corrientesdetarde.com\/index.php\/wp-json\/wp\/v2\/posts\/175093","targetHints":{"allow":["GET"]}}],"collection":[{"href":"https:\/\/corrientesdetarde.com\/index.php\/wp-json\/wp\/v2\/posts"}],"about":[{"href":"https:\/\/corrientesdetarde.com\/index.php\/wp-json\/wp\/v2\/types\/post"}],"author":[{"embeddable":true,"href":"https:\/\/corrientesdetarde.com\/index.php\/wp-json\/wp\/v2\/users\/1"}],"replies":[{"embeddable":true,"href":"https:\/\/corrientesdetarde.com\/index.php\/wp-json\/wp\/v2\/comments?post=175093"}],"version-history":[{"count":1,"href":"https:\/\/corrientesdetarde.com\/index.php\/wp-json\/wp\/v2\/posts\/175093\/revisions"}],"predecessor-version":[{"id":175099,"href":"https:\/\/corrientesdetarde.com\/index.php\/wp-json\/wp\/v2\/posts\/175093\/revisions\/175099"}],"wp:featuredmedia":[{"embeddable":true,"href":"https:\/\/corrientesdetarde.com\/index.php\/wp-json\/wp\/v2\/media\/175098"}],"wp:attachment":[{"href":"https:\/\/corrientesdetarde.com\/index.php\/wp-json\/wp\/v2\/media?parent=175093"}],"wp:term":[{"taxonomy":"category","embeddable":true,"href":"https:\/\/corrientesdetarde.com\/index.php\/wp-json\/wp\/v2\/categories?post=175093"},{"taxonomy":"post_tag","embeddable":true,"href":"https:\/\/corrientesdetarde.com\/index.php\/wp-json\/wp\/v2\/tags?post=175093"}],"curies":[{"name":"wp","href":"https:\/\/api.w.org\/{rel}","templated":true}]}}