{"id":175094,"date":"2024-11-25T09:51:26","date_gmt":"2024-11-25T12:51:26","guid":{"rendered":"https:\/\/corrientesdetarde.com\/?p=175094"},"modified":"2024-11-25T09:51:28","modified_gmt":"2024-11-25T12:51:28","slug":"este-lunes-25-se-realizara-el-acto-en-conmemoracion-por-el-dia-internacional-de-la-eliminacion-de-la-violencia-contra-la-mujer","status":"publish","type":"post","link":"https:\/\/corrientesdetarde.com\/index.php\/sociales\/este-lunes-25-se-realizara-el-acto-en-conmemoracion-por-el-dia-internacional-de-la-eliminacion-de-la-violencia-contra-la-mujer\/","title":{"rendered":"Este lunes 25 se realizar\u00e1 el acto en conmemoraci\u00f3n por el D\u00eda Internacional de la Eliminaci\u00f3n de la violencia contra la Mujer"},"content":{"rendered":"\n<p>El Consejo Provincial de la Mujer este lunes 25 de noviembre a las 10 en el Sal\u00f3n Verde de Casa de Gobierno llevar\u00e1 adelante un acto en conmemoraci\u00f3n al D\u00eda Internacional de la Eliminaci\u00f3n de la violencia contra la Mujer.<\/p>\n\n\n\n<p>En dicho marco, hablan tambi\u00e9n la senadora provincial, Sonia Quintana presentar\u00e1 el proyecto de ley de incorporaci\u00f3n de Licencia por Violencia de G\u00e9nero y por su parte, la diputada provincial, Andrea Giotta hara lo propio con el proyecto de ley de inclusion social.<\/p>\n\n\n\n<p>Adem\u00e1s, el presidente del Instituto Provincial de Estad\u00edstica y Ciencia de Datos, Francisco Bosco, presentar\u00e1 el trabajo de registraci\u00f3n de datos.<\/p>\n\n\n\n<p>Acompa\u00f1aran dicha actividad la directora del Centro de Monitoreo y Atenci\u00f3n a v\u00edctimas de violencia familiar y de g\u00e9nero, Claudia Romero Vald\u00e9s y la directora del Centro de Atenci\u00f3n Jur\u00eddico Integral a v\u00edctimas de violencia de g\u00e9nero, Daniela Andraus.<\/p>\n\n\n\n<figure class=\"wp-block-image size-large\"><img decoding=\"async\" src=\"https:\/\/corrientesdetarde.com\/wp-content\/uploads\/2024\/11\/image-969-1024x1024.png\" alt=\"\" class=\"wp-image-175096\"\/><\/figure>\n","protected":false},"excerpt":{"rendered":"<p>El Consejo Provincial de la Mujer este lunes 25 de noviembre a las 10 en el Sal\u00f3n Verde de Casa de Gobierno llevar\u00e1 adelante un acto en conmemoraci\u00f3n al D\u00eda&hellip; <\/p>\n","protected":false},"author":1,"featured_media":175096,"comment_status":"closed","ping_status":"open","sticky":false,"template":"","format":"standard","meta":{"footnotes":""},"categories":[17],"tags":[],"class_list":["post-175094","post","type-post","status-publish","format-standard","has-post-thumbnail","hentry","category-sociales"],"_links":{"self":[{"href":"https:\/\/corrientesdetarde.com\/index.php\/wp-json\/wp\/v2\/posts\/175094","targetHints":{"allow":["GET"]}}],"collection":[{"href":"https:\/\/corrientesdetarde.com\/index.php\/wp-json\/wp\/v2\/posts"}],"about":[{"href":"https:\/\/corrientesdetarde.com\/index.php\/wp-json\/wp\/v2\/types\/post"}],"author":[{"embeddable":true,"href":"https:\/\/corrientesdetarde.com\/index.php\/wp-json\/wp\/v2\/users\/1"}],"replies":[{"embeddable":true,"href":"https:\/\/corrientesdetarde.com\/index.php\/wp-json\/wp\/v2\/comments?post=175094"}],"version-history":[{"count":1,"href":"https:\/\/corrientesdetarde.com\/index.php\/wp-json\/wp\/v2\/posts\/175094\/revisions"}],"predecessor-version":[{"id":175097,"href":"https:\/\/corrientesdetarde.com\/index.php\/wp-json\/wp\/v2\/posts\/175094\/revisions\/175097"}],"wp:featuredmedia":[{"embeddable":true,"href":"https:\/\/corrientesdetarde.com\/index.php\/wp-json\/wp\/v2\/media\/175096"}],"wp:attachment":[{"href":"https:\/\/corrientesdetarde.com\/index.php\/wp-json\/wp\/v2\/media?parent=175094"}],"wp:term":[{"taxonomy":"category","embeddable":true,"href":"https:\/\/corrientesdetarde.com\/index.php\/wp-json\/wp\/v2\/categories?post=175094"},{"taxonomy":"post_tag","embeddable":true,"href":"https:\/\/corrientesdetarde.com\/index.php\/wp-json\/wp\/v2\/tags?post=175094"}],"curies":[{"name":"wp","href":"https:\/\/api.w.org\/{rel}","templated":true}]}}