{"id":175102,"date":"2024-11-25T10:41:39","date_gmt":"2024-11-25T13:41:39","guid":{"rendered":"https:\/\/corrientesdetarde.com\/?p=175102"},"modified":"2024-11-25T10:41:43","modified_gmt":"2024-11-25T13:41:43","slug":"una-adolescente-murio-ahogada-en-el-rio-parana","status":"publish","type":"post","link":"https:\/\/corrientesdetarde.com\/index.php\/interior\/una-adolescente-murio-ahogada-en-el-rio-parana\/","title":{"rendered":"Una adolescente muri\u00f3 ahogada en el r\u00edo Paran\u00e1"},"content":{"rendered":"\n<p>La Polic\u00eda de Corrientes inform\u00f3 que encontraron el cuerpo de una adolescente en el r\u00edo Paran\u00e1.&nbsp;<\/p>\n\n\n\n<p>El hecho ocurrri\u00f3 el domingo por la tarde, en la localidad correntina de Ituzaing\u00f3.<\/p>\n\n\n\n<p>El personal policial&nbsp;fue alertado de que una menor de 15 a\u00f1os ingres\u00f3 al agua y desapareci\u00f3 de la superficie.&nbsp;<\/p>\n\n\n\n<p>Ante tal situaci\u00f3n, junto a la colaboraci\u00f3n de la Prefectura Naval Argentina, procedieron a buscar en inmediaciones del lugar.<\/p>\n\n\n\n<p>De este modo, posteriormente&nbsp;lograron encontrar su cuerpo sin vida.&nbsp;<\/p>\n\n\n\n<p>Se realizaron los tr\u00e1mites correspondiente del caso.&nbsp;<br>&nbsp;<\/p>\n","protected":false},"excerpt":{"rendered":"<p>La Polic\u00eda de Corrientes inform\u00f3 que encontraron el cuerpo de una adolescente en el r\u00edo Paran\u00e1.&nbsp; El hecho ocurrri\u00f3 el domingo por la tarde, en la localidad correntina de Ituzaing\u00f3.&hellip; <\/p>\n","protected":false},"author":1,"featured_media":125338,"comment_status":"closed","ping_status":"open","sticky":false,"template":"","format":"standard","meta":{"footnotes":""},"categories":[1658],"tags":[],"class_list":["post-175102","post","type-post","status-publish","format-standard","has-post-thumbnail","hentry","category-interior"],"_links":{"self":[{"href":"https:\/\/corrientesdetarde.com\/index.php\/wp-json\/wp\/v2\/posts\/175102","targetHints":{"allow":["GET"]}}],"collection":[{"href":"https:\/\/corrientesdetarde.com\/index.php\/wp-json\/wp\/v2\/posts"}],"about":[{"href":"https:\/\/corrientesdetarde.com\/index.php\/wp-json\/wp\/v2\/types\/post"}],"author":[{"embeddable":true,"href":"https:\/\/corrientesdetarde.com\/index.php\/wp-json\/wp\/v2\/users\/1"}],"replies":[{"embeddable":true,"href":"https:\/\/corrientesdetarde.com\/index.php\/wp-json\/wp\/v2\/comments?post=175102"}],"version-history":[{"count":1,"href":"https:\/\/corrientesdetarde.com\/index.php\/wp-json\/wp\/v2\/posts\/175102\/revisions"}],"predecessor-version":[{"id":175113,"href":"https:\/\/corrientesdetarde.com\/index.php\/wp-json\/wp\/v2\/posts\/175102\/revisions\/175113"}],"wp:featuredmedia":[{"embeddable":true,"href":"https:\/\/corrientesdetarde.com\/index.php\/wp-json\/wp\/v2\/media\/125338"}],"wp:attachment":[{"href":"https:\/\/corrientesdetarde.com\/index.php\/wp-json\/wp\/v2\/media?parent=175102"}],"wp:term":[{"taxonomy":"category","embeddable":true,"href":"https:\/\/corrientesdetarde.com\/index.php\/wp-json\/wp\/v2\/categories?post=175102"},{"taxonomy":"post_tag","embeddable":true,"href":"https:\/\/corrientesdetarde.com\/index.php\/wp-json\/wp\/v2\/tags?post=175102"}],"curies":[{"name":"wp","href":"https:\/\/api.w.org\/{rel}","templated":true}]}}