{"id":175120,"date":"2024-11-25T11:16:31","date_gmt":"2024-11-25T14:16:31","guid":{"rendered":"https:\/\/corrientesdetarde.com\/?p=175120"},"modified":"2024-11-25T11:17:03","modified_gmt":"2024-11-25T14:17:03","slug":"pablo-moyano-fuera-de-la-cgt-el-fin-de-una-era-o-un-nuevo-capitulo","status":"publish","type":"post","link":"https:\/\/corrientesdetarde.com\/index.php\/politica\/pablo-moyano-fuera-de-la-cgt-el-fin-de-una-era-o-un-nuevo-capitulo\/","title":{"rendered":"PABLO MOYANO FUERA DE LA CGT: \u00bfEL FIN DE UNA ERA O UN NUEVO CAP\u00cdTULO?"},"content":{"rendered":"\n<p>(Pablo Roma, Gremiales) &#8211; La renuncia de Pablo Moyano al triunvirato de la CGT dej\u00f3 al descubierto profundas tensiones internas, tanto en la central obrera como en el gremio de Camioneros. Sin el respaldo de la CGT ni de su sindicato, el mayor de los Moyano enfrenta un porvenir incierto.<\/p>\n\n\n\n<p>Apenas 24 horas despu\u00e9s de su dimisi\u00f3n, los hechos que condujeron a esta decisi\u00f3n comenzaron a analizarse con mayor claridad. La llegada de Pablo al triunvirato, el 11 de noviembre de 2021, estuvo marcada desde el inicio por fricciones con H\u00e9ctor Daer y Carlos Acu\u00f1a, sus compa\u00f1eros en la conducci\u00f3n. Sin embargo, los conflictos m\u00e1s significativos se dieron dentro de su propio gremio, donde su relaci\u00f3n con Hugo Moyano, su padre y l\u00edder hist\u00f3rico de Camioneros, fue determinante para su alejamiento.<\/p>\n\n\n\n<p>La exclusi\u00f3n de Pablo de los principales espacios de decisi\u00f3n dentro de Camioneros marc\u00f3 un punto de inflexi\u00f3n. No fue incluido en la Federaci\u00f3n de Camioneros durante la \u00faltima renovaci\u00f3n de autoridades, cediendo su lugar al chubutense Jorge Taboada. Adem\u00e1s, abandon\u00f3 el cargo en la obra social del gremio, en desacuerdo con la gesti\u00f3n encabezada por Liliana Zulet, pareja de su padre.<\/p>\n\n\n\n<p>El episodio m\u00e1s cr\u00edtico lleg\u00f3 con la decisi\u00f3n de Hugo Moyano de contactar a los m\u00e1ximos dirigentes de la CGT para desactivar un paro general impulsado por Pablo, debilitando p\u00fablicamente su liderazgo. La situaci\u00f3n se agrav\u00f3 al descubrir que su hermano Hugo Antonio Moyano hab\u00eda iniciado conversaciones con el secretario de Trabajo, Julio Cordero, para tratar reformas en el sistema de riesgos laborales, algo que Pablo no respaldaba.<\/p>\n\n\n\n<p>El paso de Pablo Moyano por la CGT no dej\u00f3 grandes resultados. Durante su gesti\u00f3n no logr\u00f3 imponer una agenda clara en ninguno de los momentos clave: ni en la etapa de Alberto Fern\u00e1ndez, ni durante la campa\u00f1a electoral de Sergio Massa, ni frente al gobierno de Javier Milei. La falta de avances concretos gener\u00f3 cr\u00edticas, incluso dentro de su c\u00edrculo m\u00e1s cercano. Hugo Moyano habr\u00eda se\u00f1alado en privado que Pablo no ofreci\u00f3 soluciones relevantes para el gremio, reflejado en su ausencia en la mesa paritaria del sindicato.<\/p>\n\n\n\n<p>Tras la renuncia, Hugo Moyano asegur\u00f3 que el gremio de Camioneros continuar\u00e1 en la CGT, destacando que los cargos corresponden a las organizaciones y no a las personas. En los pr\u00f3ximos d\u00edas se definir\u00e1 el reemplazo de Pablo, con versiones que apuntan a Hugo Antonio Moyano como posible sucesor.<\/p>\n\n\n\n<p>Con su salida de la CGT y su desplazamiento dentro de Camioneros, Pablo Moyano deber\u00e1 buscar nuevas formas de reinsertarse en la pol\u00edtica gremial. Aunque algunos especulan con la posibilidad de liderar una alianza de sectores combativos, su principal desaf\u00edo ser\u00e1 encontrar un espacio desde el cual actuar, en un contexto donde el ala dialoguista liderada por su padre parece consolidarse.<\/p>\n\n\n\n<p>El tiempo dir\u00e1 si Pablo Moyano lograr\u00e1 reconfigurar su posici\u00f3n o si su etapa en los primeros planos del sindicalismo ha llegado a su fin. Por ahora, su rol dentro del movimiento obrero argentino queda reducido a la incertidumbre.<\/p>\n","protected":false},"excerpt":{"rendered":"<p>(Pablo Roma, Gremiales) &#8211; La renuncia de Pablo Moyano al triunvirato de la CGT dej\u00f3 al descubierto profundas tensiones internas, tanto en la central obrera como en el gremio de&hellip; <\/p>\n","protected":false},"author":11,"featured_media":175121,"comment_status":"closed","ping_status":"open","sticky":false,"template":"","format":"standard","meta":{"footnotes":""},"categories":[26,3],"tags":[],"class_list":["post-175120","post","type-post","status-publish","format-standard","has-post-thumbnail","hentry","category-destacados","category-politica"],"_links":{"self":[{"href":"https:\/\/corrientesdetarde.com\/index.php\/wp-json\/wp\/v2\/posts\/175120","targetHints":{"allow":["GET"]}}],"collection":[{"href":"https:\/\/corrientesdetarde.com\/index.php\/wp-json\/wp\/v2\/posts"}],"about":[{"href":"https:\/\/corrientesdetarde.com\/index.php\/wp-json\/wp\/v2\/types\/post"}],"author":[{"embeddable":true,"href":"https:\/\/corrientesdetarde.com\/index.php\/wp-json\/wp\/v2\/users\/11"}],"replies":[{"embeddable":true,"href":"https:\/\/corrientesdetarde.com\/index.php\/wp-json\/wp\/v2\/comments?post=175120"}],"version-history":[{"count":1,"href":"https:\/\/corrientesdetarde.com\/index.php\/wp-json\/wp\/v2\/posts\/175120\/revisions"}],"predecessor-version":[{"id":175122,"href":"https:\/\/corrientesdetarde.com\/index.php\/wp-json\/wp\/v2\/posts\/175120\/revisions\/175122"}],"wp:featuredmedia":[{"embeddable":true,"href":"https:\/\/corrientesdetarde.com\/index.php\/wp-json\/wp\/v2\/media\/175121"}],"wp:attachment":[{"href":"https:\/\/corrientesdetarde.com\/index.php\/wp-json\/wp\/v2\/media?parent=175120"}],"wp:term":[{"taxonomy":"category","embeddable":true,"href":"https:\/\/corrientesdetarde.com\/index.php\/wp-json\/wp\/v2\/categories?post=175120"},{"taxonomy":"post_tag","embeddable":true,"href":"https:\/\/corrientesdetarde.com\/index.php\/wp-json\/wp\/v2\/tags?post=175120"}],"curies":[{"name":"wp","href":"https:\/\/api.w.org\/{rel}","templated":true}]}}