{"id":175126,"date":"2024-11-25T13:20:24","date_gmt":"2024-11-25T16:20:24","guid":{"rendered":"https:\/\/corrientesdetarde.com\/?p=175126"},"modified":"2024-11-25T13:20:36","modified_gmt":"2024-11-25T16:20:36","slug":"las-acciones-contra-el-dengue-se-intensificaran-durante-todo-el-verano","status":"publish","type":"post","link":"https:\/\/corrientesdetarde.com\/index.php\/informacion-general\/las-acciones-contra-el-dengue-se-intensificaran-durante-todo-el-verano\/","title":{"rendered":"Las acciones contra el dengue se  intensificar\u00e1n durante todo el verano"},"content":{"rendered":"\n<p><em>La Municipalidad de Corrientes resolvi\u00f3 que los operativos de descacharrado se desarrollar\u00e1n hasta marzo del 2025, y tiene previsto recorrer 62 barrios con esta tarea preventiva. Se pide especial colaboraci\u00f3n a los vecinos para eliminar los criaderos del mosquito vector y as\u00ed reducir su proliferaci\u00f3n.<\/em><\/p>\n\n\n\n<p>En el marco de la lucha contra el mosquito Aedes aegypti, principal vector del dengue, la Municipalidad de Corrientes, en conjunto con el Ministerio de Salud de la Provincia, refuerza las tareas preventivas mediante operativos de descacharrado, colocaci\u00f3n de larvicidas y campa\u00f1as de concientizaci\u00f3n vecinal. Estas acciones buscan reducir al m\u00ednimo la proliferaci\u00f3n del mosquito y prevenir posibles brotes, especialmente en la temporada estival.&nbsp;<br><br>El secretario de Ambiente comunal, Ignacio Maldonado Yonna, destac\u00f3 que los operativos de descacharrado, que abarcan m\u00e1s de 60 barrios de la ciudad, se realizan los mi\u00e9rcoles, jueves y viernes durante la siesta. &#8220;Estamos trabajando en base a un cronograma que prioriza los barrios con mayor incidencia, seg\u00fan informes del Ministerio de Salud y nuestras \u00e1reas de Salud. El operativo comienza con promotores ambientales y agentes sanitarios que recorren los barrios para notificar a los vecinos y garantizar que puedan descartar elementos que acumulen agua, como baldes rotos, neum\u00e1ticos o muebles viejos&#8221;, explic\u00f3.&nbsp;<br><br>Adem\u00e1s, el funcionario enfatiz\u00f3 la importancia de evitar cualquier lugar donde pueda acumularse agua y convertirse en un criadero de mosquitos: &#8220;Sin criaderos no hay dengue. Por eso aplicamos herbicidas y reforzamos el mantenimiento general de la ciudad, incluso durante el verano, para mantener un entorno limpio y seguro&#8221;.&nbsp;<br><br>COMPROMISO VECINAL<br><br>Por su parte, la subsecretaria de Unidad de Gesti\u00f3n Territorial 1, Nancy Bracamonte, resalt\u00f3 la importancia de la colaboraci\u00f3n de los vecinos en esta campa\u00f1a. \u201cTrabajamos casa por casa, informando qu\u00e9 elementos deben eliminar y c\u00f3mo manejar recipientes reutilizables para evitar que acumulen agua. Es vital cambiar el agua de los floreros a diario, limpiar las rejillas con agua hirviendo y utilizar mosquiteros, adem\u00e1s de aplicar repelentes\u201d, explic\u00f3.&nbsp;<br><br>Tambi\u00e9n destac\u00f3 que, aunque muchos vecinos piden fumigaci\u00f3n, la clave est\u00e1 en la prevenci\u00f3n: &#8220;El mosquito pone huevos en aguas limpias o estancadas, por lo que nuestra tarea principal es evitar que encuentren lugares propicios para reproducirse. Adem\u00e1s, en las Salas de Atenci\u00f3n Primaria de la Salud (SAPS) de la Municipalidad contamos con consultorios febriles, preparados para evaluar casos sospechosos, brindar hidrataci\u00f3n y, de ser necesario, derivar al hospital de campa\u00f1a&#8221;.&nbsp;<br><br>Al mismo tiempo, explic\u00f3: \u201cTodas las SAPS cuentan con equipo m\u00e9dico, tanto en horario matutino como vespertino, con &nbsp;servicio de enfermer\u00eda y tambi\u00e9n tienen habilitados el consultorio febril, como se trabaj\u00f3 en la \u00e9poca del Covid, donde se asiste a las personas exclusivamente para hacer una evaluaci\u00f3n cl\u00ednica y dependiendo de eso, se le hace la hidrataci\u00f3n o se les da el antipir\u00e9tico que ser\u00eda en este caso el paracetamol y si no hay mejor\u00eda se hace una derivaci\u00f3n al hospital de campa\u00f1a para que se haga un test y el tratamiento correspondiente\u201d.<br><br>ESFUERZO PERMANENTE<br><br>La Municipalidad de Corrientes reafirma su compromiso de no bajar los brazos en la lucha contra el dengue durante el verano. Estas acciones preventivas, junto con la colaboraci\u00f3n activa de los vecinos, son esenciales para garantizar una ciudad saludable, minimizar los riesgos de brotes y asegurar un ambiente propicio, tanto para los habitantes como para los turistas que visitan la regi\u00f3n en esta \u00e9poca del a\u00f1o.&nbsp;<br><br>&#8220;Cada vecino que participa en estos operativos contribuye a mejorar su barrio y proteger a la comunidad de esta enfermedad. Es un esfuerzo conjunto que nos beneficia a todos&#8221;, concluy\u00f3 Maldonado Yonna.<br><br>OPERATIVOS DE DESCACHARRADO<br><br>NOVIEMBRE<br><br>Mi\u00e9rcoles 27: Ferr\u00e9 &#8211; 3 de Abril y J. Fern\u00e1ndez Blanco (Salita Sussini)&nbsp;<br><br>Jueves 28: Camba Cu\u00e1 &#8211; Chaco y 9 de Julio&nbsp;<br><br>Viernes 29: Deportes\/La Cruz\/Centro &#8211; San Luis e Irigoyen&nbsp;<br><br>DICIEMBRE<br><br>Mi\u00e9rcoles 4: Esperanza &#8211; Payes y Abitbol&nbsp;<br><br>Jueves 5: Dr. Monta\u00f1a &#8211; Jos\u00e9 M. Aguirre y Seguismundo&nbsp;<br><br>Viernes 6: Asentamiento Pirayu\u00ed &#8211; Combate los Pozos y 508&nbsp;<br><br>Mi\u00e9rcoles 1: Pujol &#8211; Rafael Obligado y Zacar\u00edas S\u00e1nchez&nbsp;<br><br>Jueves 12: Quinta Ferr\u00e9 &#8211; Rafael Obligado y 19 de Mayo&nbsp;<br><br>Viernes 13: Pl\u00e1cido Mart\u00ednez\/Itat\u00ed &#8211; Juan P. Justo y Chacabuco&nbsp;<br><br>Mi\u00e9rcoles 18: Arazat\u00ed &#8211; Pje. Morgan y Necochea&nbsp;<br><br>Jueves 19: San Benito &#8211; El\u00edas Abad y Necochea&nbsp;<br><br>Viernes 20: San Mart\u00edn\/Ber\u00f3n de Astrada &#8211; Guastavino y Las Heras&nbsp;<br><br>ENERO 2025<br><br>Mi\u00e9rcoles 8: Pompeya\/Yapey\u00fa &#8211; Gdor. Ruiz y Santiago del Estero&nbsp;<br><br>Jueves 9: Ba\u00f1ado Norte &#8211; Colombia y Rol\u00f3n&nbsp;<br><br>Viernes 10: Aldana &#8211; Gdor. Jos\u00e9 Pamp\u00edn y Alvear&nbsp;<br><br>Mi\u00e9rcoles 15: Fray J. de la Quintana &#8211; Cangallo y Ramos Mej\u00eda&nbsp;<br><br>Jueves 16: San Roque Este &#8211; Guayquirar\u00f3 y 490&nbsp;<br><br>Viernes 17: San Antonio Este &#8211; Loreto y Rold\u00e1n&nbsp;<br><br>Mi\u00e9rcoles 22: La Rosada &#8211; Quintana y Jujuy&nbsp;<br><br>Jueves 23: Libertad &#8211; San Mart\u00edn e Ituzaing\u00f3&nbsp;<br><br>Viernes 24: Belgrano &#8211; Estados Unidos y Belgrano&nbsp;<br><br>Mi\u00e9rcoles 29: Irupe\/La Olla &#8211; Boston y Ex V\u00edas&nbsp;<br><br>Jueves 30: Serantes &#8211; Zibelman y Escocia&nbsp;<br><br>Viernes 31: Villa Raquel\/Loma Linda &#8211; Andaluc\u00eda y Reconquista<\/p>\n\n\n\n<p>Cabe se\u00f1alar que&nbsp;el cronograma completo -hasta marzo- est\u00e1 disponible en el siguiente link:&nbsp;<a href=\"https:\/\/ciudaddecorrientes.us12.list-manage.com\/track\/click?u=253e4bcff71216c6af771c3c9&amp;id=7bce2fefb8&amp;e=17643edfa8\" target=\"_blank\" rel=\"noreferrer noopener\">ciudaddecorrientes.gov.ar\/operativos&nbsp;<\/a><br><a href=\"https:\/\/ciudaddecorrientes.us12.list-manage.com\/track\/click?u=253e4bcff71216c6af771c3c9&amp;id=604142af1c&amp;e=17643edfa8\" target=\"_blank\" rel=\"noreferrer noopener\">NOTA TV.<\/a><br>Ignacio Maldonado Yonna, secretario de Ambiente comunal; Nancy Bracamonte, subsecretaria de Unidad de Gesti\u00f3n Territorial 1.&nbsp;<\/p>\n\n\n\n<figure class=\"wp-block-image size-large\"><img loading=\"lazy\" decoding=\"async\" width=\"1024\" height=\"682\" src=\"https:\/\/corrientesdetarde.com\/wp-content\/uploads\/2024\/11\/image-979-1024x682.png\" alt=\"\" class=\"wp-image-175127\" srcset=\"https:\/\/corrientesdetarde.com\/wp-content\/uploads\/2024\/11\/image-979-1024x682.png 1024w, https:\/\/corrientesdetarde.com\/wp-content\/uploads\/2024\/11\/image-979-300x200.png 300w, https:\/\/corrientesdetarde.com\/wp-content\/uploads\/2024\/11\/image-979-768x512.png 768w, https:\/\/corrientesdetarde.com\/wp-content\/uploads\/2024\/11\/image-979.png 1280w\" sizes=\"auto, (max-width: 1024px) 100vw, 1024px\" \/><\/figure>\n\n\n\n<figure class=\"wp-block-image size-large\"><img loading=\"lazy\" decoding=\"async\" width=\"1024\" height=\"682\" src=\"https:\/\/corrientesdetarde.com\/wp-content\/uploads\/2024\/11\/image-980-1024x682.png\" alt=\"\" class=\"wp-image-175128\" srcset=\"https:\/\/corrientesdetarde.com\/wp-content\/uploads\/2024\/11\/image-980-1024x682.png 1024w, https:\/\/corrientesdetarde.com\/wp-content\/uploads\/2024\/11\/image-980-300x200.png 300w, https:\/\/corrientesdetarde.com\/wp-content\/uploads\/2024\/11\/image-980-768x512.png 768w, https:\/\/corrientesdetarde.com\/wp-content\/uploads\/2024\/11\/image-980.png 1280w\" sizes=\"auto, (max-width: 1024px) 100vw, 1024px\" \/><\/figure>\n\n\n\n<figure class=\"wp-block-image size-full\"><img loading=\"lazy\" decoding=\"async\" width=\"800\" height=\"533\" src=\"https:\/\/corrientesdetarde.com\/wp-content\/uploads\/2024\/11\/image-982.png\" alt=\"\" class=\"wp-image-175130\" srcset=\"https:\/\/corrientesdetarde.com\/wp-content\/uploads\/2024\/11\/image-982.png 800w, https:\/\/corrientesdetarde.com\/wp-content\/uploads\/2024\/11\/image-982-300x200.png 300w, https:\/\/corrientesdetarde.com\/wp-content\/uploads\/2024\/11\/image-982-768x512.png 768w\" sizes=\"auto, (max-width: 800px) 100vw, 800px\" \/><\/figure>\n\n\n\n<figure class=\"wp-block-image size-full\"><img loading=\"lazy\" decoding=\"async\" width=\"800\" height=\"533\" src=\"https:\/\/corrientesdetarde.com\/wp-content\/uploads\/2024\/11\/image-983.png\" alt=\"\" class=\"wp-image-175131\" srcset=\"https:\/\/corrientesdetarde.com\/wp-content\/uploads\/2024\/11\/image-983.png 800w, https:\/\/corrientesdetarde.com\/wp-content\/uploads\/2024\/11\/image-983-300x200.png 300w, https:\/\/corrientesdetarde.com\/wp-content\/uploads\/2024\/11\/image-983-768x512.png 768w\" sizes=\"auto, (max-width: 800px) 100vw, 800px\" \/><\/figure>\n\n\n\n<figure class=\"wp-block-image size-large\"><img loading=\"lazy\" decoding=\"async\" width=\"1024\" height=\"682\" src=\"https:\/\/corrientesdetarde.com\/wp-content\/uploads\/2024\/11\/image-984-1024x682.png\" alt=\"\" class=\"wp-image-175132\" srcset=\"https:\/\/corrientesdetarde.com\/wp-content\/uploads\/2024\/11\/image-984-1024x682.png 1024w, https:\/\/corrientesdetarde.com\/wp-content\/uploads\/2024\/11\/image-984-300x200.png 300w, https:\/\/corrientesdetarde.com\/wp-content\/uploads\/2024\/11\/image-984-768x512.png 768w, https:\/\/corrientesdetarde.com\/wp-content\/uploads\/2024\/11\/image-984.png 1280w\" sizes=\"auto, (max-width: 1024px) 100vw, 1024px\" \/><\/figure>\n","protected":false},"excerpt":{"rendered":"<p>La Municipalidad de Corrientes resolvi\u00f3 que los operativos de descacharrado se desarrollar\u00e1n hasta marzo del 2025, y tiene previsto recorrer 62 barrios con esta tarea preventiva. Se pide especial colaboraci\u00f3n&hellip; <\/p>\n","protected":false},"author":8,"featured_media":175129,"comment_status":"closed","ping_status":"open","sticky":false,"template":"","format":"standard","meta":{"footnotes":""},"categories":[1],"tags":[],"class_list":["post-175126","post","type-post","status-publish","format-standard","has-post-thumbnail","hentry","category-informacion-general"],"_links":{"self":[{"href":"https:\/\/corrientesdetarde.com\/index.php\/wp-json\/wp\/v2\/posts\/175126","targetHints":{"allow":["GET"]}}],"collection":[{"href":"https:\/\/corrientesdetarde.com\/index.php\/wp-json\/wp\/v2\/posts"}],"about":[{"href":"https:\/\/corrientesdetarde.com\/index.php\/wp-json\/wp\/v2\/types\/post"}],"author":[{"embeddable":true,"href":"https:\/\/corrientesdetarde.com\/index.php\/wp-json\/wp\/v2\/users\/8"}],"replies":[{"embeddable":true,"href":"https:\/\/corrientesdetarde.com\/index.php\/wp-json\/wp\/v2\/comments?post=175126"}],"version-history":[{"count":1,"href":"https:\/\/corrientesdetarde.com\/index.php\/wp-json\/wp\/v2\/posts\/175126\/revisions"}],"predecessor-version":[{"id":175133,"href":"https:\/\/corrientesdetarde.com\/index.php\/wp-json\/wp\/v2\/posts\/175126\/revisions\/175133"}],"wp:featuredmedia":[{"embeddable":true,"href":"https:\/\/corrientesdetarde.com\/index.php\/wp-json\/wp\/v2\/media\/175129"}],"wp:attachment":[{"href":"https:\/\/corrientesdetarde.com\/index.php\/wp-json\/wp\/v2\/media?parent=175126"}],"wp:term":[{"taxonomy":"category","embeddable":true,"href":"https:\/\/corrientesdetarde.com\/index.php\/wp-json\/wp\/v2\/categories?post=175126"},{"taxonomy":"post_tag","embeddable":true,"href":"https:\/\/corrientesdetarde.com\/index.php\/wp-json\/wp\/v2\/tags?post=175126"}],"curies":[{"name":"wp","href":"https:\/\/api.w.org\/{rel}","templated":true}]}}