{"id":175134,"date":"2024-11-25T13:29:41","date_gmt":"2024-11-25T16:29:41","guid":{"rendered":"https:\/\/corrientesdetarde.com\/?p=175134"},"modified":"2024-11-25T13:29:46","modified_gmt":"2024-11-25T16:29:46","slug":"el-gobierno-argentino-toma-distancia-de-yamandu-orsi-pese-a-sus-gestos-de-acercamiento","status":"publish","type":"post","link":"https:\/\/corrientesdetarde.com\/index.php\/politica\/el-gobierno-argentino-toma-distancia-de-yamandu-orsi-pese-a-sus-gestos-de-acercamiento\/","title":{"rendered":"El Gobierno argentino toma distancia de Yamand\u00fa Orsi pese a sus gestos de acercamiento"},"content":{"rendered":"\n<p>En la Casa Rosada no ocultaban su favoritismo por el candidato de Lacalle Pou. Sin embargo, hubo un comunicado para felicitar al ganador y fue bien visto el mensaje conciliador que dio en sus declaraciones <\/p>\n\n\n\n<p>La victoria de\u00a0<strong>Yamand\u00fa Orsi\u00a0<\/strong>en Uruguay\u00a0marc\u00f3 el regreso de la izquierda, representada por el Frente Amplio, al poder tras cinco a\u00f1os de gobierno del Partido Nacional. El resultado coincidi\u00f3 con las proyecciones de las encuestas previas, que pronosticaban una ventaja del heredero pol\u00edtico de Pepe Mujica sobre \u00c1lvaro Delgado. Sin embargo, la respuesta del gobierno argentino fue m\u00e1s\u00a0<strong>bien fr\u00eda y distante<\/strong>, reflejando\u00a0<strong>una posici\u00f3n pragm\u00e1tica alineada con los intereses de la gesti\u00f3n\u00a0<\/strong>actual.<\/p>\n\n\n\n<p>En di\u00e1logo , el propio Orsi cont\u00f3 el lunes por la ma\u00f1ana que no hab\u00eda recibido a\u00fan ning\u00fan llamado de las autoridades argentinas y lanz\u00f3 los primeros gestos de acercamiento al confirmar que invitar\u00e1 a Milei a su asunci\u00f3n del 1ro de marzo. \u201c<strong>Ojal\u00e1 pueda reunirme con Milei en el Mercosur<\/strong>\u201d, cont\u00f3.<\/p>\n\n\n\n<figure class=\"wp-block-image\"><img decoding=\"async\" src=\"https:\/\/tn.com.ar\/resizer\/v2\/https%3A%2F%2Fthumbs.vodgc.net%2F1-419-lX81UO1732540040389-1732540225.jpg?auth=7f5b4d748bd5e69012d0d3d2b8dc0031739469fda264b4386ad554d391d0e3a0&amp;width=767\" alt=\"Video Placeholder\"\/><\/figure>\n\n\n\n<p><\/p>\n\n\n\n<h2 class=\"wp-block-heading\">La reacci\u00f3n del Gobierno tras la victoria de Yamand\u00fa Orsi en Uruguay<\/h2>\n\n\n\n<p>Fuentes cercanas a la Casa Rosada y la Canciller\u00eda aseguraron que, si bien el triunfo del Frente Amplio no gener\u00f3 malestar expl\u00edcito, exist\u00eda una percepci\u00f3n de que una victoria de la derecha ser\u00eda m\u00e1s beneficiosa para Argentina. Este an\u00e1lisis se vincula con la afinidad ideol\u00f3gica del presidente Javier Milei hacia sectores conservadores, aunque su relaci\u00f3n con el mandatario saliente&nbsp;<strong>Luis Lacalle Pou&nbsp;<\/strong>tampoco fue especialmente cercana.<\/p>\n\n\n\n<h4 class=\"wp-block-heading\">Elecciones en Uruguay: lo que ten\u00e9s que saber<\/h4>\n\n\n\n<ul class=\"wp-block-list\">\n<li>Qui\u00e9n es Yamand\u00fa Orsi, el heredero de Pepe Mujica que le devolvi\u00f3 el poder a la izquierda uruguaya<\/li>\n\n\n\n<li>Gobernabilidad, moderaci\u00f3n y convivencia con Milei: los desaf\u00edos de Yamand\u00fa Orsi, el presidente de Uruguay<\/li>\n\n\n\n<li>El Gobierno felicit\u00f3 a Yamand\u00fa Orsi tras ser electo presidente de Uruguay<\/li>\n<\/ul>\n\n\n\n<p>Durante la jornada electoral,\u00a0<strong>Yamand\u00fa Orsi\u00a0<\/strong>busc\u00f3 enviar un mensaje conciliador hacia Argentina. \u201cTrabajar\u00e9 para mantener una relaci\u00f3n fluida porque ambos pa\u00edses lo necesitan\u201d, declar\u00f3 en di\u00e1logo. Este gesto\u00a0<strong>refleja la intenci\u00f3n del nuevo mandatario uruguayo\u00a0<\/strong>de evitar tensiones y apostar por una cooperaci\u00f3n que beneficie a ambas naciones. Orsi, considerado un l\u00edder moderado dentro de la izquierda, promueve una agenda aperturista en el Mercosur y una visi\u00f3n promercado, una postura que podr\u00eda servir como puente entre las diferencias ideol\u00f3gicas con el gobierno argentino.<\/p>\n\n\n\n<figure class=\"wp-block-image\"><img decoding=\"async\" src=\"https:\/\/tn.com.ar\/resizer\/v2\/yamandu-orsi-candidato-del-frente-amplio-se-dirige-a-sus-seguidores-despues-de-ganar-la-segunda-vuelta-presidencial-en-montevideo-uruguay-el-domingo-24-de-noviembre-de-2024ap-fotonatacha-pisarenko-BSY47ZDZTL4DKE3R326RQWG5AM.jpg?auth=3c41028af061144e38a0f3c08b3ad1657247daf4a34af4fc75e0611760b89b58&amp;width=767\" alt=\"Yamand\u00fa Orsi, candidato del Frente Amplio, se dirige a sus seguidores despu\u00e9s de ganar la segunda vuelta presidencial en Montevideo, Uruguay, el domingo 24 de noviembre de 2024.(AP foto\/Natacha Pisarenko)\"\/><\/figure>\n\n\n\n<p>El flamante vicecanciller argentino, Eduardo Bustamante, viaj\u00f3 a Montevideo el pasado viernes para presenciar la elecci\u00f3n y buscar acercamientos con el Frente Amplio. Bustamante, quien hasta hace pocas semanas fue c\u00f3nsul general en Uruguay, intent\u00f3 preparar el terreno para lo que podr\u00eda ser el primer encuentro entre Orsi y Milei en la pr\u00f3xima cumbre del Mercosur, prevista para los d\u00edas 5 y 6 de diciembre. Seg\u00fan confirm\u00f3 el canciller Gerardo Huertein, el presidente argentino asistir\u00e1 al evento, donde adem\u00e1s asumir\u00e1 la&nbsp;<strong>presidencia pro t\u00e9mpore&nbsp;<\/strong>del bloque regional.<\/p>\n\n\n\n<p>La expectativa en torno a este encuentro es alta. Fuentes diplom\u00e1ticas se\u00f1alan que podr\u00eda representar una oportunidad para reforzar el giro pragm\u00e1tico de Milei tras su participaci\u00f3n en el G20, en un contexto donde las relaciones bilaterales han sido, hasta ahora, funcionales pero no estrechas. Orsi, por su parte, llega con un discurso que busca combinar sensibilidad social y pol\u00edticas econ\u00f3micas abiertas, un equilibrio que lo distingue dentro de su espacio pol\u00edtico.<\/p>\n\n\n\n<figure class=\"wp-block-image\"><img decoding=\"async\" src=\"https:\/\/tn.com.ar\/resizer\/v2\/seguidores-del-candidato-presidencial-del-izquierdista-frente-amplio-ap-fotomatilde-campodonico-7SSXSVJNOQI4UZJ2DUHCBTBMXY.jpg?auth=3ef94ce147f00c7dfd6acab94b5d9237899bba34d30637f775d9749d3230fa4e&amp;width=767\" alt=\"Seguidores del candidato presidencial del izquierdista Frente Amplio. (AP Foto\/Matilde Campod\u00f3nico)\"\/><\/figure>\n\n\n\n<p>La composici\u00f3n de su gabinete, que incluye al economista Gabriel Odone como pr\u00f3ximo ministro de Econom\u00eda, refleja esta intenci\u00f3n aperturista. Desde Argentina, algunos analistas consideran que este enfoque podr\u00eda generar oportunidades de cooperaci\u00f3n, especialmente en un Mercosur que busca redefinir su rumbo frente a los desaf\u00edos globales. Sin embargo, la frialdad inicial con que se recibi\u00f3 el resultado electoral muestra que los v\u00ednculos entre ambos gobiernos a\u00fan est\u00e1n lejos de consolidarse.<\/p>\n\n\n\n<p>El desaf\u00edo ahora ser\u00e1 construir una agenda com\u00fan en un escenario pol\u00edtico regional cada vez m\u00e1s complejo. La victoria de Yamand\u00fa Orsi abre un nuevo cap\u00edtulo en las relaciones bilaterales entre Uruguay y Argentina, uno que estar\u00e1 marcado tanto por las diferencias ideol\u00f3gicas como por la necesidad de colaboraci\u00f3n estrat\u00e9gica.<\/p>\n\n\n\n<p><\/p>\n","protected":false},"excerpt":{"rendered":"<p>En la Casa Rosada no ocultaban su favoritismo por el candidato de Lacalle Pou. Sin embargo, hubo un comunicado para felicitar al ganador y fue bien visto el mensaje conciliador&hellip; <\/p>\n","protected":false},"author":8,"featured_media":175135,"comment_status":"closed","ping_status":"open","sticky":false,"template":"","format":"standard","meta":{"footnotes":""},"categories":[3],"tags":[],"class_list":["post-175134","post","type-post","status-publish","format-standard","has-post-thumbnail","hentry","category-politica"],"_links":{"self":[{"href":"https:\/\/corrientesdetarde.com\/index.php\/wp-json\/wp\/v2\/posts\/175134","targetHints":{"allow":["GET"]}}],"collection":[{"href":"https:\/\/corrientesdetarde.com\/index.php\/wp-json\/wp\/v2\/posts"}],"about":[{"href":"https:\/\/corrientesdetarde.com\/index.php\/wp-json\/wp\/v2\/types\/post"}],"author":[{"embeddable":true,"href":"https:\/\/corrientesdetarde.com\/index.php\/wp-json\/wp\/v2\/users\/8"}],"replies":[{"embeddable":true,"href":"https:\/\/corrientesdetarde.com\/index.php\/wp-json\/wp\/v2\/comments?post=175134"}],"version-history":[{"count":1,"href":"https:\/\/corrientesdetarde.com\/index.php\/wp-json\/wp\/v2\/posts\/175134\/revisions"}],"predecessor-version":[{"id":175136,"href":"https:\/\/corrientesdetarde.com\/index.php\/wp-json\/wp\/v2\/posts\/175134\/revisions\/175136"}],"wp:featuredmedia":[{"embeddable":true,"href":"https:\/\/corrientesdetarde.com\/index.php\/wp-json\/wp\/v2\/media\/175135"}],"wp:attachment":[{"href":"https:\/\/corrientesdetarde.com\/index.php\/wp-json\/wp\/v2\/media?parent=175134"}],"wp:term":[{"taxonomy":"category","embeddable":true,"href":"https:\/\/corrientesdetarde.com\/index.php\/wp-json\/wp\/v2\/categories?post=175134"},{"taxonomy":"post_tag","embeddable":true,"href":"https:\/\/corrientesdetarde.com\/index.php\/wp-json\/wp\/v2\/tags?post=175134"}],"curies":[{"name":"wp","href":"https:\/\/api.w.org\/{rel}","templated":true}]}}