{"id":175137,"date":"2024-11-25T13:33:27","date_gmt":"2024-11-25T16:33:27","guid":{"rendered":"https:\/\/corrientesdetarde.com\/?p=175137"},"modified":"2024-11-25T13:33:32","modified_gmt":"2024-11-25T16:33:32","slug":"la-provincia-conmemoro-el-dia-internacional-de-la-eliminacion-de-la-violencia-contra-las-mujeres","status":"publish","type":"post","link":"https:\/\/corrientesdetarde.com\/index.php\/sociales\/la-provincia-conmemoro-el-dia-internacional-de-la-eliminacion-de-la-violencia-contra-las-mujeres\/","title":{"rendered":"La Provincia conmemor\u00f3 el D\u00eda Internacional de la Eliminaci\u00f3n de la violencia contra las Mujeres"},"content":{"rendered":"\n<p>Este lunes se realiz\u00f3 en Casa de Gobierno un acto en conmemoraci\u00f3n por el D\u00eda Internacional de la Eliminaci\u00f3n de la violencia contra las Mujeres, el cual fue encabezado por distintas funcionarias provinciales cuyas \u00e1reas trabajan por los derechos de las mujeres y brindan asistencia y contenci\u00f3n cuando es necesario. En la jornada se brindaron detalles de dos proyectos de ley que est\u00e1n siendo tratados en la Legislatura: uno sobre inclusi\u00f3n social y otro referido a licencias por violencia de g\u00e9nero.<\/p>\n\n\n\n<p>Se trata de una jornada de lucha y reivindicaci\u00f3n por los derechos de las mujeres, dando a conocer todas las formas existentes de violencia de g\u00e9nero, cuyo objetivo principal es concientizar a la sociedad sobre la violencia que sufren las mujeres, as\u00ed como revitalizar los compromisos y exigir responsabilidad y medidas concretas a hacia los responsables de la toma de decisiones.<\/p>\n\n\n\n<p>La presidenta del Consejo Provincial de la Mujer, Cecilia Berger, a manera de introducci\u00f3n se\u00f1al\u00f3 que, en este d\u00eda tan importante, \u201cproponemos una relaci\u00f3n m\u00e1s igualitaria, con mayor respeto e igualdad hacia las mujeres\u201d.<\/p>\n\n\n\n<p>Respecto a la labor que despliega el organismo a su cargo, Berger coment\u00f3 que brinda atenci\u00f3n, acompa\u00f1amiento y contenci\u00f3n a mujeres v\u00edctimas de violencia de g\u00e9nero, para lo cual \u201ccontamos con un equipo interdisciplinario de profesionales, abogadas, psic\u00f3logas y capacitadoras sociales\u201d.<\/p>\n\n\n\n<p>Y continu\u00f3 explicando: \u201cLas asesoramos ya que cada caso es algo particular y se lo trata de manera confidencialidad\u201d, a la vez subray\u00f3 que otro de los pilares de acci\u00f3n son las capacitaciones, como una forma efectiva de dar a conocer los tipos de violencia (f\u00edsica, psicol\u00f3gica, simb\u00f3lica) hacia las mujeres.<\/p>\n\n\n\n<p>Luego, Berger enfatiz\u00f3 que el Consejo tiene importante presencia en varias localidades del interior, trabajando codo a codo con los municipios en las respectivas \u00e1reas vinculadas a la mujer y para finalizar, ponder\u00f3 que los datos estad\u00edsticos de la problem\u00e1tica \u201cnos permiten tomar decisiones de pol\u00edticas p\u00fablicas al respecto\u201d.<\/p>\n\n\n\n<p><strong>El Consejo Provincial de la Mujer y su labor cotidiana<\/strong><\/p>\n\n\n\n<p>En el \u00c1rea Legal, se ofrece asesoramiento y acompa\u00f1amiento jur\u00eddico para quienes lo necesiten. Adem\u00e1s, se trabaja en la facilitaci\u00f3n de la comprensi\u00f3n del lenguaje t\u00e9cnico y los procesos judiciales, brindando informaci\u00f3n clara y accesible acerca de los derechos de las personas.<\/p>\n\n\n\n<p>Por su parte, el \u00c1rea Psicol\u00f3gica se enfoca en proporcionar primeros auxilios psicol\u00f3gicos y atenci\u00f3n personalizada que incluye acompa\u00f1amiento, asesoramiento y contenci\u00f3n emocional. Asimismo, se dise\u00f1an actividades y din\u00e1micas orientadas al fortalecimiento psicoemocional y se elaboran informes psicol\u00f3gicos detallados como parte del seguimiento integral de los casos.<\/p>\n\n\n\n<p>En el \u00c1rea Social, se prioriza la difusi\u00f3n y concientizaci\u00f3n sobre la legislaci\u00f3n vigente en torno a la tem\u00e1tica de g\u00e9nero y violencia, promoviendo el conocimiento y la sensibilizaci\u00f3n. Este trabajo se realiza de manera articulada con otras instituciones para garantizar una asistencia integral a las mujeres, incluyendo consultas y el seguimiento de programas como &#8220;Acompa\u00f1ar&#8221;. Tambi\u00e9n se llevan a cabo intervenciones domiciliarias, sondeos vecinales e informes sociales permanentes.<\/p>\n\n\n\n<p>Entre enero y noviembre de 2024, se registraron 1.087 admisiones, de las cuales 670 fueron derivaciones de juzgados o instituciones y 417 correspondieron a demanda espont\u00e1nea. En cuanto a la atenci\u00f3n por \u00e1reas, el \u00c1rea Psicol\u00f3gica atendi\u00f3 3.570 casos, mientras que el \u00c1rea Legal y el \u00c1rea Social abordaron 400 y 362 casos, respectivamente.<\/p>\n\n\n\n<p>En las delegaciones del Consejo en el interior, los casos se distribuyeron de la siguiente manera: Esquina (314 casos), Virasoro (116), Santo Tom\u00e9 (97), Paso de los Libres (143) y San Miguel (30).<\/p>\n\n\n\n<p>Seg\u00fan el tipo de violencia registrada, se identificaron 454 casos de violencia verbal o psicol\u00f3gica, 335 casos de violencia f\u00edsica, 226 de violencia econ\u00f3mica y 121 de violencia sexual. Por otro lado, seg\u00fan la modalidad de violencia, se documentaron 43 casos de violencia dom\u00e9stica, 4 casos de violencia laboral, 3 casos de violencia institucional, 2 casos de violencia en el espacio p\u00fablico y 1 caso relacionado con la libertad reproductiva.<\/p>\n\n\n\n<p><strong>Actividades de Prevenci\u00f3n<\/strong><\/p>\n\n\n\n<p>Como parte de las estrategias de prevenci\u00f3n, se realizaron charlas de capacitaci\u00f3n en la Ley Micaela dirigidas a diversas dependencias. Tambi\u00e9n se capacit\u00f3 al personal en formaci\u00f3n de las fuerzas de seguridad sobre temas de g\u00e9nero y violencias, y se llevaron a cabo actividades de difusi\u00f3n en medios de comunicaci\u00f3n. Adem\u00e1s, se fortaleci\u00f3 la articulaci\u00f3n con instituciones especializadas como el Centro de Monitoreo y Contenci\u00f3n de V\u00edctimas de Violencia Familiar y de G\u00e9nero y el Centro de Atenci\u00f3n Jur\u00eddico Integral a v\u00edctimas de violencia de g\u00e9nero, trabajando en conjunto con el Ministerio de Salud P\u00fablica.<\/p>\n\n\n\n<p><strong>Licencia por violencia e inclusi\u00f3n social, proyectos en la Legislatura<\/strong><\/p>\n\n\n\n<p>En el marco de la jornada de concientizaci\u00f3n la diputada provincial Andrea Giotta y la senadora provincial Sonia Quintana dieron detalles de proyectos de su autor\u00eda que fueron presentados ante sus pares en sendas C\u00e1maras.<\/p>\n\n\n\n<p>\u201cEs un d\u00eda para no olvidarnos que hay muchas mujeres que hoy padecen violencia de g\u00e9nero\u201d, remarc\u00f3 al tomar la palabra la diputada Giotta, al tiempo que coment\u00f3 la esencia de su proyecto sobre inclusi\u00f3n social. \u201cSi una mujer es excluida socialmente, la estamos condenando a ser una v\u00edctima: una persona que no va a estar entre nosotros en el corto plazo\u201d, advirti\u00f3.<\/p>\n\n\n\n<p>\u201cCon la inclusi\u00f3n social podemos prevenir y tambi\u00e9n erradicar la violencia de g\u00e9nero\u201d, sostuvo Giotta, a la vez que analiz\u00f3 sobre distintas etapas por las que se atraviesa el flagelo.<\/p>\n\n\n\n<p>En ese sentido, remarc\u00f3 que su proyecto propone que a trav\u00e9s de la inclusi\u00f3n social \u201cla mujer est\u00e9 prevenida y acompa\u00f1ada\u201d y por eso, \u201cgarantizar el acceso a recursos b\u00e1sicos como la salud, la educaci\u00f3n y la justicia. As\u00ed vamos a estar salvando a much\u00edsimas mujeres. Otra de las pautas es fomentar la participaci\u00f3n y el empoderamiento de las mujeres y ni\u00f1as en la sociedad; y cerrar, la gran brecha laboral entre hombres y mujeres\u201d, apunt\u00f3.<\/p>\n\n\n\n<p>\u201cAl fomentar la colaboraci\u00f3n entre la educaci\u00f3n, la salud y la justicia, se puede evitar que se naturalice la violencia\u201d, reflexion\u00f3.<\/p>\n\n\n\n<p>Al final, destac\u00f3 parte de la propuesta de legislaci\u00f3n apunta a \u201cherramientas con las que pueda salir definitivamente de esa situaci\u00f3n, busc\u00e1ndole ayuda laboral para que pueda trabajar y seguir construyendo su vida y cuidando de sus hijos\u201d, se\u00f1al\u00f3, como barrera fundamental para las mujeres que padecen el flagelo y no cuentan con los recursos econ\u00f3micos, sociales y psicol\u00f3gicos para romper con los entornos violentos.<\/p>\n\n\n\n<p>A su turno, la senadora provincial Sonia Quintana, coment\u00f3 sobre el proyecto presentado en la legislatura que ya cuenta con media sanci\u00f3n y aguarda su tratamiento en Diputados referido a las licencias extraordinarias por violencia de g\u00e9nero.<\/p>\n\n\n\n<p>La herramienta se orienta a las personas que se desempe\u00f1an en la administraci\u00f3n p\u00fablica provincial, para que quienes est\u00e1n atravesando esta problem\u00e1tica, van \u201ca poder contar con d\u00edas para realizar la denuncia, para ser atendidas por m\u00e9dicos o psic\u00f3logos, y en algunos casos para realizar una mudanza. En muchos casos se toman licencia por enfermedad, ocultado de esta manera la realidad por la cual est\u00e1n atravesando\u201d, explic\u00f3. Al final, record\u00f3 que \u201cla violencia de g\u00e9nero atraviesa a todos los \u00e1mbitos de la sociedad\u201d.<\/p>\n\n\n\n<p><strong>Claudia Romero Vald\u00e9s, del Centro de Atenci\u00f3n a V\u00edctimas de G\u00e9nero<\/strong><\/p>\n\n\n\n<p>\u201cNo nos asustemos si hay m\u00e1s denuncias\u201d, expres\u00f3 a su turno Claudia Romero Vald\u00e9s, Directora del Centro de Monitoreo y Atenci\u00f3n a V\u00edctimas de Violencia Familiar y de G\u00e9nero. La funcionaria destac\u00f3 la labor conjunta en formaci\u00f3n y concientizaci\u00f3n realizada entre diversos organismos del Estado, como una \u201cprueba de que se puede trabajar de manera articulada en una cuesti\u00f3n tan compleja\u201d.<\/p>\n\n\n\n<p>\u201cEl Centro es una oficina que tiene muchos a\u00f1os\u201d, record\u00f3, al mencionar su creaci\u00f3n como una disposici\u00f3n del ahora gobernador Gustavo Vald\u00e9s, cuando se desempe\u00f1aba como Ministro de Gobierno y Justicia de la provincia. \u201cEs un espacio con trayectoria, donde muchas mujeres tomaron contacto con todo el personal\u201d, se\u00f1al\u00f3.<\/p>\n\n\n\n<p>En ese sentido, sostuvo que ese camino \u201cnos va ense\u00f1ando a cambiar la mirada como sociedad sobre este tema: no nos asustemos si hay m\u00e1s denuncias, porque hay much\u00edsimos casos que todav\u00eda est\u00e1n en la oscuridad. Cuantas m\u00e1s denuncias hayan, los casos van a ir bajando. Y esa va a ser la prueba de que la sociedad tambi\u00e9n est\u00e1 comprometida\u201d, explic\u00f3.<\/p>\n\n\n\n<p>As\u00ed, destac\u00f3 las pol\u00edticas p\u00fablicas existentes para abordar los casos de violencia de g\u00e9nero. \u201cAvanzaron un mont\u00f3n desde el Ejecutivo, como en la Justicia y en el Poder Legislativo, pero nos falta que como sociedad nos pongamos m\u00e1s fuertes\u201d, afirm\u00f3.<\/p>\n\n\n\n<p>\u201cSaber escuchar, sin juzgar, y comentar cu\u00e1les son los recursos que tiene el Estado para que esas mujeres comiencen un cambio de vida\u201d, sugiri\u00f3.<\/p>\n\n\n\n<p>Al final, se expres\u00f3 a la fecha como un \u201cun d\u00eda muy doloroso: por todas las v\u00edctimas que perdimos y que nos empujaron a poner cada vez m\u00e1s fuerza en el trabajo\u201d, dijo al final.<\/p>\n\n\n\n<p><strong>Daniela Andraus, del Centro de Atenci\u00f3n Jur\u00eddico Integral a v\u00edctimas de violencia de g\u00e9nero<\/strong><\/p>\n\n\n\n<p>En tanto, tambi\u00e9n se dirigi\u00f3 a los presentes la directora del Centro de Atenci\u00f3n Jur\u00eddico Integral a v\u00edctimas de violencia de g\u00e9nero, Daniela Andraus recordando que dijo que dicho espacio naci\u00f3 en el 2019 y posiciona a Corrientes como una de las \u201cpocas provincias que tiene un fuerte compromiso y pol\u00edticas p\u00fablicas en materia de violencia de g\u00e9nero\u201d.<\/p>\n\n\n\n<p>Asimismo, detall\u00f3 que las funciones del Centro consisten en dar asistencia y garantizar a las v\u00edctimas de violencia de g\u00e9nero accesibilidad a la justicia. \u201cVemos en ciertos casos que hay Comisar\u00edas que son reticentes a tomar denuncias y por ello, tomamos intervenci\u00f3n con el asesoramiento correspondiente para tomar las medidas cautelares y lograr una protecci\u00f3n integral a la mujer\u201d, puntualiz\u00f3, acotando que luego, est\u00e1s contin\u00faan con el patrocinio letrado durante todo el proceso hasta la resoluci\u00f3n de la sentencia y, posteriormente, la reparaci\u00f3n del da\u00f1o.<\/p>\n\n\n\n<p>Otro aspecto fundamental que dio a conocer Andraus es el monitoreo del cumplimiento de las medidas cautelares a trav\u00e9s de dispositivos duales de geolocalizaci\u00f3n, que proporcionan por medio del Ministerio de Justicia de la Naci\u00f3n. Los mismos monitorean las 24 horas, los 365 d\u00edas del a\u00f1o, \u201ctanto a las v\u00edctimas como a los agresores\u201d.<\/p>\n\n\n\n<p>\u201cLogramos garantizar este a\u00f1o el acceso a la justicia a 2.895 mujeres y tenemos en la provincia otorgados 280 dispositivos activos y 141 dispositivos duales\u201d, precis\u00f3 la directora del Centro, qui\u00e9n para culminar agradeci\u00f3 a los poderes ejecutivo, legislativo y judicial por \u201cacompa\u00f1arnos y darnos los marcos legales que apoyan esta labor\u201d y \u201ca todos los equipos de trabajo involucrados tanto en lo profesional como en lo humano\u201d.<\/p>\n\n\n\n<p><strong>Ministra Mariel Gabur<\/strong><\/p>\n\n\n\n<p>\u201cNo hay mejor forma de visibilizar esta problem\u00e1tica, logrando que los hombres comiencen a conocer los derechos de las mujeres, algo que debe darse con pol\u00edticas de estado y acciones concretas\u201d, afirm\u00f3 al tomar la palabra en el acto, la ministra de Industria, Mariel Gabur, que destac\u00f3 la labor del Consejo Provincial de la Mujer y las pol\u00edticas p\u00fablicas del gobernador Gustavo Vald\u00e9s, que, vale resaltar, le da a \u201cmuchas mujeres, papeles relevantes dentro de cargos ejecutivos en la provincia\u201d.<\/p>\n\n\n\n<p>Continuando, la ministra puso de relieve que cuando las mujeres son avasalladas en sus derechos, \u201cgeneralmente hay ni\u00f1os y ni\u00f1as detr\u00e1s de ellas y el sufrimiento afecta a todo el grupo familiar\u201d.<\/p>\n\n\n\n<p>\u201cEs mucho lo que se viene haciendo y nos comprometemos a seguir bregando porque las mujeres tengan los mismos derechos y sean respetadas de manera integral\u201d, cerr\u00f3 expresando Gabur.<\/p>\n\n\n\n<p><strong>Ministro Claudio Anselmo<\/strong><\/p>\n\n\n\n<p>En representaci\u00f3n del Gobierno de Corrientes, el ministro de Producci\u00f3n, Claudio Anselmo, expres\u00f3 que este es un \u201cd\u00eda para reflexionar sobre nuestras conductas y actitudes\u201d, y valor\u00f3 el trabajo que se realiza desde la Provincia para acompa\u00f1ar y darle contenci\u00f3n a las v\u00edctimas de violencia de g\u00e9nero, pero tambi\u00e9n es \u201cmenester cambiar la actitud hacia nuestros semejantes\u201d.<\/p>\n\n\n\n<p>Para Anselmo, es clave concientizar que esta es una problem\u00e1tica que \u201cnos atraviesa a todos\u201d y breg\u00f3 por seguir abordando de manera conjunta e interdisciplinaria la violencia de g\u00e9nero.<\/p>\n\n\n\n<figure class=\"wp-block-image size-large\"><img loading=\"lazy\" decoding=\"async\" width=\"1024\" height=\"682\" src=\"https:\/\/corrientesdetarde.com\/wp-content\/uploads\/2024\/11\/image-986-1024x682.png\" alt=\"\" class=\"wp-image-175138\" srcset=\"https:\/\/corrientesdetarde.com\/wp-content\/uploads\/2024\/11\/image-986-1024x682.png 1024w, https:\/\/corrientesdetarde.com\/wp-content\/uploads\/2024\/11\/image-986-300x200.png 300w, https:\/\/corrientesdetarde.com\/wp-content\/uploads\/2024\/11\/image-986-768x512.png 768w, https:\/\/corrientesdetarde.com\/wp-content\/uploads\/2024\/11\/image-986-1536x1023.png 1536w, https:\/\/corrientesdetarde.com\/wp-content\/uploads\/2024\/11\/image-986.png 1600w\" sizes=\"auto, (max-width: 1024px) 100vw, 1024px\" \/><\/figure>\n\n\n\n<figure class=\"wp-block-image size-large\"><img loading=\"lazy\" decoding=\"async\" width=\"1024\" height=\"682\" src=\"https:\/\/corrientesdetarde.com\/wp-content\/uploads\/2024\/11\/image-987-1024x682.png\" alt=\"\" class=\"wp-image-175139\" srcset=\"https:\/\/corrientesdetarde.com\/wp-content\/uploads\/2024\/11\/image-987-1024x682.png 1024w, https:\/\/corrientesdetarde.com\/wp-content\/uploads\/2024\/11\/image-987-300x200.png 300w, https:\/\/corrientesdetarde.com\/wp-content\/uploads\/2024\/11\/image-987-768x512.png 768w, https:\/\/corrientesdetarde.com\/wp-content\/uploads\/2024\/11\/image-987-1536x1023.png 1536w, https:\/\/corrientesdetarde.com\/wp-content\/uploads\/2024\/11\/image-987.png 1600w\" sizes=\"auto, (max-width: 1024px) 100vw, 1024px\" \/><\/figure>\n\n\n\n<figure class=\"wp-block-image size-large\"><img loading=\"lazy\" decoding=\"async\" width=\"1024\" height=\"682\" src=\"https:\/\/corrientesdetarde.com\/wp-content\/uploads\/2024\/11\/image-989-1024x682.png\" alt=\"\" class=\"wp-image-175141\" srcset=\"https:\/\/corrientesdetarde.com\/wp-content\/uploads\/2024\/11\/image-989-1024x682.png 1024w, https:\/\/corrientesdetarde.com\/wp-content\/uploads\/2024\/11\/image-989-300x200.png 300w, https:\/\/corrientesdetarde.com\/wp-content\/uploads\/2024\/11\/image-989-768x512.png 768w, https:\/\/corrientesdetarde.com\/wp-content\/uploads\/2024\/11\/image-989-1536x1023.png 1536w, https:\/\/corrientesdetarde.com\/wp-content\/uploads\/2024\/11\/image-989.png 1600w\" sizes=\"auto, (max-width: 1024px) 100vw, 1024px\" \/><\/figure>\n\n\n\n<figure class=\"wp-block-image size-large\"><img loading=\"lazy\" decoding=\"async\" width=\"1024\" height=\"682\" src=\"https:\/\/corrientesdetarde.com\/wp-content\/uploads\/2024\/11\/image-990-1024x682.png\" alt=\"\" class=\"wp-image-175142\" srcset=\"https:\/\/corrientesdetarde.com\/wp-content\/uploads\/2024\/11\/image-990-1024x682.png 1024w, https:\/\/corrientesdetarde.com\/wp-content\/uploads\/2024\/11\/image-990-300x200.png 300w, https:\/\/corrientesdetarde.com\/wp-content\/uploads\/2024\/11\/image-990-768x512.png 768w, https:\/\/corrientesdetarde.com\/wp-content\/uploads\/2024\/11\/image-990-1536x1023.png 1536w, https:\/\/corrientesdetarde.com\/wp-content\/uploads\/2024\/11\/image-990.png 1600w\" sizes=\"auto, (max-width: 1024px) 100vw, 1024px\" \/><\/figure>\n\n\n\n<figure class=\"wp-block-image size-large\"><img loading=\"lazy\" decoding=\"async\" width=\"1024\" height=\"682\" src=\"https:\/\/corrientesdetarde.com\/wp-content\/uploads\/2024\/11\/image-991-1024x682.png\" alt=\"\" class=\"wp-image-175143\" srcset=\"https:\/\/corrientesdetarde.com\/wp-content\/uploads\/2024\/11\/image-991-1024x682.png 1024w, https:\/\/corrientesdetarde.com\/wp-content\/uploads\/2024\/11\/image-991-300x200.png 300w, https:\/\/corrientesdetarde.com\/wp-content\/uploads\/2024\/11\/image-991-768x512.png 768w, https:\/\/corrientesdetarde.com\/wp-content\/uploads\/2024\/11\/image-991-1536x1023.png 1536w, https:\/\/corrientesdetarde.com\/wp-content\/uploads\/2024\/11\/image-991.png 1600w\" sizes=\"auto, (max-width: 1024px) 100vw, 1024px\" \/><\/figure>\n\n\n\n<figure class=\"wp-block-image size-large\"><img loading=\"lazy\" decoding=\"async\" width=\"1024\" height=\"682\" src=\"https:\/\/corrientesdetarde.com\/wp-content\/uploads\/2024\/11\/image-992-1024x682.png\" alt=\"\" class=\"wp-image-175144\" srcset=\"https:\/\/corrientesdetarde.com\/wp-content\/uploads\/2024\/11\/image-992-1024x682.png 1024w, https:\/\/corrientesdetarde.com\/wp-content\/uploads\/2024\/11\/image-992-300x200.png 300w, https:\/\/corrientesdetarde.com\/wp-content\/uploads\/2024\/11\/image-992-768x512.png 768w, https:\/\/corrientesdetarde.com\/wp-content\/uploads\/2024\/11\/image-992-1536x1023.png 1536w, https:\/\/corrientesdetarde.com\/wp-content\/uploads\/2024\/11\/image-992.png 1600w\" sizes=\"auto, (max-width: 1024px) 100vw, 1024px\" \/><\/figure>\n\n\n\n<figure class=\"wp-block-image size-large\"><img loading=\"lazy\" decoding=\"async\" width=\"1024\" height=\"682\" src=\"https:\/\/corrientesdetarde.com\/wp-content\/uploads\/2024\/11\/image-993-1024x682.png\" alt=\"\" class=\"wp-image-175145\" srcset=\"https:\/\/corrientesdetarde.com\/wp-content\/uploads\/2024\/11\/image-993-1024x682.png 1024w, https:\/\/corrientesdetarde.com\/wp-content\/uploads\/2024\/11\/image-993-300x200.png 300w, https:\/\/corrientesdetarde.com\/wp-content\/uploads\/2024\/11\/image-993-768x512.png 768w, https:\/\/corrientesdetarde.com\/wp-content\/uploads\/2024\/11\/image-993-1536x1023.png 1536w, https:\/\/corrientesdetarde.com\/wp-content\/uploads\/2024\/11\/image-993.png 1600w\" sizes=\"auto, (max-width: 1024px) 100vw, 1024px\" \/><\/figure>\n\n\n\n<figure class=\"wp-block-image size-large\"><img loading=\"lazy\" decoding=\"async\" width=\"1024\" height=\"682\" src=\"https:\/\/corrientesdetarde.com\/wp-content\/uploads\/2024\/11\/image-994-1024x682.png\" alt=\"\" class=\"wp-image-175146\" srcset=\"https:\/\/corrientesdetarde.com\/wp-content\/uploads\/2024\/11\/image-994-1024x682.png 1024w, https:\/\/corrientesdetarde.com\/wp-content\/uploads\/2024\/11\/image-994-300x200.png 300w, https:\/\/corrientesdetarde.com\/wp-content\/uploads\/2024\/11\/image-994-768x512.png 768w, https:\/\/corrientesdetarde.com\/wp-content\/uploads\/2024\/11\/image-994-1536x1023.png 1536w, https:\/\/corrientesdetarde.com\/wp-content\/uploads\/2024\/11\/image-994.png 1600w\" sizes=\"auto, (max-width: 1024px) 100vw, 1024px\" \/><\/figure>\n","protected":false},"excerpt":{"rendered":"<p>Este lunes se realiz\u00f3 en Casa de Gobierno un acto en conmemoraci\u00f3n por el D\u00eda Internacional de la Eliminaci\u00f3n de la violencia contra las Mujeres, el cual fue encabezado por&hellip; <\/p>\n","protected":false},"author":8,"featured_media":175140,"comment_status":"closed","ping_status":"open","sticky":false,"template":"","format":"standard","meta":{"footnotes":""},"categories":[17],"tags":[],"class_list":["post-175137","post","type-post","status-publish","format-standard","has-post-thumbnail","hentry","category-sociales"],"_links":{"self":[{"href":"https:\/\/corrientesdetarde.com\/index.php\/wp-json\/wp\/v2\/posts\/175137","targetHints":{"allow":["GET"]}}],"collection":[{"href":"https:\/\/corrientesdetarde.com\/index.php\/wp-json\/wp\/v2\/posts"}],"about":[{"href":"https:\/\/corrientesdetarde.com\/index.php\/wp-json\/wp\/v2\/types\/post"}],"author":[{"embeddable":true,"href":"https:\/\/corrientesdetarde.com\/index.php\/wp-json\/wp\/v2\/users\/8"}],"replies":[{"embeddable":true,"href":"https:\/\/corrientesdetarde.com\/index.php\/wp-json\/wp\/v2\/comments?post=175137"}],"version-history":[{"count":1,"href":"https:\/\/corrientesdetarde.com\/index.php\/wp-json\/wp\/v2\/posts\/175137\/revisions"}],"predecessor-version":[{"id":175147,"href":"https:\/\/corrientesdetarde.com\/index.php\/wp-json\/wp\/v2\/posts\/175137\/revisions\/175147"}],"wp:featuredmedia":[{"embeddable":true,"href":"https:\/\/corrientesdetarde.com\/index.php\/wp-json\/wp\/v2\/media\/175140"}],"wp:attachment":[{"href":"https:\/\/corrientesdetarde.com\/index.php\/wp-json\/wp\/v2\/media?parent=175137"}],"wp:term":[{"taxonomy":"category","embeddable":true,"href":"https:\/\/corrientesdetarde.com\/index.php\/wp-json\/wp\/v2\/categories?post=175137"},{"taxonomy":"post_tag","embeddable":true,"href":"https:\/\/corrientesdetarde.com\/index.php\/wp-json\/wp\/v2\/tags?post=175137"}],"curies":[{"name":"wp","href":"https:\/\/api.w.org\/{rel}","templated":true}]}}