{"id":175148,"date":"2024-11-25T13:35:24","date_gmt":"2024-11-25T16:35:24","guid":{"rendered":"https:\/\/corrientesdetarde.com\/?p=175148"},"modified":"2024-11-25T13:35:30","modified_gmt":"2024-11-25T16:35:30","slug":"el-gobierno-autorizo-a-tres-aerolineas-internacionales-a-operar-nuevas-rutas-dentro-del-pais","status":"publish","type":"post","link":"https:\/\/corrientesdetarde.com\/index.php\/economia\/el-gobierno-autorizo-a-tres-aerolineas-internacionales-a-operar-nuevas-rutas-dentro-del-pais\/","title":{"rendered":"El Gobierno autoriz\u00f3 a tres aerol\u00edneas internacionales a operar nuevas rutas dentro del pa\u00eds"},"content":{"rendered":"\n<p>Se trata de l\u00edneas a\u00e9reas de Chile, Per\u00fa y Rep\u00fablica Dominicana. La medida se enmarca en la pol\u00edtica de Cielos Abiertos que lleva adelante el Ejecutivo para desregular el sector aerocomercial.<\/p>\n\n\n\n<p>El Gobierno<strong>&nbsp;autoriz\u00f3 a tres aerol\u00edneas internacionales<\/strong>&nbsp;a operar nuevas rutas dentro de la Argentina. La medida les permite explotar servicios regulares de transporte a\u00e9reo de pasajeros y cargas en el pa\u00eds, de forma combinada.<\/p>\n\n\n\n<p>La medida se enmarca dentro de la pol\u00edtica de&nbsp;<strong>Cielos Abiertos&nbsp;<\/strong>que lleva adelante el Ejecutivo para desregular el sector aerocomercial y la autorizaci\u00f3n es para tres empresas internacionales de&nbsp;<strong>Chile, Per\u00fa y Rep\u00fablica Dominicana.<\/strong><\/p>\n\n\n\n<p>Una de las empresas beneficiadas por la decisi\u00f3n que se hizo oficial este lunes es&nbsp;<strong>Sky Airline S.A.,&nbsp;<\/strong>de bandera chilena, que podr\u00e1 operar la ruta a\u00e9rea que une a las ciudades de&nbsp;<strong>San Pablo (Brasil), Santiago de Chile y Bariloche.<\/strong><\/p>\n\n\n\n<p>El Ejecutivo hab\u00eda autorizado a esta empresa la semana pasada para que pueda operar de forma combinada en la ruta&nbsp;<strong>Santiago de Chile-El Calafate<\/strong>&nbsp;y regreso, para brindar nuevos servicios regulares y tambi\u00e9n para transporte a\u00e9reo de pasajeros y cargas.<\/p>\n\n\n\n<p>La segunda empresa que fue autorizada por el Gobierno es&nbsp;<strong>Arajet S.A.,&nbsp;<\/strong>de Rep\u00fablica Dominicana, que podr\u00e1 realizar servicios regulares internacionales de transporte a\u00e9reo de pasajeros y cargas en la ruta que une&nbsp;<strong>Punta Cana&nbsp;<\/strong>con&nbsp;<strong>Buenos Aires<\/strong>, y regreso.<\/p>\n\n\n\n<p>Por \u00faltimo, la empresa peruana&nbsp;<strong>Jetsmart Airlines Per\u00fa S.A.C.<\/strong>&nbsp;qued\u00f3 autorizada para explotar la ruta<strong>&nbsp;Lima\u2013Buenos Aires,<\/strong>&nbsp;tambi\u00e9n para servicios regulares internacionales de transporte a\u00e9reo de pasajeros y cargas.<\/p>\n\n\n\n<figure class=\"wp-block-image\"><img decoding=\"async\" src=\"https:\/\/tn.com.ar\/resizer\/v2\/la-iniciativa-implica-un-sistema-de-frecuencias-ilimitadas-es-decir-cada-linea-aerea-tendra-la-libertad-de-determinar-la-cantidad-de-frecuencias-foto-reutersagustin-marcarian-SRI2VFQ5KLKC6KJGFY66FAS7Y4.jpg?auth=af0b67843063e3e813b76e765cbd4d8ce1fc4f44dfd24ef40ce1ddb8d8ad06d7&amp;width=767\" alt=\"La iniciativa implica un sistema de frecuencias ilimitadas, es decir, cada l\u00ednea a\u00e9rea tendr\u00e1 la libertad de determinar la cantidad de frecuencias. (Foto: REUTERS\/Agustin Marcarian).\"\/><\/figure>\n\n\n\n<p>La iniciativa implica un<strong>&nbsp;sistema de frecuencias ilimitadas,<\/strong>&nbsp;es decir, cada l\u00ednea a\u00e9rea tendr\u00e1 la libertad de determinar la cantidad de frecuencias de acuerdo a su previsi\u00f3n de mercado, seg\u00fan establece el acuerdo de la pol\u00edtica de Cielos Abiertos.<\/p>\n\n\n\n<p>Tambi\u00e9n&nbsp;<strong>cada aerol\u00ednea podr\u00e1 decidir la cantidad y destino de sus escalas&nbsp;<\/strong>y podr\u00e1 eliminar las restricciones en los puntos de destinos. A su vez, todas las aerol\u00edneas podr\u00e1n elegir sumar destinos y capacidades de carga si as\u00ed lo requieren.<\/p>\n\n\n\n<p>El secretario de Transporte,&nbsp;<strong>Franco Mogetta<\/strong>, celebr\u00f3 la medida del Gobierno y destac\u00f3 tanto el trabajo del presidente,<strong>&nbsp;Javier Milei<\/strong>, y como el del ministro de Econom\u00eda,&nbsp;<strong>Luis Caputo,&nbsp;<\/strong>y el del ministro de Desregularizaci\u00f3n,&nbsp;<strong>Federico Sturzenegger.<\/strong><\/p>\n\n\n\n<p>\u201cDesde que Javier Milei lleg\u00f3 al gobierno, Cielos Abiertos en Argentina es una realidad y<strong>&nbsp;hoy se robustece con tres nuevas autorizaciones&nbsp;<\/strong>que salieron desde el ministerio que encabeza Luis Caputo\u201d, comenz\u00f3 el mensaje que escribi\u00f3 en su cuenta de X (exTwitter)<\/p>\n\n\n\n<p>En ese sentido, agreg\u00f3: \u201cCada vez m\u00e1s empresas a\u00e9reas operan diferentes rutas de todo el pa\u00eds, tanto para el transporte de pasajeros como de cargas. Y sin trabas,&nbsp;<strong>sin demoras burocr\u00e1ticas del Estado, sin monopolios que lo impidan\u201d.<\/strong><\/p>\n\n\n\n<p>\u201cSin el trabajo coordinado con<strong>&nbsp;Federico Sturzenegger,<\/strong>&nbsp;la liberalizaci\u00f3n de los cielos no hubiera sido posible. Pronto m\u00e1s empresas se sumar\u00e1n a brindar conectividad en el mercado local e internacional!\u201d, cerr\u00f3 el secretario de Transporte.<\/p>\n\n\n\n<p>Las autorizaciones a\u00e9reas se enmarcan dentro de la pol\u00edtica de Cielos Abiertos, que tiene como objetivo que&nbsp;<strong>nuevas compa\u00f1\u00edas a\u00e9reas puedan operar en el pa\u00eds&nbsp;<\/strong>para generar mayor competitividad en el sector aerocomercial. Acuerdos como el que se hicieron oficial este lunes, ya se concretaron con otros siete pa\u00edses:&nbsp;<strong>Brasil, Uruguay, Paraguay, Ecuador, Canad\u00e1, Panam\u00e1 y M\u00e9xico.<\/strong><\/p>\n","protected":false},"excerpt":{"rendered":"<p>Se trata de l\u00edneas a\u00e9reas de Chile, Per\u00fa y Rep\u00fablica Dominicana. La medida se enmarca en la pol\u00edtica de Cielos Abiertos que lleva adelante el Ejecutivo para desregular el sector&hellip; <\/p>\n","protected":false},"author":8,"featured_media":175149,"comment_status":"closed","ping_status":"open","sticky":false,"template":"","format":"standard","meta":{"footnotes":""},"categories":[20],"tags":[],"class_list":["post-175148","post","type-post","status-publish","format-standard","has-post-thumbnail","hentry","category-economia"],"_links":{"self":[{"href":"https:\/\/corrientesdetarde.com\/index.php\/wp-json\/wp\/v2\/posts\/175148","targetHints":{"allow":["GET"]}}],"collection":[{"href":"https:\/\/corrientesdetarde.com\/index.php\/wp-json\/wp\/v2\/posts"}],"about":[{"href":"https:\/\/corrientesdetarde.com\/index.php\/wp-json\/wp\/v2\/types\/post"}],"author":[{"embeddable":true,"href":"https:\/\/corrientesdetarde.com\/index.php\/wp-json\/wp\/v2\/users\/8"}],"replies":[{"embeddable":true,"href":"https:\/\/corrientesdetarde.com\/index.php\/wp-json\/wp\/v2\/comments?post=175148"}],"version-history":[{"count":1,"href":"https:\/\/corrientesdetarde.com\/index.php\/wp-json\/wp\/v2\/posts\/175148\/revisions"}],"predecessor-version":[{"id":175150,"href":"https:\/\/corrientesdetarde.com\/index.php\/wp-json\/wp\/v2\/posts\/175148\/revisions\/175150"}],"wp:featuredmedia":[{"embeddable":true,"href":"https:\/\/corrientesdetarde.com\/index.php\/wp-json\/wp\/v2\/media\/175149"}],"wp:attachment":[{"href":"https:\/\/corrientesdetarde.com\/index.php\/wp-json\/wp\/v2\/media?parent=175148"}],"wp:term":[{"taxonomy":"category","embeddable":true,"href":"https:\/\/corrientesdetarde.com\/index.php\/wp-json\/wp\/v2\/categories?post=175148"},{"taxonomy":"post_tag","embeddable":true,"href":"https:\/\/corrientesdetarde.com\/index.php\/wp-json\/wp\/v2\/tags?post=175148"}],"curies":[{"name":"wp","href":"https:\/\/api.w.org\/{rel}","templated":true}]}}