{"id":175151,"date":"2024-11-25T13:38:44","date_gmt":"2024-11-25T16:38:44","guid":{"rendered":"https:\/\/corrientesdetarde.com\/?p=175151"},"modified":"2024-11-25T13:38:56","modified_gmt":"2024-11-25T16:38:56","slug":"se-define-el-futuro-de-franco-colapinto-la-decision-de-red-bull-que-puede-darle-una-butaca-para-2025","status":"publish","type":"post","link":"https:\/\/corrientesdetarde.com\/index.php\/deportes\/se-define-el-futuro-de-franco-colapinto-la-decision-de-red-bull-que-puede-darle-una-butaca-para-2025\/","title":{"rendered":"Se define el futuro de Franco Colapinto: la decisi\u00f3n de Red Bull que puede darle una butaca para 2025"},"content":{"rendered":"\n<p>Los accionistas de la escuder\u00eda austr\u00edaca tendr\u00e1n una reuni\u00f3n despu\u00e9s del Gran Premio de Abu Dhabi de la F\u00f3rmula 1.<\/p>\n\n\n\n<p><strong>Franco Colapinto<\/strong>\u00a0est\u00e1 en boca de miles de fan\u00e1ticos en la\u00a0F\u00f3rmula 1. A pesar de esto, no tiene un asiento asegurado para 2025. En ese sentido, los accionistas de\u00a0<strong>Red Bull<\/strong>\u00a0decidir\u00e1n el futuro de sus pilotos despu\u00e9s del\u00a0Gran Premio de Abu Dhabi, una decisi\u00f3n que puede influir en la carrera del argentino.<\/p>\n\n\n\n<p><strong>\u201cHabr\u00e1 una reuni\u00f3n despu\u00e9s de Abu Dhabi y el resultado de esta reuni\u00f3n se presentar\u00e1 a los accionistas y entonces decidir\u00e1n c\u00f3mo ser\u00e1 la situaci\u00f3n de los pilotos de ambos equipos para el pr\u00f3ximo a\u00f1o<\/strong>\u201d, dijo el asesor de la escuder\u00eda austr\u00edaca,&nbsp;<strong>Helmut Marko<\/strong>&nbsp;en di\u00e1logo con&nbsp;<em>ORF<\/em>.<\/p>\n\n\n\n<p>Y, luego agreg\u00f3: \u201c<strong>Ahora no s\u00e9 la diferencia exacta, pero creo que Checo P\u00e9rez tiene m\u00e1s de 200 puntos menos que Max. Y entonces est\u00e1 claro que el t\u00edtulo de constructores ya no es posible<\/strong>, as\u00ed que si Sergio estuviera cerca de (Lewis) Hamilton y (George) Russell o Ferrari o incluso McLaren, entonces estar\u00edamos de nuevo muy por delante\u201d, sentenci\u00f3 Marko.<\/p>\n\n\n\n<figure class=\"wp-block-image\"><img decoding=\"async\" src=\"https:\/\/tn.com.ar\/resizer\/v2\/el-argentino-se-prepara-para-correr-el-proximo-fin-de-semana-en-abu-dhabi-foto-reuters-RDZZJJGTVRH4RB7FUU6YWHGWPU.jpg?auth=d8be1131a8866a4db438ed505d773969f3bd33eb8be147b647e855c32f8e8ee2&amp;width=767\" alt=\"El argentino se prepara para correr el pr\u00f3ximo fin de semana en Abu Dhabi. (Foto: Reuters)\"\/><\/figure>\n\n\n\n<h2 class=\"wp-block-heading\">Red Bull decidir\u00e1 el futuro de Checo P\u00e9rez<\/h2>\n\n\n\n<p>La pareja de Red Bull Racing,&nbsp;<strong>Yuki Tsunoda&nbsp;<\/strong>y<strong>&nbsp;Liam Lawson,&nbsp;<\/strong>podr\u00edan desplazar a Checo P\u00e9rez. El japon\u00e9s probar\u00e1 el monoplaza despu\u00e9s de Abu Dhabi y el piloto neozeland\u00e9s se perfila como candidato para ocupar su lugar.<\/p>\n\n\n\n<p>Sin embargo, existe la posibilidad de que la escuder\u00eda austr\u00edaca contrate de Franco Colapinto debido a que el argentino llam\u00f3 la atenci\u00f3n desde que apareci\u00f3 como piloto titular de Williams en agosto.<\/p>\n\n\n\n<p>\u201c<strong>Tenemos pilotos bajo contrato, y tenemos pilotos con opciones que quedan entre la compa\u00f1\u00eda y los pilotos implicados. Y no hay nada que decir al respecto. Pero si hubiera algo que decir, te lo dir\u00eda<\/strong>\u201d, dijo el director de Red Bull,&nbsp;<strong>Cristian Horner<\/strong>, tras la carrera en Las Vegas.<\/p>\n\n\n\n<h2 class=\"wp-block-heading\">GP de Abu Dhabi: d\u00eda, horario y ver en TV y online<\/h2>\n\n\n\n<p>El domingo 1 de diciembre, a partir de las 10, se largar\u00e1 la carrera en el Circuito Yas Marina de Emiratos \u00c1rabes Unidos, que tendr\u00e1 una velocidad m\u00e1xima de 344 kil\u00f3metros por hora: la competencia ser\u00e1 transmitida en la plataforma de streaming&nbsp;<em>Star+<\/em>, a trav\u00e9s de<em>&nbsp;ESPN<\/em>. A su vez, la contienda tambi\u00e9n se podr\u00e1 ver en cable por&nbsp;<em>Fox Sports.<\/em><\/p>\n","protected":false},"excerpt":{"rendered":"<p>Los accionistas de la escuder\u00eda austr\u00edaca tendr\u00e1n una reuni\u00f3n despu\u00e9s del Gran Premio de Abu Dhabi de la F\u00f3rmula 1. Franco Colapinto\u00a0est\u00e1 en boca de miles de fan\u00e1ticos en la\u00a0F\u00f3rmula&hellip; <\/p>\n","protected":false},"author":8,"featured_media":175152,"comment_status":"closed","ping_status":"open","sticky":false,"template":"","format":"standard","meta":{"footnotes":""},"categories":[4],"tags":[],"class_list":["post-175151","post","type-post","status-publish","format-standard","has-post-thumbnail","hentry","category-deportes"],"_links":{"self":[{"href":"https:\/\/corrientesdetarde.com\/index.php\/wp-json\/wp\/v2\/posts\/175151","targetHints":{"allow":["GET"]}}],"collection":[{"href":"https:\/\/corrientesdetarde.com\/index.php\/wp-json\/wp\/v2\/posts"}],"about":[{"href":"https:\/\/corrientesdetarde.com\/index.php\/wp-json\/wp\/v2\/types\/post"}],"author":[{"embeddable":true,"href":"https:\/\/corrientesdetarde.com\/index.php\/wp-json\/wp\/v2\/users\/8"}],"replies":[{"embeddable":true,"href":"https:\/\/corrientesdetarde.com\/index.php\/wp-json\/wp\/v2\/comments?post=175151"}],"version-history":[{"count":1,"href":"https:\/\/corrientesdetarde.com\/index.php\/wp-json\/wp\/v2\/posts\/175151\/revisions"}],"predecessor-version":[{"id":175153,"href":"https:\/\/corrientesdetarde.com\/index.php\/wp-json\/wp\/v2\/posts\/175151\/revisions\/175153"}],"wp:featuredmedia":[{"embeddable":true,"href":"https:\/\/corrientesdetarde.com\/index.php\/wp-json\/wp\/v2\/media\/175152"}],"wp:attachment":[{"href":"https:\/\/corrientesdetarde.com\/index.php\/wp-json\/wp\/v2\/media?parent=175151"}],"wp:term":[{"taxonomy":"category","embeddable":true,"href":"https:\/\/corrientesdetarde.com\/index.php\/wp-json\/wp\/v2\/categories?post=175151"},{"taxonomy":"post_tag","embeddable":true,"href":"https:\/\/corrientesdetarde.com\/index.php\/wp-json\/wp\/v2\/tags?post=175151"}],"curies":[{"name":"wp","href":"https:\/\/api.w.org\/{rel}","templated":true}]}}