{"id":175154,"date":"2024-11-25T13:47:34","date_gmt":"2024-11-25T16:47:34","guid":{"rendered":"https:\/\/corrientesdetarde.com\/?p=175154"},"modified":"2024-11-25T14:13:50","modified_gmt":"2024-11-25T17:13:50","slug":"denuncia-penal-contra-kicillof-y-sileoni-por-materiales-educativos-polemicos","status":"publish","type":"post","link":"https:\/\/corrientesdetarde.com\/index.php\/politica\/denuncia-penal-contra-kicillof-y-sileoni-por-materiales-educativos-polemicos\/","title":{"rendered":"DENUNCIA PENAL CONTRA KICILLOF Y SILEONI POR MATERIALES EDUCATIVOS POL\u00c9MICOS"},"content":{"rendered":"\n<p>(Pablo Roma, Congreso Nacional) &#8211; Patricia V\u00e1squez, diputada del Pro, acusa al gobernador y al ministro de Educaci\u00f3n bonaerense de \u201cvulnerar los derechos de ni\u00f1os y adolescentes\u201d con textos distribuidos en escuelas.<\/p>\n\n\n\n<p>La diputada nacional Patricia V\u00e1squez present\u00f3 una denuncia penal contra el gobernador de la provincia de Buenos Aires, Axel Kicillof, y el director general de Cultura y Educaci\u00f3n, Alberto Sileoni, ante la Fiscal\u00eda General de La Plata. Seg\u00fan V\u00e1squez, ambos funcionarios ser\u00edan responsables de la presunta comisi\u00f3n de \u201cvarios delitos\u201d vinculados a la distribuci\u00f3n de contenidos inapropiados en el marco del programa educativo provincial.<\/p>\n\n\n\n<p>La pol\u00e9mica gira en torno a los libros del cat\u00e1logo \u201cIdentidades Bonaerenses\u201d, distribuidos en m\u00e1s de 2.350 escuelas secundarias y 443 t\u00e9cnicas. Seg\u00fan la legisladora, algunos textos utilizados en clases de Educaci\u00f3n Sexual Integral (ESI) incluir\u00edan escenas de sexo expl\u00edcito y lenguaje inadecuado para menores, lo que \u201cafecta gravemente su salud ps\u00edquica y f\u00edsica\u201d y los coloca en una \u201cmayor vulnerabilidad\u201d.<\/p>\n\n\n\n<p>Cr\u00edticas al enfoque de la ESI<br>V\u00e1squez subray\u00f3 que su denuncia no cuestiona el valor literario de las obras, sino su idoneidad para ser impartidas en ciertos niveles educativos. \u201cNo se trata de censurar la literatura, sino de garantizar que los contenidos sean apropiados para las edades de los estudiantes\u201d, expres\u00f3. Adem\u00e1s, cuestion\u00f3 a los funcionarios por el presunto incumplimiento de los deberes de funcionario p\u00fablico, al no evaluar adecuadamente el impacto de estos materiales en los j\u00f3venes.<\/p>\n\n\n\n<p>La legisladora tambi\u00e9n apel\u00f3 a la Convenci\u00f3n sobre los Derechos del Ni\u00f1o de la ONU, que exige a los Estados proteger a los menores de cualquier forma de abuso o exposici\u00f3n a contenidos perjudiciales. Cit\u00f3 los art\u00edculos 17, 19 y 28 de la convenci\u00f3n, enfatizando la responsabilidad estatal de proporcionar una educaci\u00f3n adaptada a las capacidades y necesidades de los estudiantes.<\/p>\n\n\n\n<p>Denuncia con fundamento legal<br>En el texto presentado, V\u00e1squez acus\u00f3 al Estado provincial de promover materiales con representaciones expl\u00edcitas que podr\u00edan generar perturbaciones emocionales y psicol\u00f3gicas en los menores. \u201cLejos de cumplir con su rol protector, el Estado incrementa la vulnerabilidad de los ni\u00f1os y adolescentes al permitir la libre circulaci\u00f3n de estos contenidos en el \u00e1mbito escolar\u201d, se\u00f1al\u00f3.<\/p>\n\n\n\n<p>La denuncia se produce d\u00edas despu\u00e9s de que el gobernador Kicillof publicara en redes sociales una foto leyendo los textos cuestionados, lo que intensific\u00f3 la controversia. La diputada inst\u00f3 al ministerio p\u00fablico fiscal a investigar los hechos con celeridad y profundidad, en defensa de las familias bonaerenses.<\/p>\n\n\n\n<p>El caso promete avivar el debate sobre los l\u00edmites en los contenidos educativos y la implementaci\u00f3n de la ESI en las escuelas argentinas.<\/p>\n","protected":false},"excerpt":{"rendered":"<p>(Pablo Roma, Congreso Nacional) &#8211; Patricia V\u00e1squez, diputada del Pro, acusa al gobernador y al ministro de Educaci\u00f3n bonaerense de \u201cvulnerar los derechos de ni\u00f1os y adolescentes\u201d con textos distribuidos&hellip; <\/p>\n","protected":false},"author":11,"featured_media":175155,"comment_status":"closed","ping_status":"open","sticky":false,"template":"","format":"standard","meta":{"footnotes":""},"categories":[3],"tags":[],"class_list":["post-175154","post","type-post","status-publish","format-standard","has-post-thumbnail","hentry","category-politica"],"_links":{"self":[{"href":"https:\/\/corrientesdetarde.com\/index.php\/wp-json\/wp\/v2\/posts\/175154","targetHints":{"allow":["GET"]}}],"collection":[{"href":"https:\/\/corrientesdetarde.com\/index.php\/wp-json\/wp\/v2\/posts"}],"about":[{"href":"https:\/\/corrientesdetarde.com\/index.php\/wp-json\/wp\/v2\/types\/post"}],"author":[{"embeddable":true,"href":"https:\/\/corrientesdetarde.com\/index.php\/wp-json\/wp\/v2\/users\/11"}],"replies":[{"embeddable":true,"href":"https:\/\/corrientesdetarde.com\/index.php\/wp-json\/wp\/v2\/comments?post=175154"}],"version-history":[{"count":3,"href":"https:\/\/corrientesdetarde.com\/index.php\/wp-json\/wp\/v2\/posts\/175154\/revisions"}],"predecessor-version":[{"id":175167,"href":"https:\/\/corrientesdetarde.com\/index.php\/wp-json\/wp\/v2\/posts\/175154\/revisions\/175167"}],"wp:featuredmedia":[{"embeddable":true,"href":"https:\/\/corrientesdetarde.com\/index.php\/wp-json\/wp\/v2\/media\/175155"}],"wp:attachment":[{"href":"https:\/\/corrientesdetarde.com\/index.php\/wp-json\/wp\/v2\/media?parent=175154"}],"wp:term":[{"taxonomy":"category","embeddable":true,"href":"https:\/\/corrientesdetarde.com\/index.php\/wp-json\/wp\/v2\/categories?post=175154"},{"taxonomy":"post_tag","embeddable":true,"href":"https:\/\/corrientesdetarde.com\/index.php\/wp-json\/wp\/v2\/tags?post=175154"}],"curies":[{"name":"wp","href":"https:\/\/api.w.org\/{rel}","templated":true}]}}