{"id":175159,"date":"2024-11-25T14:18:02","date_gmt":"2024-11-25T17:18:02","guid":{"rendered":"https:\/\/corrientesdetarde.com\/?p=175159"},"modified":"2024-11-25T14:18:09","modified_gmt":"2024-11-25T17:18:09","slug":"mas-de-2-400-corredores-participaron-durante-el-ano-de-las-maratones-barriales","status":"publish","type":"post","link":"https:\/\/corrientesdetarde.com\/index.php\/sociales\/mas-de-2-400-corredores-participaron-durante-el-ano-de-las-maratones-barriales\/","title":{"rendered":"M\u00e1s de 2.400 corredores participaron durante el a\u00f1o de las Maratones Barriales\u00a0"},"content":{"rendered":"\n<p><em>Con un cupo completo, el evento organizado por la Municipalidad de Corrientes tuvo su cierre en el San Ger\u00f3nimo. Durante el a\u00f1o, la propuesta que apunta a promover la actividad f\u00edsica recorri\u00f3, adem\u00e1s, los barrios Juan de Vera, Santa Catalina, Laguna Brava, Molina Punta y Laguna Seca. Est\u00e1 confirmado adem\u00e1s que durante el 2025 se realizar\u00e1 en 9 puntos de la ciudad.<\/em><\/p>\n\n\n\n<p>Organizadas por la Municipalidad, las Maratones Barriales cerraron su exitosa edici\u00f3n 2024 con la participaci\u00f3n de m\u00e1s de 2400 corredores. Durante el a\u00f1o, el evento recorri\u00f3 los barrios Juan de Vera, Santa Catalina, Laguna Brava, Molina Punta, Laguna Seca y San Ger\u00f3nimo, con un promedio de 400 corredores por competencia.&nbsp;<br><br>La acci\u00f3n, organizada por la Secretar\u00eda de Turismo y Deportes, tiene como fin principal promover la actividad f\u00edsica y una vida saludable. Es una propuesta que incluye a todas las edades, desde chicos a adultos mayores y tambi\u00e9n a personas con discapacidad. &nbsp;<br><br>\u201cCerramos un nuevo a\u00f1o de Maratones Barriales con un balance sumamente positivo, teniendo en cuenta que nuevamente hemos recorrido diversos barrios de la ciudad capital y teniendo nuevos adeptos a esta disciplina tan inclusiva, familiar y tan saludable\u201d, afirm\u00f3 el secretario de Turismo y Deportes del municipio, Juan Enrique Braillard Poccard.<br><br>El funcionario explic\u00f3 que durante todas las jornadas a lo largo del 2024 contaron con cupos completos de participaci\u00f3n. \u201cEn todos los casos hemos tenido inscripci\u00f3n total en menos de 24 horas v\u00eda online y teniendo que extendernos siempre en un 10 o 15% la cantidad de inscriptos por la demanda del vecino\u201d, precis\u00f3.<br><br>Adem\u00e1s, resalt\u00f3 que durante todas las carreras \u201cse brindaron los respectivos cuidados de salud, cronometraje, acompa\u00f1amiento del equipo de deportes, hidrataci\u00f3n y todas las cuestiones que hacen a la calidad del servicio\u201d.<br><br>Por otra parte, Braillard Poccard remarc\u00f3 la importancia de descentralizar las actividades y llevarlas a diferentes puntos de capital. \u201cHemos desarrollado no solo lo que son Maratones Barriales, sino que otras actividades culturales y tur\u00edsticas a lo largo y ancho de toda la ciudad de Corrientes porque buscamos que el vecino tenga la oportunidad de acceder a una actividad libre y gratuita sin necesidad de tener que trasladarse a los puntos m\u00e1s concurridos como lo son el parque Mitre, Camb\u00e1 Cu\u00e1 o Costanera\u201d, puntualiz\u00f3.<br><br>Por \u00faltimo, adelant\u00f3 \u201cya est\u00e1n armados los cronogramas del 2025 que vamos a estar publicando en las pr\u00f3ximas semanas con los nuevos recorridos\u201d. \u201cLa idea es poder completar todas las fechas con 9 barrios\u201d, a\u00f1adi\u00f3.<\/p>\n\n\n\n<figure class=\"wp-block-image size-large\"><img loading=\"lazy\" decoding=\"async\" width=\"1024\" height=\"682\" src=\"https:\/\/corrientesdetarde.com\/wp-content\/uploads\/2024\/11\/image-997-1024x682.png\" alt=\"\" class=\"wp-image-175160\" srcset=\"https:\/\/corrientesdetarde.com\/wp-content\/uploads\/2024\/11\/image-997-1024x682.png 1024w, https:\/\/corrientesdetarde.com\/wp-content\/uploads\/2024\/11\/image-997-300x200.png 300w, https:\/\/corrientesdetarde.com\/wp-content\/uploads\/2024\/11\/image-997-768x512.png 768w, https:\/\/corrientesdetarde.com\/wp-content\/uploads\/2024\/11\/image-997.png 1280w\" sizes=\"auto, (max-width: 1024px) 100vw, 1024px\" \/><\/figure>\n\n\n\n<figure class=\"wp-block-image size-large\"><img loading=\"lazy\" decoding=\"async\" width=\"1024\" height=\"682\" src=\"https:\/\/corrientesdetarde.com\/wp-content\/uploads\/2024\/11\/image-999-1024x682.png\" alt=\"\" class=\"wp-image-175162\" srcset=\"https:\/\/corrientesdetarde.com\/wp-content\/uploads\/2024\/11\/image-999-1024x682.png 1024w, https:\/\/corrientesdetarde.com\/wp-content\/uploads\/2024\/11\/image-999-300x200.png 300w, https:\/\/corrientesdetarde.com\/wp-content\/uploads\/2024\/11\/image-999-768x512.png 768w, https:\/\/corrientesdetarde.com\/wp-content\/uploads\/2024\/11\/image-999.png 1280w\" sizes=\"auto, (max-width: 1024px) 100vw, 1024px\" \/><\/figure>\n\n\n\n<figure class=\"wp-block-image size-large\"><img loading=\"lazy\" decoding=\"async\" width=\"1024\" height=\"682\" src=\"https:\/\/corrientesdetarde.com\/wp-content\/uploads\/2024\/11\/image-1000-1024x682.png\" alt=\"\" class=\"wp-image-175163\" srcset=\"https:\/\/corrientesdetarde.com\/wp-content\/uploads\/2024\/11\/image-1000-1024x682.png 1024w, https:\/\/corrientesdetarde.com\/wp-content\/uploads\/2024\/11\/image-1000-300x200.png 300w, https:\/\/corrientesdetarde.com\/wp-content\/uploads\/2024\/11\/image-1000-768x512.png 768w, https:\/\/corrientesdetarde.com\/wp-content\/uploads\/2024\/11\/image-1000.png 1280w\" sizes=\"auto, (max-width: 1024px) 100vw, 1024px\" \/><\/figure>\n\n\n\n<figure class=\"wp-block-image size-large\"><img loading=\"lazy\" decoding=\"async\" width=\"1024\" height=\"682\" src=\"https:\/\/corrientesdetarde.com\/wp-content\/uploads\/2024\/11\/image-1001-1024x682.png\" alt=\"\" class=\"wp-image-175164\" srcset=\"https:\/\/corrientesdetarde.com\/wp-content\/uploads\/2024\/11\/image-1001-1024x682.png 1024w, https:\/\/corrientesdetarde.com\/wp-content\/uploads\/2024\/11\/image-1001-300x200.png 300w, https:\/\/corrientesdetarde.com\/wp-content\/uploads\/2024\/11\/image-1001-768x511.png 768w, https:\/\/corrientesdetarde.com\/wp-content\/uploads\/2024\/11\/image-1001.png 1280w\" sizes=\"auto, (max-width: 1024px) 100vw, 1024px\" \/><\/figure>\n\n\n\n<figure class=\"wp-block-image size-large\"><img loading=\"lazy\" decoding=\"async\" width=\"1024\" height=\"682\" src=\"https:\/\/corrientesdetarde.com\/wp-content\/uploads\/2024\/11\/image-1002-1024x682.png\" alt=\"\" class=\"wp-image-175165\" srcset=\"https:\/\/corrientesdetarde.com\/wp-content\/uploads\/2024\/11\/image-1002-1024x682.png 1024w, https:\/\/corrientesdetarde.com\/wp-content\/uploads\/2024\/11\/image-1002-300x200.png 300w, https:\/\/corrientesdetarde.com\/wp-content\/uploads\/2024\/11\/image-1002-768x512.png 768w, https:\/\/corrientesdetarde.com\/wp-content\/uploads\/2024\/11\/image-1002.png 1280w\" sizes=\"auto, (max-width: 1024px) 100vw, 1024px\" \/><\/figure>\n\n\n\n<figure class=\"wp-block-image size-large\"><img loading=\"lazy\" decoding=\"async\" width=\"1024\" height=\"682\" src=\"https:\/\/corrientesdetarde.com\/wp-content\/uploads\/2024\/11\/image-1003-1024x682.png\" alt=\"\" class=\"wp-image-175166\" srcset=\"https:\/\/corrientesdetarde.com\/wp-content\/uploads\/2024\/11\/image-1003-1024x682.png 1024w, https:\/\/corrientesdetarde.com\/wp-content\/uploads\/2024\/11\/image-1003-300x200.png 300w, https:\/\/corrientesdetarde.com\/wp-content\/uploads\/2024\/11\/image-1003-768x512.png 768w, https:\/\/corrientesdetarde.com\/wp-content\/uploads\/2024\/11\/image-1003.png 1280w\" sizes=\"auto, (max-width: 1024px) 100vw, 1024px\" \/><\/figure>\n","protected":false},"excerpt":{"rendered":"<p>Con un cupo completo, el evento organizado por la Municipalidad de Corrientes tuvo su cierre en el San Ger\u00f3nimo. Durante el a\u00f1o, la propuesta que apunta a promover la actividad&hellip; <\/p>\n","protected":false},"author":8,"featured_media":175161,"comment_status":"closed","ping_status":"open","sticky":false,"template":"","format":"standard","meta":{"footnotes":""},"categories":[17],"tags":[],"class_list":["post-175159","post","type-post","status-publish","format-standard","has-post-thumbnail","hentry","category-sociales"],"_links":{"self":[{"href":"https:\/\/corrientesdetarde.com\/index.php\/wp-json\/wp\/v2\/posts\/175159","targetHints":{"allow":["GET"]}}],"collection":[{"href":"https:\/\/corrientesdetarde.com\/index.php\/wp-json\/wp\/v2\/posts"}],"about":[{"href":"https:\/\/corrientesdetarde.com\/index.php\/wp-json\/wp\/v2\/types\/post"}],"author":[{"embeddable":true,"href":"https:\/\/corrientesdetarde.com\/index.php\/wp-json\/wp\/v2\/users\/8"}],"replies":[{"embeddable":true,"href":"https:\/\/corrientesdetarde.com\/index.php\/wp-json\/wp\/v2\/comments?post=175159"}],"version-history":[{"count":1,"href":"https:\/\/corrientesdetarde.com\/index.php\/wp-json\/wp\/v2\/posts\/175159\/revisions"}],"predecessor-version":[{"id":175168,"href":"https:\/\/corrientesdetarde.com\/index.php\/wp-json\/wp\/v2\/posts\/175159\/revisions\/175168"}],"wp:featuredmedia":[{"embeddable":true,"href":"https:\/\/corrientesdetarde.com\/index.php\/wp-json\/wp\/v2\/media\/175161"}],"wp:attachment":[{"href":"https:\/\/corrientesdetarde.com\/index.php\/wp-json\/wp\/v2\/media?parent=175159"}],"wp:term":[{"taxonomy":"category","embeddable":true,"href":"https:\/\/corrientesdetarde.com\/index.php\/wp-json\/wp\/v2\/categories?post=175159"},{"taxonomy":"post_tag","embeddable":true,"href":"https:\/\/corrientesdetarde.com\/index.php\/wp-json\/wp\/v2\/tags?post=175159"}],"curies":[{"name":"wp","href":"https:\/\/api.w.org\/{rel}","templated":true}]}}