{"id":175173,"date":"2024-11-25T14:25:21","date_gmt":"2024-11-25T17:25:21","guid":{"rendered":"https:\/\/corrientesdetarde.com\/?p=175173"},"modified":"2024-11-25T14:25:33","modified_gmt":"2024-11-25T17:25:33","slug":"el-programa-corrientes-sonrie-entrego-620-protesis-dentales","status":"publish","type":"post","link":"https:\/\/corrientesdetarde.com\/index.php\/bienestar-y-salud\/el-programa-corrientes-sonrie-entrego-620-protesis-dentales\/","title":{"rendered":"El Programa Corrientes Sonr\u00ede entreg\u00f3 620 pr\u00f3tesis dentales"},"content":{"rendered":"\n<p><em>La cartera sanitaria tiene en marcha un plan enfocado en la salud bucodental. En lo que va del a\u00f1o, pacientes de la capital y del interior de Corrientes recibieron de forma gratuita soluciones prot\u00e9sicas que le permitieron recuperar la funcionalidad y est\u00e9tica bucal.<\/em><\/p>\n\n\n\n<p>El Ministerio de Salud P\u00fablica&nbsp;lleva adelante el Programa Corrientes Sonr\u00ede, a trav\u00e9s del cual se entregan pr\u00f3tesis dentales gratuitas. Esto significa una mejora considerable en la calidad de vida, ya que les permite restablecer la masticaci\u00f3n, la degluci\u00f3n, mejorar el habla y la est\u00e9tica.<\/p>\n\n\n\n<p>En lo que va del a\u00f1o, se entregaron 620 pr\u00f3tesis. Fueron beneficiadas 323 personas tanto de capital como del interior.<\/p>\n\n\n\n<p>\u201cAlgunos pacientes recibieron una sola pr\u00f3tesis y otros dos. Estos vecinos son los que tuvieron el alta b\u00e1sica. Si bien la pr\u00f3tesis es lo \u00faltimo que se coloca, durante todo el a\u00f1o son atendidos en los Centros de Atenci\u00f3n Primaria de la Salud (Caps) o en los servicios de Odontolog\u00eda de los hospitales\u201d, explic\u00f3&nbsp;<strong>Sebasti\u00e1n Mar\u00edn<\/strong>, director del Departamento de Odontolog\u00eda de la cartera sanitaria provincial.<\/p>\n\n\n\n<p>Adem\u00e1s, agreg\u00f3 que \u201cse prepara la cavidad bucal, es decir, realizamos extracciones, limpieza, todo el tratamiento que requieran para que est\u00e9n en condiciones para recibir la pr\u00f3tesis\u201d.<\/p>\n\n\n\n<p>\u201cA trav\u00e9s de este programa, son rehabilitados, reciben todas las prestaciones de manera gratuita y, en los centros p\u00fablicos, se hace lo mismo que har\u00eda un privado\u201d, destac\u00f3 Mar\u00edn.<\/p>\n\n\n\n<p>Soluciones Prot\u00e9sicas entregadas<\/p>\n\n\n\n<p>Corrientes capital:<\/p>\n\n\n\n<p>CAPS N\u00b0 3 Barrio Mil Viviendas: 40 pacientes \u2013 75 pr\u00f3tesis<\/p>\n\n\n\n<p>CAPS N\u00b0 5 Barrio Dr. Monta\u00f1a: 60 pacientes \u2013 120 pr\u00f3tesis<\/p>\n\n\n\n<p>CAPS N\u00b0 6 Barrio Industrial: 50 pacientes &#8211;&nbsp; 100 pr\u00f3tesis&nbsp;<\/p>\n\n\n\n<p>En el Interior:<\/p>\n\n\n\n<p>Ituzaing\u00f3: 70 pacientes &#8211; 135 pr\u00f3tesis<\/p>\n\n\n\n<p>Colonia Pando: 30 pacientes &#8211; 60 Pr\u00f3tesis<\/p>\n\n\n\n<p>Derqui: 33 pacientes 60 Pr\u00f3tesis<\/p>\n\n\n\n<p>Mantilla: 40 pacientes &#8211; 70 Pr\u00f3tesis<\/p>\n\n\n\n<p>Total de pr\u00f3tesis: 620<\/p>\n\n\n\n<figure class=\"wp-block-image size-full\"><img loading=\"lazy\" decoding=\"async\" width=\"720\" height=\"474\" src=\"https:\/\/corrientesdetarde.com\/wp-content\/uploads\/2024\/11\/image-1006.png\" alt=\"\" class=\"wp-image-175174\" srcset=\"https:\/\/corrientesdetarde.com\/wp-content\/uploads\/2024\/11\/image-1006.png 720w, https:\/\/corrientesdetarde.com\/wp-content\/uploads\/2024\/11\/image-1006-300x198.png 300w\" sizes=\"auto, (max-width: 720px) 100vw, 720px\" \/><\/figure>\n\n\n\n<figure class=\"wp-block-image size-full\"><img loading=\"lazy\" decoding=\"async\" width=\"720\" height=\"479\" src=\"https:\/\/corrientesdetarde.com\/wp-content\/uploads\/2024\/11\/image-1007.png\" alt=\"\" class=\"wp-image-175175\" srcset=\"https:\/\/corrientesdetarde.com\/wp-content\/uploads\/2024\/11\/image-1007.png 720w, https:\/\/corrientesdetarde.com\/wp-content\/uploads\/2024\/11\/image-1007-300x200.png 300w\" sizes=\"auto, (max-width: 720px) 100vw, 720px\" \/><\/figure>\n","protected":false},"excerpt":{"rendered":"<p>La cartera sanitaria tiene en marcha un plan enfocado en la salud bucodental. En lo que va del a\u00f1o, pacientes de la capital y del interior de Corrientes recibieron de&hellip; <\/p>\n","protected":false},"author":8,"featured_media":175176,"comment_status":"closed","ping_status":"open","sticky":false,"template":"","format":"standard","meta":{"footnotes":""},"categories":[16],"tags":[],"class_list":["post-175173","post","type-post","status-publish","format-standard","has-post-thumbnail","hentry","category-bienestar-y-salud"],"_links":{"self":[{"href":"https:\/\/corrientesdetarde.com\/index.php\/wp-json\/wp\/v2\/posts\/175173","targetHints":{"allow":["GET"]}}],"collection":[{"href":"https:\/\/corrientesdetarde.com\/index.php\/wp-json\/wp\/v2\/posts"}],"about":[{"href":"https:\/\/corrientesdetarde.com\/index.php\/wp-json\/wp\/v2\/types\/post"}],"author":[{"embeddable":true,"href":"https:\/\/corrientesdetarde.com\/index.php\/wp-json\/wp\/v2\/users\/8"}],"replies":[{"embeddable":true,"href":"https:\/\/corrientesdetarde.com\/index.php\/wp-json\/wp\/v2\/comments?post=175173"}],"version-history":[{"count":1,"href":"https:\/\/corrientesdetarde.com\/index.php\/wp-json\/wp\/v2\/posts\/175173\/revisions"}],"predecessor-version":[{"id":175177,"href":"https:\/\/corrientesdetarde.com\/index.php\/wp-json\/wp\/v2\/posts\/175173\/revisions\/175177"}],"wp:featuredmedia":[{"embeddable":true,"href":"https:\/\/corrientesdetarde.com\/index.php\/wp-json\/wp\/v2\/media\/175176"}],"wp:attachment":[{"href":"https:\/\/corrientesdetarde.com\/index.php\/wp-json\/wp\/v2\/media?parent=175173"}],"wp:term":[{"taxonomy":"category","embeddable":true,"href":"https:\/\/corrientesdetarde.com\/index.php\/wp-json\/wp\/v2\/categories?post=175173"},{"taxonomy":"post_tag","embeddable":true,"href":"https:\/\/corrientesdetarde.com\/index.php\/wp-json\/wp\/v2\/tags?post=175173"}],"curies":[{"name":"wp","href":"https:\/\/api.w.org\/{rel}","templated":true}]}}