{"id":175178,"date":"2024-11-25T14:30:53","date_gmt":"2024-11-25T17:30:53","guid":{"rendered":"https:\/\/corrientesdetarde.com\/?p=175178"},"modified":"2024-11-25T14:30:58","modified_gmt":"2024-11-25T17:30:58","slug":"el-gobierno-deja-de-cobrar-el-95-del-impuesto-pais-para-importadores-y-busca-que-bajen-los-precios","status":"publish","type":"post","link":"https:\/\/corrientesdetarde.com\/index.php\/economia\/el-gobierno-deja-de-cobrar-el-95-del-impuesto-pais-para-importadores-y-busca-que-bajen-los-precios\/","title":{"rendered":"El Gobierno deja de cobrar el 95% del Impuesto Pa\u00eds para importadores y busca que bajen los precios"},"content":{"rendered":"\n<p>La resoluci\u00f3n fue dictada por ARCA y comienza a regir a partir de hoy. La medida contempla el plazo establecido por el Banco Central para el acceso al Mercado de Cambios. Ma\u00f1ana ser\u00e1 publicada en el Bolet\u00edn Oficial.<\/p>\n\n\n\n<p>El Gobierno&nbsp;<strong>deja de cobrar el 95% del Impuesto Pa\u00eds&nbsp;<\/strong>para las importaciones desde este lunes. La resoluci\u00f3n fue dictada por el&nbsp;<strong>ARCA&nbsp;<\/strong>(ex AFIP) y tiene vigencia desde hoy, pero ser\u00e1 publicada ma\u00f1ana en el Bolet\u00edn Oficial.<\/p>\n\n\n\n<p>Seg\u00fan informaron desde el organismo, la medida contempla&nbsp;<strong>el plazo de 30 d\u00edas<\/strong>&nbsp;establecido por el Banco Central para el acceso al Mercado de Cambios y&nbsp;<strong>la fecha de vigencia del impuesto Pa\u00eds,<\/strong>&nbsp;que es hasta el 22 de diciembre inclusive.<\/p>\n\n\n\n<p>Lo que ocurre es que el plazo m\u00ednimo vigente desde que se pasa por aduana hasta que se puede pagar por el Mercado \u00fanico y Libre de Cambios (MULC) es de 30 d\u00edas, y<strong>&nbsp;dentro de 30 d\u00edas se eliminar\u00e1 por completo el gravamen.&nbsp;<\/strong>Por lo tanto,&nbsp;<strong>Aduana ya no hace la retenci\u00f3n del 95%&nbsp;<\/strong>porque al momento del pago no existir\u00eda el impuesto y no ser\u00eda deducible.<\/p>\n\n\n\n<p>\u201cEn consecuencia, para los despachos de importaci\u00f3n oficializados desde hoy, no se debe realizar el pago a cuenta del Impuesto PA\u00cdS\u201d, informaron desde el ARCA. Tambi\u00e9n delantaron que dictar\u00e1n una resoluci\u00f3n general \u2014con vigencia de las 00 de este lunes\u2014 en la que&nbsp;<strong>dejar\u00e1n sin efecto la obligaci\u00f3n del pago a cuenta del 95% del impuesto pa\u00eds<\/strong>&nbsp;para las importaciones.<\/p>\n\n\n\n<p>El Impuesto para una Argentina Inclusiva y Solidaria -o PAIS- recarga con&nbsp;<strong>30%<\/strong>&nbsp;el valor al que se accede al d\u00f3lar oficial. Est\u00e1 vigente hasta el<strong>&nbsp;23 de diciembre<\/strong>, por la ley 27.541 del 2019, sumadas a las percepciones de Ganancias que encarecen 60% ese tipo de cambio.<\/p>\n\n\n\n<p>El ministro de Econom\u00eda,<strong>&nbsp;Luis Caputo<\/strong>, remarc\u00f3 que<strong>&nbsp;no ser\u00e1 reemplazado<\/strong>&nbsp;por otro tributo&nbsp;<strong>el 24 de diciembre,<\/strong>&nbsp;lo que repercutir\u00e1 en un menor gasto para quienes realizan consumos en moneda extranjera. Sin embargo, el ministro asegur\u00f3 que el<strong>&nbsp;d\u00f3lar solidario<\/strong>&nbsp;o&nbsp;<strong>tarjeta&nbsp;<\/strong>\u201cva a&nbsp;<strong>seguir algo m\u00e1s alto que el oficial<\/strong>\u201d, debido a que continuar\u00e1 vigente la percepci\u00f3n del&nbsp;<strong>30%<\/strong>&nbsp;a cuenta de Ganancias.<\/p>\n\n\n\n<figure class=\"wp-block-image\"><img decoding=\"async\" src=\"https:\/\/tn.com.ar\/resizer\/v2\/foto-adobe-stock-UMKXRTFIPZF6FAOBRMEI4OOMWM.jpg?auth=5646e427a725ada087e1ff2226e12f4521778be062b38ae63cd3ddfb94b48d44&amp;width=767\" alt=\"(Foto: Adobe Stock)\"\/><\/figure>\n\n\n\n<h2 class=\"wp-block-heading\">Cu\u00e1nto cotizar\u00e1 el d\u00f3lar tarjeta con el fin del impuesto PAIS<\/h2>\n\n\n\n<p>Con el&nbsp;<strong>fin del impuesto PAI]S<\/strong>, la compra de d\u00f3lar oficial para atesoramiento y gastos en el exterior ser\u00e1 m\u00e1s accesible desde el 24 de diciembre. Desde esa fecha, el recargo aplicado al d\u00f3lar tarjeta&nbsp;<strong>disminuir\u00e1 al 30%<\/strong>, correspondiente \u00fanicamente a la percepci\u00f3n a cuenta de Ganancias y Bienes Personales.<\/p>\n\n\n\n<p>Hoy, el\u00a0<strong>d\u00f3lar tarjeta o d\u00f3lar solidario<\/strong>\u00a0incluye un recargo del 30% por el Impuesto PAIS y otro 30% a cuenta del impuesto a las Ganancias.<\/p>\n\n\n\n<p>El&nbsp;<strong>d\u00f3lar solidario<\/strong>&nbsp;es la opci\u00f3n para acceder a divisas al valor oficial en la Argentina con el cupo de US$200 mensuales y por persona que tiene una docena de restricciones. Se trata de la suma del precio del d\u00f3lar oficial, m\u00e1s un<strong>&nbsp;60%&nbsp;<\/strong>conformado por los impuestos PAIS (30%) y<strong>&nbsp;la retenci\u00f3n de 30% en concepto de anticipo de Ganancias<\/strong>. Este viernes, cotiza a&nbsp;<strong>$1639,20<\/strong>.<\/p>\n\n\n\n<p>El&nbsp;<strong>d\u00f3lar tarjeta<\/strong>&nbsp;tiene las mismas retenciones que el solidario, por lo que el recargo tambi\u00e9n llega al<strong>&nbsp;60%<\/strong>. Este es el tipo de cambio que rige para todas las<strong>&nbsp;transacciones&nbsp;<\/strong>(compra de bienes o servicios v\u00eda tarjeta de cr\u00e9dito o d\u00e9bito)&nbsp;<strong>en el<\/strong>&nbsp;<strong>exterior<\/strong>, incluidos Netflix o Spotify. Se negocia a&nbsp;<strong>$1639,20&nbsp;<\/strong>este 22 de noviembre.<\/p>\n\n\n\n<p>Si el valor del d\u00f3lar oficial quedara sin cambios, a finales de diciembre y con la eliminaci\u00f3n del Impuesto PAIS, este valor se reducir\u00eda a unos&nbsp;<strong>$1331,20.<\/strong><\/p>\n\n\n\n<h2 class=\"wp-block-heading\">Fin del impuesto PAIS: c\u00f3mo impactar\u00e1 en el d\u00f3lar, los servicios de streaming y los viajes al exterior<\/h2>\n\n\n\n<p>El<strong>&nbsp;impuesto para una Argentina Inclusiva y Solidaria<\/strong>, o PAIS, es un tributo que se abona cuando se realizan compras de moneda extranjera para ahorro, para pagar servicios en el exterior o para quienes utilicen la tarjeta de cr\u00e9dito o d\u00e9bito para cancelar consumos en divisa extranjera.<\/p>\n\n\n\n<p>Para estos casos, establece un<strong>&nbsp;recargo del 30%<\/strong>&nbsp;que forma parte de las cotizaciones del&nbsp;<strong>d\u00f3lar ahorro<\/strong>, el&nbsp;<strong>d\u00f3lar tarjeta<\/strong>, mientras que para los servicios digitales la al\u00edcuota es de 8%.<\/p>\n\n\n\n<p>Esta situaci\u00f3n cambiar\u00e1 a partir del 24 de diciembre de 2024. La vigencia del impuesto PAIS se extiende hasta el<strong>&nbsp;23 de diciembre<\/strong>, por la ley 27.541 del 2019. As\u00ed, el d\u00f3lar solidario tendr\u00e1 una rebaja de<strong>&nbsp;30 puntos<\/strong>.<\/p>\n","protected":false},"excerpt":{"rendered":"<p>La resoluci\u00f3n fue dictada por ARCA y comienza a regir a partir de hoy. La medida contempla el plazo establecido por el Banco Central para el acceso al Mercado de&hellip; <\/p>\n","protected":false},"author":8,"featured_media":175179,"comment_status":"closed","ping_status":"open","sticky":false,"template":"","format":"standard","meta":{"footnotes":""},"categories":[20],"tags":[],"class_list":["post-175178","post","type-post","status-publish","format-standard","has-post-thumbnail","hentry","category-economia"],"_links":{"self":[{"href":"https:\/\/corrientesdetarde.com\/index.php\/wp-json\/wp\/v2\/posts\/175178","targetHints":{"allow":["GET"]}}],"collection":[{"href":"https:\/\/corrientesdetarde.com\/index.php\/wp-json\/wp\/v2\/posts"}],"about":[{"href":"https:\/\/corrientesdetarde.com\/index.php\/wp-json\/wp\/v2\/types\/post"}],"author":[{"embeddable":true,"href":"https:\/\/corrientesdetarde.com\/index.php\/wp-json\/wp\/v2\/users\/8"}],"replies":[{"embeddable":true,"href":"https:\/\/corrientesdetarde.com\/index.php\/wp-json\/wp\/v2\/comments?post=175178"}],"version-history":[{"count":1,"href":"https:\/\/corrientesdetarde.com\/index.php\/wp-json\/wp\/v2\/posts\/175178\/revisions"}],"predecessor-version":[{"id":175180,"href":"https:\/\/corrientesdetarde.com\/index.php\/wp-json\/wp\/v2\/posts\/175178\/revisions\/175180"}],"wp:featuredmedia":[{"embeddable":true,"href":"https:\/\/corrientesdetarde.com\/index.php\/wp-json\/wp\/v2\/media\/175179"}],"wp:attachment":[{"href":"https:\/\/corrientesdetarde.com\/index.php\/wp-json\/wp\/v2\/media?parent=175178"}],"wp:term":[{"taxonomy":"category","embeddable":true,"href":"https:\/\/corrientesdetarde.com\/index.php\/wp-json\/wp\/v2\/categories?post=175178"},{"taxonomy":"post_tag","embeddable":true,"href":"https:\/\/corrientesdetarde.com\/index.php\/wp-json\/wp\/v2\/tags?post=175178"}],"curies":[{"name":"wp","href":"https:\/\/api.w.org\/{rel}","templated":true}]}}