{"id":175182,"date":"2024-11-25T15:05:12","date_gmt":"2024-11-25T18:05:12","guid":{"rendered":"https:\/\/corrientesdetarde.com\/?p=175182"},"modified":"2024-11-25T15:05:24","modified_gmt":"2024-11-25T18:05:24","slug":"tras-las-elecciones-de-uruguay-milei-viajara-a-montevideo-para-discutir-el-acuerdo-entre-el-mercosur-y-la-ue","status":"publish","type":"post","link":"https:\/\/corrientesdetarde.com\/index.php\/politica\/tras-las-elecciones-de-uruguay-milei-viajara-a-montevideo-para-discutir-el-acuerdo-entre-el-mercosur-y-la-ue\/","title":{"rendered":"Tras las elecciones de Uruguay, Milei viajar\u00e1 a Montevideo para discutir el acuerdo entre el Mercosur y la UE"},"content":{"rendered":"\n<p>El mandatario ir\u00e1 al pa\u00eds vecino el 6 de diciembre para participar de la Cumbre de L\u00edderes regional. Ser\u00e1 la primera vez que asista a una cumbre del organismo, donde recibir\u00e1 la presidencia Pro Tempore.<\/p>\n\n\n\n<p><strong>Javier Milei\u00a0<\/strong>viajar\u00e1 a Uruguay el 6 de diciembre, para participar de la Cumbre de L\u00edderes regional del Mercosur que se realizar\u00e1 en Montevideo, seg\u00fan pudo confirmar\u00a0. El Tratado de Libre Comercio con la Uni\u00f3n Europea est\u00e1 entre los temas centrales del encuentro.<\/p>\n\n\n\n<p>El Presidente estar\u00e1 en el evento luego de las elecciones de Uruguay de este domingo, donde Yamand\u00fa Orsi triunf\u00f3 frente a \u00c1lvaro Delgado, del Partido Nacional. Adem\u00e1s, Milei recibir\u00e1 la&nbsp;<strong>presidencia Pro Tempore<\/strong>&nbsp;del organismo y se espera que se avance con&nbsp;<strong>acuerdo comercial con la Uni\u00f3n Europea.<\/strong><\/p>\n\n\n\n<p>Seg\u00fan fuentes diplom\u00e1ticas, la expectativa para el 6 de diciembre es \u201c<strong>cerrar la etapa de negociaci\u00f3n de aspectos t\u00e9cnicos&nbsp;<\/strong>del acuerdo, pero&nbsp;<strong>no es la firma del mismo<\/strong>\u201d. Hay expectativas para que la situaci\u00f3n avance y las negociaciones tengan buenos resultados. Pero, sin embargo, los organizadores del evento aseguran que es \u201cmuy optimista\u201d pensar que en este encuentro de l\u00edderes se firmar\u00e1 el documento.<\/p>\n\n\n\n<p>La Canciller\u00eda uruguaya est\u00e1 trabajando en la coordinaci\u00f3n con las embajadas de los distintos pa\u00edses miembros para la llegada de los presidentes. El jefe de Estado argentino ir\u00e1 por primera vez a una cumbre del Mercosur, acompa\u00f1ado por<strong>&nbsp;Gerardo Werthein<\/strong>, el ministro de Relaciones Exteriores.<\/p>\n\n\n\n<p>All\u00ed, Milei se encontrar\u00e1 con mandatarios como Santiago Pe\u00f1a (Paraguay) o Lula Da Silva (Brasil), que protagoniz\u00f3 un fr\u00edo saludo con el libertario en el comienzo del G20, en R\u00edo de Janeiro.<\/p>\n\n\n\n<h2 class=\"wp-block-heading\">Los objetivos de Milei en la Cumbre del Mercosur<\/h2>\n\n\n\n<p>La gesti\u00f3n libertaria no est\u00e1 conforme con el funcionamiento del bloque del Mercosur. Es por eso que el viaje a Montevideo servir\u00e1 para expresar las cr\u00edticas que sostienen. \u201cEstamos analizando ventajas y desventajas del Mercosur. Nos sentaremos con los miembros para analizarlas, necesitamos abrirnos al mundo\u201d, indic\u00f3 Werthein en di\u00e1logo , este domingo.<\/p>\n\n\n\n<p>Asimismo, la Casa Rosada eval\u00faa la posibilidad de firmar un Tratado de Libre Comercio con Estados Unidos. Sin embargo, esa decisi\u00f3n tendr\u00eda como consecuencia un quiebre de la Argentina con el Mercosur, ya que se incumplir\u00eda la cl\u00e1usula que proh\u00edbe las negociaciones comerciales bilatarales sin el visto bueno de los dem\u00e1s miembros de la regi\u00f3n.<\/p>\n\n\n\n<p>Ante esa posibilidad, Werthein agreg\u00f3: \u201cTodos los acuerdos est\u00e1n pensados para mejor, no est\u00e1n ideados para que sean un corset que te limite y no te permita crecer. Argentina est\u00e1 en cierto aspecto encorsetado con el Mercosur\u201d.<\/p>\n","protected":false},"excerpt":{"rendered":"<p>El mandatario ir\u00e1 al pa\u00eds vecino el 6 de diciembre para participar de la Cumbre de L\u00edderes regional. Ser\u00e1 la primera vez que asista a una cumbre del organismo, donde&hellip; <\/p>\n","protected":false},"author":8,"featured_media":175183,"comment_status":"closed","ping_status":"open","sticky":false,"template":"","format":"standard","meta":{"footnotes":""},"categories":[3],"tags":[],"class_list":["post-175182","post","type-post","status-publish","format-standard","has-post-thumbnail","hentry","category-politica"],"_links":{"self":[{"href":"https:\/\/corrientesdetarde.com\/index.php\/wp-json\/wp\/v2\/posts\/175182","targetHints":{"allow":["GET"]}}],"collection":[{"href":"https:\/\/corrientesdetarde.com\/index.php\/wp-json\/wp\/v2\/posts"}],"about":[{"href":"https:\/\/corrientesdetarde.com\/index.php\/wp-json\/wp\/v2\/types\/post"}],"author":[{"embeddable":true,"href":"https:\/\/corrientesdetarde.com\/index.php\/wp-json\/wp\/v2\/users\/8"}],"replies":[{"embeddable":true,"href":"https:\/\/corrientesdetarde.com\/index.php\/wp-json\/wp\/v2\/comments?post=175182"}],"version-history":[{"count":1,"href":"https:\/\/corrientesdetarde.com\/index.php\/wp-json\/wp\/v2\/posts\/175182\/revisions"}],"predecessor-version":[{"id":175184,"href":"https:\/\/corrientesdetarde.com\/index.php\/wp-json\/wp\/v2\/posts\/175182\/revisions\/175184"}],"wp:featuredmedia":[{"embeddable":true,"href":"https:\/\/corrientesdetarde.com\/index.php\/wp-json\/wp\/v2\/media\/175183"}],"wp:attachment":[{"href":"https:\/\/corrientesdetarde.com\/index.php\/wp-json\/wp\/v2\/media?parent=175182"}],"wp:term":[{"taxonomy":"category","embeddable":true,"href":"https:\/\/corrientesdetarde.com\/index.php\/wp-json\/wp\/v2\/categories?post=175182"},{"taxonomy":"post_tag","embeddable":true,"href":"https:\/\/corrientesdetarde.com\/index.php\/wp-json\/wp\/v2\/tags?post=175182"}],"curies":[{"name":"wp","href":"https:\/\/api.w.org\/{rel}","templated":true}]}}