{"id":175185,"date":"2024-11-25T15:08:37","date_gmt":"2024-11-25T18:08:37","guid":{"rendered":"https:\/\/corrientesdetarde.com\/?p=175185"},"modified":"2024-11-25T15:08:41","modified_gmt":"2024-11-25T18:08:41","slug":"elton-john-revelo-que-su-ceguera-es-irreversible-estoy-frenado-en-este-momento","status":"publish","type":"post","link":"https:\/\/corrientesdetarde.com\/index.php\/espectaculos\/elton-john-revelo-que-su-ceguera-es-irreversible-estoy-frenado-en-este-momento\/","title":{"rendered":"Elton John revel\u00f3 que su ceguera es irreversible: \u201cEstoy frenado en este momento\u201d"},"content":{"rendered":"\n<p>El m\u00fasico se mostr\u00f3 optimista en torno a su futuro, pero confirm\u00f3 que perdi\u00f3 la vista de su ojo derecho completamente.<\/p>\n\n\n\n<p><strong>Elton John\u00a0ha vuelto a hablar sobre su situaci\u00f3n de salud<\/strong>. En septiembre de este a\u00f1o, el cantante y pianista comunic\u00f3 a sus fans que hab\u00eda perdido la vista del ojo derecho y ahora actualiz\u00f3 c\u00f3mo se desarroll\u00f3 la enfermedad.<\/p>\n\n\n\n<p>E el comunicado publicado el pasado septiembre, el cantante de \u201cRocketman\u201d hab\u00eda expresado que hab\u00eda posibilidades de recuperar la vista pero ahora, en di\u00e1logo con&nbsp;<em>Good Morning America<\/em>,&nbsp;<strong>revel\u00f3 que la ceguera es irreversible.<\/strong><\/p>\n\n\n\n<p>\u201cDesafortunadamente,&nbsp;<strong>perd\u00ed la vista en mi ojo derecho en julio debido a una infecci\u00f3n<\/strong>&nbsp;en el sur de Francia\u201d, explic\u00f3 y agreg\u00f3 que su visi\u00f3n general est\u00e1 muy limitada: \u201cDesde hace cuatro meses no puedo ver y&nbsp;<strong>mi ojo izquierdo no es el mejor<\/strong>\u201d.<\/p>\n\n\n\n<figure class=\"wp-block-image\"><img decoding=\"async\" src=\"https:\/\/tn.com.ar\/resizer\/v2\/elton-john-actuando-en-croacia-en-julio-de-2009-foto-reutersnikola-solic-VO7XFQGWXBCUVLM53HJ2G2QDP4.jpg?auth=d0846e8cf0b9bd26f87ff0495d28e746e68cfe78114ba1917a42356c976c4772&amp;width=767\" alt=\"Elton John actuando en Croacia, en julio de 2009 (Foto: REUTERS\/Nikola Solic).\"\/><\/figure>\n\n\n\n<p>Sobre la perspectiva a futuro sum\u00f3: \u201cHay esperanza de que estar\u00e1 todo bien pero estoy algo frenado en este momento. Puedo hacer cosas como esta,&nbsp;<strong>pero ir al estudio y grabar, no s\u00e9&#8230; porque no puedo ver la letra<\/strong>\u201d.<\/p>\n\n\n\n<p>M\u00e1s all\u00e1 de la situaci\u00f3n que est\u00e1 viviendo,&nbsp;<strong>John se mostr\u00f3 optimista frente a su futuro<\/strong>, agradecido de su familia y de ser una persona privilegiada.<\/p>\n\n\n\n<p>Cuando comenz\u00f3 su problema ocular, escribi\u00f3 en un comunicado:&nbsp;<strong>\u201cEstoy muy agradecido al excelente equipo de m\u00e9dicos<\/strong>&nbsp;y enfermeras y a mi familia, que me han cuidado tan bien durante las \u00faltimas semanas. Pas\u00e9 el verano tranquilamente recuper\u00e1ndome en casa, y me siento positivo por los progresos que he hecho hasta ahora en mi curaci\u00f3n y recuperaci\u00f3n\u201d.<\/p>\n\n\n\n<h2 class=\"wp-block-heading\">El documental sobre Elton John<\/h2>\n\n\n\n<p>Elton John se prepara para la salida del\u00a0documental\u00a0<strong>\u201cNever Too Late\u201d<\/strong>\u00a0el\u00a0<strong>13 de diciembre.<\/strong>\u00a0Una producci\u00f3n dirigida por R.J. Cutler y el esposo de John, David Frunish, y que repasar\u00e1 los 50 a\u00f1os de carrera de la leyenda de la m\u00fasica.<\/p>\n\n\n\n<p>El material describe c\u00f3mo el artista&nbsp;<strong>se prepar\u00f3 para dar su \u00faltimo show&nbsp;<\/strong>en los Estados Unidos,<strong>&nbsp;en el Dodger Stadium de Los \u00c1ngeles,<\/strong>&nbsp;en noviembre de 2022. Tambi\u00e9n, los fan\u00e1ticos podr\u00e1n conocer detalles de sus primeros a\u00f1os en la industria musical, as\u00ed como sus adicciones y c\u00f3mo logr\u00f3 superar todas las adversidades hasta convertirse en una leyenda.<\/p>\n\n\n\n<p><strong>\u201cElton John: Never Too Late\u201d<\/strong>&nbsp;llegar\u00e1 a las salas de cines de los Estados Unidos y Reino Unido el 15 de noviembre. Adem\u00e1s, tendr\u00e1 una primera proyecci\u00f3n en noviembre, en el Festival de Cine de Londres. El 13 de diciembre se podr\u00e1 ver en la plataforma de Dinsney+. Para calmar la espera, ya se puede ver el trailer del documental.<\/p>\n\n\n\n<p>\u201c<strong>Siempre cre\u00ed que si tienes suficiente ambici\u00f3n,&nbsp;<\/strong>pod\u00e9s llegar a cualquier parte. Cuando era muy joven, toda mi vida estaba consumida por la m\u00fasica. S\u00f3lo quer\u00eda ser compositor\u201d, sostuvo Elton John en el avance. El m\u00fasico tambi\u00e9n se sincera sobre sus adicciones:<strong>&nbsp;\u201cMi alma se hab\u00eda oscurecido.&nbsp;<\/strong>Me hab\u00eda vuelto oscuro. No era agradable estar conmigo. No ten\u00eda nada aparte de mi \u00e9xito y mis drogas\u201d.<\/p>\n","protected":false},"excerpt":{"rendered":"<p>El m\u00fasico se mostr\u00f3 optimista en torno a su futuro, pero confirm\u00f3 que perdi\u00f3 la vista de su ojo derecho completamente. Elton John\u00a0ha vuelto a hablar sobre su situaci\u00f3n de&hellip; <\/p>\n","protected":false},"author":8,"featured_media":175187,"comment_status":"closed","ping_status":"open","sticky":false,"template":"","format":"standard","meta":{"footnotes":""},"categories":[19],"tags":[],"class_list":["post-175185","post","type-post","status-publish","format-standard","has-post-thumbnail","hentry","category-espectaculos"],"_links":{"self":[{"href":"https:\/\/corrientesdetarde.com\/index.php\/wp-json\/wp\/v2\/posts\/175185","targetHints":{"allow":["GET"]}}],"collection":[{"href":"https:\/\/corrientesdetarde.com\/index.php\/wp-json\/wp\/v2\/posts"}],"about":[{"href":"https:\/\/corrientesdetarde.com\/index.php\/wp-json\/wp\/v2\/types\/post"}],"author":[{"embeddable":true,"href":"https:\/\/corrientesdetarde.com\/index.php\/wp-json\/wp\/v2\/users\/8"}],"replies":[{"embeddable":true,"href":"https:\/\/corrientesdetarde.com\/index.php\/wp-json\/wp\/v2\/comments?post=175185"}],"version-history":[{"count":1,"href":"https:\/\/corrientesdetarde.com\/index.php\/wp-json\/wp\/v2\/posts\/175185\/revisions"}],"predecessor-version":[{"id":175188,"href":"https:\/\/corrientesdetarde.com\/index.php\/wp-json\/wp\/v2\/posts\/175185\/revisions\/175188"}],"wp:featuredmedia":[{"embeddable":true,"href":"https:\/\/corrientesdetarde.com\/index.php\/wp-json\/wp\/v2\/media\/175187"}],"wp:attachment":[{"href":"https:\/\/corrientesdetarde.com\/index.php\/wp-json\/wp\/v2\/media?parent=175185"}],"wp:term":[{"taxonomy":"category","embeddable":true,"href":"https:\/\/corrientesdetarde.com\/index.php\/wp-json\/wp\/v2\/categories?post=175185"},{"taxonomy":"post_tag","embeddable":true,"href":"https:\/\/corrientesdetarde.com\/index.php\/wp-json\/wp\/v2\/tags?post=175185"}],"curies":[{"name":"wp","href":"https:\/\/api.w.org\/{rel}","templated":true}]}}