{"id":175222,"date":"2024-11-25T20:33:38","date_gmt":"2024-11-25T23:33:38","guid":{"rendered":"https:\/\/corrientesdetarde.com\/?p=175222"},"modified":"2024-11-25T20:33:42","modified_gmt":"2024-11-25T23:33:42","slug":"valdes-ratifico-el-respaldo-a-sauce-para-asistir-al-municipio-y-familias-afectadas","status":"publish","type":"post","link":"https:\/\/corrientesdetarde.com\/index.php\/locales\/valdes-ratifico-el-respaldo-a-sauce-para-asistir-al-municipio-y-familias-afectadas\/","title":{"rendered":"Vald\u00e9s ratific\u00f3 el respaldo a Sauce para asistir al municipio y familias afectadas"},"content":{"rendered":"\n<p>Este lunes el gobernador Gustavo Vald\u00e9s recibi\u00f3 en su Despacho de Casa de Gobierno al intendente de Sauce, Carlos Romano con quien dialog\u00f3 sobre los hechos ocurridos en la localidad tras el temporal que azot\u00f3 en las \u00faltimas horas a la zona.<\/p>\n\n\n\n<p>\u201cTras los destrozos provocados por el temporal en Sauce me reun\u00ed con el intendente\u201d, afirm\u00f3 a trav\u00e9s de sus redes sociales y en la oportunidad, remarc\u00f3 que su compromiso de asistir a los damnificados. \u201cDesde el Gobierno de Corrientes nos comprometimos a brindar todo el apoyo necesario para asistir integralmente al municipio y a las familias afectadas\u201d, ratific\u00f3.<\/p>\n\n\n\n<p>Cabe mencionar que la localidad fue el epicentro del temporal donde los vientos fuertes da\u00f1aron techos de m\u00e1s de 35 viviendas y tres escuelas quedaron sin electricidad donde las&nbsp;clases fueron moment\u00e1neamente interrumpidas.<\/p>\n","protected":false},"excerpt":{"rendered":"<p>Este lunes el gobernador Gustavo Vald\u00e9s recibi\u00f3 en su Despacho de Casa de Gobierno al intendente de Sauce, Carlos Romano con quien dialog\u00f3 sobre los hechos ocurridos en la localidad&hellip; <\/p>\n","protected":false},"author":4,"featured_media":175228,"comment_status":"closed","ping_status":"open","sticky":false,"template":"","format":"standard","meta":{"footnotes":""},"categories":[8],"tags":[],"class_list":["post-175222","post","type-post","status-publish","format-standard","has-post-thumbnail","hentry","category-locales"],"_links":{"self":[{"href":"https:\/\/corrientesdetarde.com\/index.php\/wp-json\/wp\/v2\/posts\/175222","targetHints":{"allow":["GET"]}}],"collection":[{"href":"https:\/\/corrientesdetarde.com\/index.php\/wp-json\/wp\/v2\/posts"}],"about":[{"href":"https:\/\/corrientesdetarde.com\/index.php\/wp-json\/wp\/v2\/types\/post"}],"author":[{"embeddable":true,"href":"https:\/\/corrientesdetarde.com\/index.php\/wp-json\/wp\/v2\/users\/4"}],"replies":[{"embeddable":true,"href":"https:\/\/corrientesdetarde.com\/index.php\/wp-json\/wp\/v2\/comments?post=175222"}],"version-history":[{"count":1,"href":"https:\/\/corrientesdetarde.com\/index.php\/wp-json\/wp\/v2\/posts\/175222\/revisions"}],"predecessor-version":[{"id":175229,"href":"https:\/\/corrientesdetarde.com\/index.php\/wp-json\/wp\/v2\/posts\/175222\/revisions\/175229"}],"wp:featuredmedia":[{"embeddable":true,"href":"https:\/\/corrientesdetarde.com\/index.php\/wp-json\/wp\/v2\/media\/175228"}],"wp:attachment":[{"href":"https:\/\/corrientesdetarde.com\/index.php\/wp-json\/wp\/v2\/media?parent=175222"}],"wp:term":[{"taxonomy":"category","embeddable":true,"href":"https:\/\/corrientesdetarde.com\/index.php\/wp-json\/wp\/v2\/categories?post=175222"},{"taxonomy":"post_tag","embeddable":true,"href":"https:\/\/corrientesdetarde.com\/index.php\/wp-json\/wp\/v2\/tags?post=175222"}],"curies":[{"name":"wp","href":"https:\/\/api.w.org\/{rel}","templated":true}]}}