{"id":175261,"date":"2024-11-25T23:12:25","date_gmt":"2024-11-26T02:12:25","guid":{"rendered":"https:\/\/corrientesdetarde.com\/?p=175261"},"modified":"2024-11-25T23:12:37","modified_gmt":"2024-11-26T02:12:37","slug":"el-gobierno-quiere-el-presupuesto-2025-pero-evita-esfuerzos-en-la-negociacion","status":"publish","type":"post","link":"https:\/\/corrientesdetarde.com\/index.php\/politica\/el-gobierno-quiere-el-presupuesto-2025-pero-evita-esfuerzos-en-la-negociacion\/","title":{"rendered":"El Gobierno quiere el Presupuesto 2025, pero evita esfuerzos en la negociaci\u00f3n"},"content":{"rendered":"\n<h2 class=\"wp-block-heading\">En Casa Rosada admitieron que los gobernadores solicitaron una reuni\u00f3n por el tema, pero aseguran que no hay nada en agenda. &#8220;Los cinco puntos no son aceptables&#8221;, insisten.<\/h2>\n\n\n\n<p>En la puja por el Presupuesto 2025, los gobernadores reclaman una nueva reuni\u00f3n para alcanzar un acuerdo, y si bien desde el Poder Ejecutivo se muestran a favor de aprobarlo, evitan esfuerzos en la negociaci\u00f3n y lanzan un gui\u00f1o a los aliados ante una potencial pr\u00f3rroga de la previsi\u00f3n sancionada en 2023.<\/p>\n\n\n\n<p><strong>&#8220;Si no hay Presupuesto y tenemos la masa de plata de libre disponibilidad, de reconducir presupuesto 2023, no vamos a tratar a todo el mundo por igual&#8221;,<\/strong>&nbsp;prometi\u00f3 un importante funcionario libertario ante la&nbsp;<em>agencia Noticias Argentinas.<\/em><\/p>\n\n\n\n<p>Sus dichos anticipan un escenario posible, no coincidir con los mandatarios provinciales que insisten en un listado de cinco puntos que en Cada Rosada consideran<strong>&nbsp;&#8220;inadmisibles&#8221;<\/strong>, pero dejan abierta la posibilidad de conversar por fuera de los n\u00fameros para 2025. Incluso, aseguran que hay varios que redujeron sus pretensiones y aspiran a negociar individualmente.&nbsp;<\/p>\n\n\n\n<p><strong>&#8220;No hay ninguna chances de que vengan con las mismas propuestas&#8221;<\/strong>, sentenciaron respecto al pedido de un sector de gobernadores dispuestos a establecer una mesa de di\u00e1logo.<\/p>\n\n\n\n<p>El juramento para &#8220;los amigos&#8221; configura adem\u00e1s una prueba de fuego, la garant\u00eda del respaldo durante todo el 2025:<strong>&nbsp;&#8220;A los que son verdaderamente amigos, la propuesta les va a gustar. No va a pasar lo mismo con los que tengan otros planes o se hagan los que son amigos&#8221;<\/strong>, se jactaron.<\/p>\n\n\n\n<p>La premisa es siempre la misma:&nbsp;<strong>respetar el d\u00e9ficit cero<\/strong>&nbsp;que para el presidente Javier Milei es innegociable, por lo que el pedido a las provincias es clarificar las partidas que debieran recortarse y las \u00e1reas que se potenciar\u00e1n siempre y cuando las cuentas cierren.<\/p>\n\n\n\n<p>Ante la solicitud de reuni\u00f3n de los gobernadores, este mediod\u00eda el vicejefe de Gabinete del Interior,&nbsp;<strong>Lisandro Catal\u00e1n<\/strong>, asegur\u00f3 que la aprobaci\u00f3n del presupuesto configurar\u00eda&nbsp;<strong>\u201cun salto institucional\u201d<\/strong>, y no descart\u00f3 la posibilidad de continuar aunando esfuerzos para encontrar una soluci\u00f3n.<strong>&nbsp;\u201cVeremos, s\u00ed, por ah\u00ed nos juntamos con algunos\u201d<\/strong>, sintetiz\u00f3 a la prensa acreditada.&nbsp;<\/p>\n\n\n\n<p>Seg\u00fan supo esta agencia no cita en agenda m\u00e1s all\u00e1 del pedido formal de los aliados que aspiran a aunar posturas que faciliten que el Poder Ejecutivo incluya el Presupuesto 2025 en las sesiones extraordinarias. Esto solo se dar\u00e1 si cuenta con los votos necesarios para aprobar la hoja de c\u00e1lculo inicial explicada por el mism\u00edsimo Javier Milei.&nbsp;<\/p>\n\n\n\n<p><strong>\u201cLa negociaci\u00f3n est\u00e1 abierta, aunque hay temas que son dif\u00edciles de resolver\u201d<\/strong>, admiti\u00f3 el jefe de Gabinete,&nbsp;<strong>Guillermo Francos<\/strong>, el pasado domingo en referencia a los cinco puntos consensuados por los gobernadores que consisten&nbsp;en las deudas por cajas previsionales; la coparticipaci\u00f3n del impuesto a los combustibles l\u00edquidos; la distribuci\u00f3n del Fondo de Aportes del Tesoro Nacional (ATN); la limitaci\u00f3n de la al\u00edcuota de la Agencia de Recaudaci\u00f3n Federal (ex AFIP) y compensaciones pendientes del Consenso Fiscal 2017.&nbsp;&nbsp;&nbsp;<\/p>\n\n\n\n<p>Los que llevan las cuentas estiman que los pedidos configuran un total&nbsp;<strong>3.700 millones de d\u00f3lares<\/strong>. &#8220;Ellos piden pero no hay plata,<strong>&nbsp;no vamos a ceder nada.&nbsp;<\/strong>Ellos no proponen nada de d\u00f3nde sacar esa plata, de d\u00f3nde sale esa suma que piden para el Presupuesto. No hay 3.700 millones para sacar de ning\u00fan lado&#8221;, sostuvieron al respecto.&nbsp;<\/p>\n\n\n\n<p>En la administraci\u00f3n libertaria aseguran que de no haber Presupuesto 2025 el programa econ\u00f3mico no se ver\u00e1 afectado, y por ende, los mercados -que seg\u00fan argumentan conf\u00edan en el rumbo del Gobierno- no reaccionar\u00e1n de manera negativa. Aunque por lo bajo, hay quienes aseguran que para el ministro de Econom\u00eda,&nbsp;<strong>Luis \u201cToto\u201d Caputo<\/strong>,<strong>&nbsp;el panorama configura una compleja encrucijada.&nbsp;<\/strong><\/p>\n","protected":false},"excerpt":{"rendered":"<p>En Casa Rosada admitieron que los gobernadores solicitaron una reuni\u00f3n por el tema, pero aseguran que no hay nada en agenda. &#8220;Los cinco puntos no son aceptables&#8221;, insisten. En la&hellip; <\/p>\n","protected":false},"author":4,"featured_media":175262,"comment_status":"closed","ping_status":"open","sticky":false,"template":"","format":"standard","meta":{"footnotes":""},"categories":[3],"tags":[],"class_list":["post-175261","post","type-post","status-publish","format-standard","has-post-thumbnail","hentry","category-politica"],"_links":{"self":[{"href":"https:\/\/corrientesdetarde.com\/index.php\/wp-json\/wp\/v2\/posts\/175261","targetHints":{"allow":["GET"]}}],"collection":[{"href":"https:\/\/corrientesdetarde.com\/index.php\/wp-json\/wp\/v2\/posts"}],"about":[{"href":"https:\/\/corrientesdetarde.com\/index.php\/wp-json\/wp\/v2\/types\/post"}],"author":[{"embeddable":true,"href":"https:\/\/corrientesdetarde.com\/index.php\/wp-json\/wp\/v2\/users\/4"}],"replies":[{"embeddable":true,"href":"https:\/\/corrientesdetarde.com\/index.php\/wp-json\/wp\/v2\/comments?post=175261"}],"version-history":[{"count":1,"href":"https:\/\/corrientesdetarde.com\/index.php\/wp-json\/wp\/v2\/posts\/175261\/revisions"}],"predecessor-version":[{"id":175263,"href":"https:\/\/corrientesdetarde.com\/index.php\/wp-json\/wp\/v2\/posts\/175261\/revisions\/175263"}],"wp:featuredmedia":[{"embeddable":true,"href":"https:\/\/corrientesdetarde.com\/index.php\/wp-json\/wp\/v2\/media\/175262"}],"wp:attachment":[{"href":"https:\/\/corrientesdetarde.com\/index.php\/wp-json\/wp\/v2\/media?parent=175261"}],"wp:term":[{"taxonomy":"category","embeddable":true,"href":"https:\/\/corrientesdetarde.com\/index.php\/wp-json\/wp\/v2\/categories?post=175261"},{"taxonomy":"post_tag","embeddable":true,"href":"https:\/\/corrientesdetarde.com\/index.php\/wp-json\/wp\/v2\/tags?post=175261"}],"curies":[{"name":"wp","href":"https:\/\/api.w.org\/{rel}","templated":true}]}}