{"id":175293,"date":"2024-11-26T08:38:11","date_gmt":"2024-11-26T11:38:11","guid":{"rendered":"https:\/\/corrientesdetarde.com\/?p=175293"},"modified":"2024-11-26T08:38:23","modified_gmt":"2024-11-26T11:38:23","slug":"la-corte-anulo-la-condena-a-una-mujer-que-mato-su-ex-pareja","status":"publish","type":"post","link":"https:\/\/corrientesdetarde.com\/index.php\/policiales\/la-corte-anulo-la-condena-a-una-mujer-que-mato-su-ex-pareja\/","title":{"rendered":"La Corte anul\u00f3 la condena a una mujer que mat\u00f3 su ex pareja"},"content":{"rendered":"\n<p>La&nbsp;<strong>Corte Suprema de Justicia de la Naci\u00f3n anul\u00f3 la condena de ocho a\u00f1os de prisi\u00f3n impuesta a Daiana Elizabeth Fern\u00e1ndez por el homicidio de su expareja,<\/strong>&nbsp;Facundo Saucedo. En una decisi\u00f3n clave, el tribunal orden\u00f3 dictar una nueva sentencia que contemple los momentos previos y posteriores al hecho, bajo el<strong>&nbsp;prisma de la perspectiva de g\u00e9nero<\/strong>.<\/p>\n\n\n\n<p>El 16 de octubre de 2011, Fern\u00e1ndez, de 19 a\u00f1os, se encontraba en su casa luego de asistir a un evento con amigos. Seg\u00fan su relato, hab\u00eda terminado su relaci\u00f3n con Saucedo dos semanas antes&nbsp;<strong>tras sufrir durante un a\u00f1o y medio violencia f\u00edsica y amenazas de muerte constante<\/strong>s, incluso con un arma de fuego. Adem\u00e1s, supo que<strong>&nbsp;Saucedo ten\u00eda denuncias previas por violencia dom\u00e9stica<\/strong>.<\/p>\n\n\n\n<p>Aquella madrugada, Saucedo ingres\u00f3 a la vivienda de Fern\u00e1ndez, la tom\u00f3 del cabello, la golpe\u00f3 y trat\u00f3 de llevarla por la fuerza a una habitaci\u00f3n. En un intento de defenderse, Fern\u00e1ndez, que estaba manipulando un cuchillo para picar hielo, hiri\u00f3 a Saucedo en el cuello, caus\u00e1ndole la muerte dos horas despu\u00e9s en el hospital.<\/p>\n\n\n\n<p><strong>El proceso judicial<\/strong><br>En 2013, el Tribunal Oral en lo Criminal N\u00b0 3 de Lomas de Zamora conden\u00f3 a&nbsp;<strong>Fern\u00e1ndez a 3 a\u00f1os y medio de prisi\u00f3n por homicidio preterintencional, tras considerar que el hecho ocurri\u00f3 en un contexto de violencia<\/strong>. Sin embargo, tanto la defensa como la fiscal\u00eda apelaron el fallo.<\/p>\n\n\n\n<p>Posteriormente, la Sala IV del Tribunal de Casaci\u00f3n Penal bonaerense desestim\u00f3 el planteo de la defensa y accedi\u00f3 al pedido de la fiscal\u00eda, incrementando la condena a ocho a\u00f1os de prisi\u00f3n. Este tribunal consider\u00f3 que no exist\u00edan circunstancias atenuantes o justificantes en el caso.<\/p>\n\n\n\n<p>La defensa llev\u00f3 el caso ante la Corte Suprema, que anul\u00f3 la sentencia de casaci\u00f3n. Con la firma de los jueces Horacio Rosatti, Carlos Rosenkrantz, Juan Carlos Maqueda y Ricardo Lorenzetti, el m\u00e1ximo tribunal orden\u00f3 que el caso regrese al tribunal de origen para dictar un nuevo fallo.<\/p>\n\n\n\n<p>As\u00ed la Corte bas\u00f3 su decisi\u00f3n en el precedente \u201cCasal\u201d (Fallos: 328:3399), que exige a los tribunales de casaci\u00f3n una revisi\u00f3n exhaustiva de las sentencias, superando la tradicional divisi\u00f3n entre hechos y derecho. Asimismo, enfatiz\u00f3 la necesidad de incorporar la&nbsp;<strong>perspectiva de g\u00e9nero al analizar casos que involucran violencia contra las mujeres.<\/strong><\/p>\n\n\n\n<p>El fallo representa un paso significativo en la aplicaci\u00f3n de la perspectiva de g\u00e9nero en el sistema judicial argentino,<strong>&nbsp;al considerar el contexto de violencia que enfrent\u00f3 Fern\u00e1ndez antes y durante el incidente.<\/strong><\/p>\n\n\n\n<p>La resoluci\u00f3n subraya la obligaci\u00f3n de los tribunales de evaluar exhaustivamente las circunstancias particulares de cada caso, especialmente cuando se trata de<strong>&nbsp;mujeres v\u00edctimas de violencia de g\u00e9nero<\/strong>. La revisi\u00f3n del caso sienta un precedente importante para garantizar que la justicia contemple las desigualdades estructurales que afectan a las mujeres en situaciones de violencia<\/p>\n","protected":false},"excerpt":{"rendered":"<p>La&nbsp;Corte Suprema de Justicia de la Naci\u00f3n anul\u00f3 la condena de ocho a\u00f1os de prisi\u00f3n impuesta a Daiana Elizabeth Fern\u00e1ndez por el homicidio de su expareja,&nbsp;Facundo Saucedo. En una decisi\u00f3n&hellip; <\/p>\n","protected":false},"author":1,"featured_media":40404,"comment_status":"closed","ping_status":"open","sticky":false,"template":"","format":"standard","meta":{"footnotes":""},"categories":[33],"tags":[],"class_list":["post-175293","post","type-post","status-publish","format-standard","has-post-thumbnail","hentry","category-policiales"],"_links":{"self":[{"href":"https:\/\/corrientesdetarde.com\/index.php\/wp-json\/wp\/v2\/posts\/175293","targetHints":{"allow":["GET"]}}],"collection":[{"href":"https:\/\/corrientesdetarde.com\/index.php\/wp-json\/wp\/v2\/posts"}],"about":[{"href":"https:\/\/corrientesdetarde.com\/index.php\/wp-json\/wp\/v2\/types\/post"}],"author":[{"embeddable":true,"href":"https:\/\/corrientesdetarde.com\/index.php\/wp-json\/wp\/v2\/users\/1"}],"replies":[{"embeddable":true,"href":"https:\/\/corrientesdetarde.com\/index.php\/wp-json\/wp\/v2\/comments?post=175293"}],"version-history":[{"count":1,"href":"https:\/\/corrientesdetarde.com\/index.php\/wp-json\/wp\/v2\/posts\/175293\/revisions"}],"predecessor-version":[{"id":175301,"href":"https:\/\/corrientesdetarde.com\/index.php\/wp-json\/wp\/v2\/posts\/175293\/revisions\/175301"}],"wp:featuredmedia":[{"embeddable":true,"href":"https:\/\/corrientesdetarde.com\/index.php\/wp-json\/wp\/v2\/media\/40404"}],"wp:attachment":[{"href":"https:\/\/corrientesdetarde.com\/index.php\/wp-json\/wp\/v2\/media?parent=175293"}],"wp:term":[{"taxonomy":"category","embeddable":true,"href":"https:\/\/corrientesdetarde.com\/index.php\/wp-json\/wp\/v2\/categories?post=175293"},{"taxonomy":"post_tag","embeddable":true,"href":"https:\/\/corrientesdetarde.com\/index.php\/wp-json\/wp\/v2\/tags?post=175293"}],"curies":[{"name":"wp","href":"https:\/\/api.w.org\/{rel}","templated":true}]}}