{"id":175485,"date":"2024-11-26T22:28:14","date_gmt":"2024-11-27T01:28:14","guid":{"rendered":"https:\/\/corrientesdetarde.com\/?p=175485"},"modified":"2024-11-26T22:28:25","modified_gmt":"2024-11-27T01:28:25","slug":"corrientes-detuvieron-a-un-hombre-que-ataco-a-balazos-a-su-padre","status":"publish","type":"post","link":"https:\/\/corrientesdetarde.com\/index.php\/policiales\/corrientes-detuvieron-a-un-hombre-que-ataco-a-balazos-a-su-padre\/","title":{"rendered":"Corrientes: detuvieron a un hombre que atac\u00f3 a balazos a su padre"},"content":{"rendered":"\n<p>El hecho ocurri\u00f3 en Fern\u00e1ndez Guaz\u00fa, departamento de General Paz. All\u00ed, tras una discuci\u00f3n, un hombre de 80 a\u00f1os fue atacado a balazos por su hijo. Este se encuentra internado con heridas graves. El agresor fue detenido e imputado por lesiones graves agravado por el v\u00ednculo.<\/p>\n\n\n\n<p>El octogenario sufri\u00f3 la fractura en uno de sus brazos tras ser atacado a balazos por su hijo. El hecho ocurri\u00f3 en la madrugada de ayer lunes en Fern\u00e1ndez Guaz\u00fa, departamento de General Paz.&nbsp;<\/p>\n\n\n\n<p>El agresor ser\u00eda su hijo de unos 30 a\u00f1os, residente en Mburucuy\u00e1 pero que hab\u00eda llegado hasta el campo donde viven sus padres. Este qued\u00f3 detenido imputado por lesiones agravadas por el v\u00ednculo.&nbsp;<\/p>\n\n\n\n<p>Por su parte, el padre fue trasladado al Hospital de Ca\u00e1 Cat\u00ed y luego derivado a la Ciudad de Corrientes donde se encuentra internado.\u00a0<em>Con informaci\u00f3n de Redes Sociales Ca\u00e1 Cat\u00ed<\/em>.<\/p>\n","protected":false},"excerpt":{"rendered":"<p>El hecho ocurri\u00f3 en Fern\u00e1ndez Guaz\u00fa, departamento de General Paz. All\u00ed, tras una discuci\u00f3n, un hombre de 80 a\u00f1os fue atacado a balazos por su hijo. Este se encuentra internado&hellip; <\/p>\n","protected":false},"author":4,"featured_media":175486,"comment_status":"closed","ping_status":"open","sticky":false,"template":"","format":"standard","meta":{"footnotes":""},"categories":[33],"tags":[],"class_list":["post-175485","post","type-post","status-publish","format-standard","has-post-thumbnail","hentry","category-policiales"],"_links":{"self":[{"href":"https:\/\/corrientesdetarde.com\/index.php\/wp-json\/wp\/v2\/posts\/175485","targetHints":{"allow":["GET"]}}],"collection":[{"href":"https:\/\/corrientesdetarde.com\/index.php\/wp-json\/wp\/v2\/posts"}],"about":[{"href":"https:\/\/corrientesdetarde.com\/index.php\/wp-json\/wp\/v2\/types\/post"}],"author":[{"embeddable":true,"href":"https:\/\/corrientesdetarde.com\/index.php\/wp-json\/wp\/v2\/users\/4"}],"replies":[{"embeddable":true,"href":"https:\/\/corrientesdetarde.com\/index.php\/wp-json\/wp\/v2\/comments?post=175485"}],"version-history":[{"count":1,"href":"https:\/\/corrientesdetarde.com\/index.php\/wp-json\/wp\/v2\/posts\/175485\/revisions"}],"predecessor-version":[{"id":175487,"href":"https:\/\/corrientesdetarde.com\/index.php\/wp-json\/wp\/v2\/posts\/175485\/revisions\/175487"}],"wp:featuredmedia":[{"embeddable":true,"href":"https:\/\/corrientesdetarde.com\/index.php\/wp-json\/wp\/v2\/media\/175486"}],"wp:attachment":[{"href":"https:\/\/corrientesdetarde.com\/index.php\/wp-json\/wp\/v2\/media?parent=175485"}],"wp:term":[{"taxonomy":"category","embeddable":true,"href":"https:\/\/corrientesdetarde.com\/index.php\/wp-json\/wp\/v2\/categories?post=175485"},{"taxonomy":"post_tag","embeddable":true,"href":"https:\/\/corrientesdetarde.com\/index.php\/wp-json\/wp\/v2\/tags?post=175485"}],"curies":[{"name":"wp","href":"https:\/\/api.w.org\/{rel}","templated":true}]}}