{"id":175553,"date":"2024-11-27T09:50:59","date_gmt":"2024-11-27T12:50:59","guid":{"rendered":"https:\/\/corrientesdetarde.com\/?p=175553"},"modified":"2024-11-27T09:51:46","modified_gmt":"2024-11-27T12:51:46","slug":"vaciaran-una-laguna-tras-retomar-una-hipotesis-en-la-investigacion","status":"publish","type":"post","link":"https:\/\/corrientesdetarde.com\/index.php\/policiales\/vaciaran-una-laguna-tras-retomar-una-hipotesis-en-la-investigacion\/","title":{"rendered":"Loan: Vaciar\u00e1n una laguna tras retomar una hip\u00f3tesis en la investigaci\u00f3n"},"content":{"rendered":"\n<p>A m\u00e1s de cinco meses de la desaparici\u00f3n de Loan Danilo Pe\u00f1a, el caso sigue siendo un misterio, pero la familia no pierde la esperanza. Recientemente los padres del menor, junto a su abogado profundizaron en las sospechas que pesan sobre varias personas vinculadas al caso, incluida la posible responsabilidad de Carlos P\u00e9rez y Mar\u00eda Victoria Caillava.<\/p>\n\n\n\n<p>El abogado de la familia, Juan Pablo Gallego, asegur\u00f3 que las autoridades deben presionar a las seis personas detenidas y otras figuras clave, como Macarena, quienes, seg\u00fan \u00e9l, saben m\u00e1s de lo que est\u00e1n diciendo. En palabras de Gallego, estas personas est\u00e1n involucradas en un &#8220;pacto de silencio&#8221; que dificulta la resoluci\u00f3n del caso de Loan.<\/p>\n\n\n\n<p>Uno de los puntos clave en la investigaci\u00f3n es el an\u00e1lisis de ciertas zonas que no han sido completamente exploradas. Jos\u00e9 Mazzei, el perito de parte, mencion\u00f3 que hay cuatro lagunas en las cuales no se ha realizado un rastreo exhaustivo. En particular, una de estas lagunas est\u00e1 ubicada en el campo de Carlos P\u00e9rez, un \u00e1rea que se ha mantenido fuera del foco a pesar de su cercan\u00eda con el lugar de la desaparici\u00f3n.<\/p>\n\n\n\n<p>El caso de Loan Danilo Pe\u00f1a ha tomado un giro inesperado con la nueva informaci\u00f3n obtenida de las pericias realizadas a Carlos P\u00e9rez, quien se encuentra bajo sospecha. El abogado Juan Pablo Gallego se\u00f1al\u00f3 que los resultados de la pericia sobre P\u00e9rez muestran patrones similares a los de individuos con historial delictivo relacionado con menores.<\/p>\n\n\n\n<p>Con las investigaciones en curso, se espera que la pr\u00f3xima semana se realice un nuevo operativo para vaciar la laguna cercana al campo de Carlos P\u00e9rez. El objetivo es seguir con la hip\u00f3tesis inicial de un accidente y descartar posibles indicios que puedan haber quedado sin revisar.&nbsp;<\/p>\n","protected":false},"excerpt":{"rendered":"<p>A m\u00e1s de cinco meses de la desaparici\u00f3n de Loan Danilo Pe\u00f1a, el caso sigue siendo un misterio, pero la familia no pierde la esperanza. Recientemente los padres del menor,&hellip; <\/p>\n","protected":false},"author":1,"featured_media":166351,"comment_status":"closed","ping_status":"open","sticky":false,"template":"","format":"standard","meta":{"footnotes":""},"categories":[33],"tags":[],"class_list":["post-175553","post","type-post","status-publish","format-standard","has-post-thumbnail","hentry","category-policiales"],"_links":{"self":[{"href":"https:\/\/corrientesdetarde.com\/index.php\/wp-json\/wp\/v2\/posts\/175553","targetHints":{"allow":["GET"]}}],"collection":[{"href":"https:\/\/corrientesdetarde.com\/index.php\/wp-json\/wp\/v2\/posts"}],"about":[{"href":"https:\/\/corrientesdetarde.com\/index.php\/wp-json\/wp\/v2\/types\/post"}],"author":[{"embeddable":true,"href":"https:\/\/corrientesdetarde.com\/index.php\/wp-json\/wp\/v2\/users\/1"}],"replies":[{"embeddable":true,"href":"https:\/\/corrientesdetarde.com\/index.php\/wp-json\/wp\/v2\/comments?post=175553"}],"version-history":[{"count":2,"href":"https:\/\/corrientesdetarde.com\/index.php\/wp-json\/wp\/v2\/posts\/175553\/revisions"}],"predecessor-version":[{"id":175557,"href":"https:\/\/corrientesdetarde.com\/index.php\/wp-json\/wp\/v2\/posts\/175553\/revisions\/175557"}],"wp:featuredmedia":[{"embeddable":true,"href":"https:\/\/corrientesdetarde.com\/index.php\/wp-json\/wp\/v2\/media\/166351"}],"wp:attachment":[{"href":"https:\/\/corrientesdetarde.com\/index.php\/wp-json\/wp\/v2\/media?parent=175553"}],"wp:term":[{"taxonomy":"category","embeddable":true,"href":"https:\/\/corrientesdetarde.com\/index.php\/wp-json\/wp\/v2\/categories?post=175553"},{"taxonomy":"post_tag","embeddable":true,"href":"https:\/\/corrientesdetarde.com\/index.php\/wp-json\/wp\/v2\/tags?post=175553"}],"curies":[{"name":"wp","href":"https:\/\/api.w.org\/{rel}","templated":true}]}}