{"id":175842,"date":"2024-11-28T14:59:45","date_gmt":"2024-11-28T17:59:45","guid":{"rendered":"https:\/\/corrientesdetarde.com\/?p=175842"},"modified":"2024-11-28T14:59:51","modified_gmt":"2024-11-28T17:59:51","slug":"cardozo-coordino-asistencia-sanitaria-en-sauce-y-el-sombrero","status":"publish","type":"post","link":"https:\/\/corrientesdetarde.com\/index.php\/bienestar-y-salud\/cardozo-coordino-asistencia-sanitaria-en-sauce-y-el-sombrero\/","title":{"rendered":"Cardozo coordin\u00f3 asistencia sanitaria en Sauce y El Sombrero"},"content":{"rendered":"\n<p><em>El Ministro lleg\u00f3 a las localidades junto a su equipo, para asistir a las familias afectadas por las inundaciones. Se reunieron con los intendentes, realizaron relevamientos y llevaron insumos.<\/em><\/p>\n\n\n\n<p>A ra\u00edz del intenso fen\u00f3meno clim\u00e1tico, por disposici\u00f3n del Gobernador Gustavo Vald\u00e9s, el ministro de Salud P\u00fablica, Ricardo Cardozo, coordin\u00f3 asistencia en Sauce y en El Sombrero. Lo hizo junto a otros funcionarios de la cartera sanitaria y a un equipo de agentes de diferentes localidades de la provincia que se sum\u00f3 al operativo.<\/p>\n\n\n\n<p>En las localidades afectadas se encuentran trabajando con todas las \u00e1reas del Gobierno Provincial y los Municipios locales. Se realizan relevamientos de la situaci\u00f3n y se brinda inmediata atenci\u00f3n a las familias afectadas.<\/p>\n\n\n\n<p>En Sauce este mi\u00e9rcoles, el ministro se reuni\u00f3 con el intendente Carlos Romano, el director del hospital Ra\u00fal Osvaldo Antenucci y sus equipos. Recorrieron la zona y llevaron asistencia e insumos. Se sumaron promotores de Esquina, Paso de los Libres, Monte Caseros, Curuz\u00fa Cuati\u00e1, Santa Ana y de Capital.<\/p>\n\n\n\n<p>El jueves, el ministro se reuni\u00f3 con el intendente de El Sombrero, Ra\u00fal Gonz\u00e1lez, con quienes evaluaron la situaci\u00f3n de la zona y coordinaron acciones de asistencia y prevenci\u00f3n. Se incorporaron equipos de la Direcci\u00f3n General de Epidemiolog\u00eda y de la Subsecretar\u00eda de Atenci\u00f3n Primaria de la Salud con un grupo de promotores de diferentes localidades de la provincia.<\/p>\n\n\n\n<p>A las localidades afectadas, adem\u00e1s de atenciones sanitarias, se llevaron botiquines de primeros auxilios, repelentes, sueros antiof\u00eddicos e insumos como refuerzo de los existentes en cada hospital.<\/p>\n\n\n\n<p>\u201cSiguiendo las instrucciones del Gobernador Gustavo Vald\u00e9s estamos con nuestros equipos asistiendo a las familias afectadas por el temporal y vamos a poner todas las herramientas del Ministerio de Salud P\u00fablica a disposici\u00f3n\u201d, dijo el ministro&nbsp;y agreg\u00f3, \u201ccon nuestros agentes verificamos el estado de salud de los evacuados y reforzaremos en los hospitales y centros de salud todo lo que sea stock de suero antiof\u00eddico y medicamentos e insumos en general\u201d.<\/p>\n\n\n\n<figure class=\"wp-block-image size-large\"><img loading=\"lazy\" decoding=\"async\" width=\"1024\" height=\"682\" src=\"https:\/\/corrientesdetarde.com\/wp-content\/uploads\/2024\/11\/image-1192-1024x682.png\" alt=\"\" class=\"wp-image-175844\" srcset=\"https:\/\/corrientesdetarde.com\/wp-content\/uploads\/2024\/11\/image-1192-1024x682.png 1024w, https:\/\/corrientesdetarde.com\/wp-content\/uploads\/2024\/11\/image-1192-300x200.png 300w, https:\/\/corrientesdetarde.com\/wp-content\/uploads\/2024\/11\/image-1192-768x512.png 768w, https:\/\/corrientesdetarde.com\/wp-content\/uploads\/2024\/11\/image-1192.png 1280w\" sizes=\"auto, (max-width: 1024px) 100vw, 1024px\" \/><\/figure>\n","protected":false},"excerpt":{"rendered":"<p>El Ministro lleg\u00f3 a las localidades junto a su equipo, para asistir a las familias afectadas por las inundaciones. Se reunieron con los intendentes, realizaron relevamientos y llevaron insumos. A&hellip; <\/p>\n","protected":false},"author":8,"featured_media":175843,"comment_status":"closed","ping_status":"open","sticky":false,"template":"","format":"standard","meta":{"footnotes":""},"categories":[16],"tags":[],"class_list":["post-175842","post","type-post","status-publish","format-standard","has-post-thumbnail","hentry","category-bienestar-y-salud"],"_links":{"self":[{"href":"https:\/\/corrientesdetarde.com\/index.php\/wp-json\/wp\/v2\/posts\/175842","targetHints":{"allow":["GET"]}}],"collection":[{"href":"https:\/\/corrientesdetarde.com\/index.php\/wp-json\/wp\/v2\/posts"}],"about":[{"href":"https:\/\/corrientesdetarde.com\/index.php\/wp-json\/wp\/v2\/types\/post"}],"author":[{"embeddable":true,"href":"https:\/\/corrientesdetarde.com\/index.php\/wp-json\/wp\/v2\/users\/8"}],"replies":[{"embeddable":true,"href":"https:\/\/corrientesdetarde.com\/index.php\/wp-json\/wp\/v2\/comments?post=175842"}],"version-history":[{"count":1,"href":"https:\/\/corrientesdetarde.com\/index.php\/wp-json\/wp\/v2\/posts\/175842\/revisions"}],"predecessor-version":[{"id":175845,"href":"https:\/\/corrientesdetarde.com\/index.php\/wp-json\/wp\/v2\/posts\/175842\/revisions\/175845"}],"wp:featuredmedia":[{"embeddable":true,"href":"https:\/\/corrientesdetarde.com\/index.php\/wp-json\/wp\/v2\/media\/175843"}],"wp:attachment":[{"href":"https:\/\/corrientesdetarde.com\/index.php\/wp-json\/wp\/v2\/media?parent=175842"}],"wp:term":[{"taxonomy":"category","embeddable":true,"href":"https:\/\/corrientesdetarde.com\/index.php\/wp-json\/wp\/v2\/categories?post=175842"},{"taxonomy":"post_tag","embeddable":true,"href":"https:\/\/corrientesdetarde.com\/index.php\/wp-json\/wp\/v2\/tags?post=175842"}],"curies":[{"name":"wp","href":"https:\/\/api.w.org\/{rel}","templated":true}]}}