{"id":175855,"date":"2024-11-28T15:07:30","date_gmt":"2024-11-28T18:07:30","guid":{"rendered":"https:\/\/corrientesdetarde.com\/?p=175855"},"modified":"2024-11-28T15:07:35","modified_gmt":"2024-11-28T18:07:35","slug":"la-orquesta-sinfonica-de-la-provincia-brindara-un-concierto-en-la-parroquia-san-francisco-solano","status":"publish","type":"post","link":"https:\/\/corrientesdetarde.com\/index.php\/cultura\/la-orquesta-sinfonica-de-la-provincia-brindara-un-concierto-en-la-parroquia-san-francisco-solano\/","title":{"rendered":"La Orquesta Sinf\u00f3nica de la Provincia brindar\u00e1 un concierto en la parroquia San Francisco Solano"},"content":{"rendered":"\n<p>El Instituto de Cultura de Corrientes invita a asistir al concierto que brindar\u00e1 la Orquesta Sinf\u00f3nica de la Provincia, el pr\u00f3ximo s\u00e1bado 7 de diciembre, a las 21, en la parroquia San Francisco Solano (Mendoza 468), con acceso libre y gratuito. Esta propuesta forma parte del ciclo \u201cEl Vera fuera del Vera\u201d.<\/p>\n\n\n\n<p>La Orquesta Sinf\u00f3nica de la Provincia, dependiente del Instituto de Cultura, est\u00e1 ensayando en el Museo de Ciencias Naturales Amado Bonpland para ofrecer un concierto imperdible.<\/p>\n\n\n\n<p>En la primera parte se ofrecer\u00e1 Suite de 3 morceaux para Flauta y Orquesta op 116 de Benjam\u00edn Godard, siendo el solista Lucas Quinteros. En la segunda parte se interpretar\u00e1 la Misa en sol menor de Johann Sebastian Bach BWV 235.<\/p>\n\n\n\n<p>El coro ser\u00e1 Cantus Animae del Instituto Superior de M\u00fasica \u201cProf. Carmelo Horlando De Biasi\u201d, y los solistas de la misa Lisandro Palomo, Valeria Abalde, D\u00e9bora Velozo y Hugo Ben\u00edtez.<\/p>\n\n\n\n<p>La velada tendr\u00e1 como director invitado al maestro Alejandro Bendersky.<\/p>\n\n\n\n<figure class=\"wp-block-image size-large\"><img loading=\"lazy\" decoding=\"async\" width=\"1024\" height=\"909\" src=\"https:\/\/corrientesdetarde.com\/wp-content\/uploads\/2024\/11\/image-1201-1024x909.png\" alt=\"\" class=\"wp-image-175857\" srcset=\"https:\/\/corrientesdetarde.com\/wp-content\/uploads\/2024\/11\/image-1201-1024x909.png 1024w, https:\/\/corrientesdetarde.com\/wp-content\/uploads\/2024\/11\/image-1201-300x266.png 300w, https:\/\/corrientesdetarde.com\/wp-content\/uploads\/2024\/11\/image-1201-768x682.png 768w, https:\/\/corrientesdetarde.com\/wp-content\/uploads\/2024\/11\/image-1201-1536x1364.png 1536w, https:\/\/corrientesdetarde.com\/wp-content\/uploads\/2024\/11\/image-1201.png 2048w\" sizes=\"auto, (max-width: 1024px) 100vw, 1024px\" \/><\/figure>\n\n\n\n<figure class=\"wp-block-image size-large\"><img loading=\"lazy\" decoding=\"async\" width=\"970\" height=\"1024\" src=\"https:\/\/corrientesdetarde.com\/wp-content\/uploads\/2024\/11\/image-1202-970x1024.png\" alt=\"\" class=\"wp-image-175858\" srcset=\"https:\/\/corrientesdetarde.com\/wp-content\/uploads\/2024\/11\/image-1202-970x1024.png 970w, https:\/\/corrientesdetarde.com\/wp-content\/uploads\/2024\/11\/image-1202-284x300.png 284w, https:\/\/corrientesdetarde.com\/wp-content\/uploads\/2024\/11\/image-1202-768x811.png 768w, https:\/\/corrientesdetarde.com\/wp-content\/uploads\/2024\/11\/image-1202-1455x1536.png 1455w, https:\/\/corrientesdetarde.com\/wp-content\/uploads\/2024\/11\/image-1202.png 1940w\" sizes=\"auto, (max-width: 970px) 100vw, 970px\" \/><\/figure>\n\n\n\n<figure class=\"wp-block-image size-large\"><img loading=\"lazy\" decoding=\"async\" width=\"1024\" height=\"683\" src=\"https:\/\/corrientesdetarde.com\/wp-content\/uploads\/2024\/11\/image-1203-1024x683.png\" alt=\"\" class=\"wp-image-175859\" srcset=\"https:\/\/corrientesdetarde.com\/wp-content\/uploads\/2024\/11\/image-1203-1024x683.png 1024w, https:\/\/corrientesdetarde.com\/wp-content\/uploads\/2024\/11\/image-1203-300x200.png 300w, https:\/\/corrientesdetarde.com\/wp-content\/uploads\/2024\/11\/image-1203-768x512.png 768w, https:\/\/corrientesdetarde.com\/wp-content\/uploads\/2024\/11\/image-1203-1536x1024.png 1536w, https:\/\/corrientesdetarde.com\/wp-content\/uploads\/2024\/11\/image-1203.png 2048w\" sizes=\"auto, (max-width: 1024px) 100vw, 1024px\" \/><\/figure>\n","protected":false},"excerpt":{"rendered":"<p>El Instituto de Cultura de Corrientes invita a asistir al concierto que brindar\u00e1 la Orquesta Sinf\u00f3nica de la Provincia, el pr\u00f3ximo s\u00e1bado 7 de diciembre, a las 21, en la&hellip; <\/p>\n","protected":false},"author":8,"featured_media":175856,"comment_status":"closed","ping_status":"open","sticky":false,"template":"","format":"standard","meta":{"footnotes":""},"categories":[15],"tags":[],"class_list":["post-175855","post","type-post","status-publish","format-standard","has-post-thumbnail","hentry","category-cultura"],"_links":{"self":[{"href":"https:\/\/corrientesdetarde.com\/index.php\/wp-json\/wp\/v2\/posts\/175855","targetHints":{"allow":["GET"]}}],"collection":[{"href":"https:\/\/corrientesdetarde.com\/index.php\/wp-json\/wp\/v2\/posts"}],"about":[{"href":"https:\/\/corrientesdetarde.com\/index.php\/wp-json\/wp\/v2\/types\/post"}],"author":[{"embeddable":true,"href":"https:\/\/corrientesdetarde.com\/index.php\/wp-json\/wp\/v2\/users\/8"}],"replies":[{"embeddable":true,"href":"https:\/\/corrientesdetarde.com\/index.php\/wp-json\/wp\/v2\/comments?post=175855"}],"version-history":[{"count":1,"href":"https:\/\/corrientesdetarde.com\/index.php\/wp-json\/wp\/v2\/posts\/175855\/revisions"}],"predecessor-version":[{"id":175860,"href":"https:\/\/corrientesdetarde.com\/index.php\/wp-json\/wp\/v2\/posts\/175855\/revisions\/175860"}],"wp:featuredmedia":[{"embeddable":true,"href":"https:\/\/corrientesdetarde.com\/index.php\/wp-json\/wp\/v2\/media\/175856"}],"wp:attachment":[{"href":"https:\/\/corrientesdetarde.com\/index.php\/wp-json\/wp\/v2\/media?parent=175855"}],"wp:term":[{"taxonomy":"category","embeddable":true,"href":"https:\/\/corrientesdetarde.com\/index.php\/wp-json\/wp\/v2\/categories?post=175855"},{"taxonomy":"post_tag","embeddable":true,"href":"https:\/\/corrientesdetarde.com\/index.php\/wp-json\/wp\/v2\/tags?post=175855"}],"curies":[{"name":"wp","href":"https:\/\/api.w.org\/{rel}","templated":true}]}}