{"id":175861,"date":"2024-11-28T15:09:12","date_gmt":"2024-11-28T18:09:12","guid":{"rendered":"https:\/\/corrientesdetarde.com\/?p=175861"},"modified":"2024-11-28T16:06:26","modified_gmt":"2024-11-28T19:06:26","slug":"el-gobierno-de-corrientes-firmo-un-convenio-con-la-agencia-nacional-de-seguridad-vial","status":"publish","type":"post","link":"https:\/\/corrientesdetarde.com\/index.php\/locales\/el-gobierno-de-corrientes-firmo-un-convenio-con-la-agencia-nacional-de-seguridad-vial\/","title":{"rendered":"El Gobierno de Corrientes firm\u00f3 un convenio con la Agencia Nacional de Seguridad Vial"},"content":{"rendered":"\n<p>Este jueves el ministro de Seguridad de Corrientes, Alfredo Vallejos firm\u00f3 un convenio con el director ejecutivo de la Agencia Nacional de Seguridad Vial, Pedro Scarpinelli. El acto respectivo tuvo lugar en la sede de la cartera provincial con el objetivo de acordar un trabajo conjunto entre organismos nacionales y provinciales para reducir los siniestros viales.<\/p>\n\n\n\n<p>Cabe agregar que este convenio tambi\u00e9n incluy\u00f3 la entrega de cascos, por parte de la agencia nacional a la provincia, para reforzar la seguridad de los motociclistas.<\/p>\n\n\n\n<p>Adem\u00e1s de los mencionados, tambi\u00e9n participaron en la ocasi\u00f3n, el subdirector ejecutivo de la Agencia Nacional de Seguridad Vial, Patricio Smith; y por parte del Gobierno de Corrientes, el subsecretario de Seguridad Vial, Juan Manuel Saloj, como as\u00ed tambi\u00e9n el coordinador del Observatorio Provincial de Seguridad Vial, Leandro Mazzaro; mientras que por la Polic\u00eda de Corrientes, estuvo el director General de la Polic\u00eda Vial, comisario general Eduardo Felipe Dip.<\/p>\n\n\n\n<p><\/p>\n\n\n\n<figure class=\"wp-block-image size-large\"><img loading=\"lazy\" decoding=\"async\" width=\"1024\" height=\"882\" src=\"https:\/\/corrientesdetarde.com\/wp-content\/uploads\/2024\/11\/image-1205-1024x882.png\" alt=\"\" class=\"wp-image-175863\" srcset=\"https:\/\/corrientesdetarde.com\/wp-content\/uploads\/2024\/11\/image-1205-1024x882.png 1024w, https:\/\/corrientesdetarde.com\/wp-content\/uploads\/2024\/11\/image-1205-300x258.png 300w, https:\/\/corrientesdetarde.com\/wp-content\/uploads\/2024\/11\/image-1205-768x661.png 768w, https:\/\/corrientesdetarde.com\/wp-content\/uploads\/2024\/11\/image-1205.png 1079w\" sizes=\"auto, (max-width: 1024px) 100vw, 1024px\" \/><\/figure>\n\n\n\n<figure class=\"wp-block-image size-large\"><img loading=\"lazy\" decoding=\"async\" width=\"1024\" height=\"893\" src=\"https:\/\/corrientesdetarde.com\/wp-content\/uploads\/2024\/11\/image-1206-1024x893.png\" alt=\"\" class=\"wp-image-175864\" srcset=\"https:\/\/corrientesdetarde.com\/wp-content\/uploads\/2024\/11\/image-1206-1024x893.png 1024w, https:\/\/corrientesdetarde.com\/wp-content\/uploads\/2024\/11\/image-1206-300x262.png 300w, https:\/\/corrientesdetarde.com\/wp-content\/uploads\/2024\/11\/image-1206-768x670.png 768w, https:\/\/corrientesdetarde.com\/wp-content\/uploads\/2024\/11\/image-1206.png 1079w\" sizes=\"auto, (max-width: 1024px) 100vw, 1024px\" \/><\/figure>\n","protected":false},"excerpt":{"rendered":"<p>Este jueves el ministro de Seguridad de Corrientes, Alfredo Vallejos firm\u00f3 un convenio con el director ejecutivo de la Agencia Nacional de Seguridad Vial, Pedro Scarpinelli. El acto respectivo tuvo&hellip; <\/p>\n","protected":false},"author":8,"featured_media":175862,"comment_status":"closed","ping_status":"open","sticky":false,"template":"","format":"standard","meta":{"footnotes":""},"categories":[8],"tags":[],"class_list":["post-175861","post","type-post","status-publish","format-standard","has-post-thumbnail","hentry","category-locales"],"_links":{"self":[{"href":"https:\/\/corrientesdetarde.com\/index.php\/wp-json\/wp\/v2\/posts\/175861","targetHints":{"allow":["GET"]}}],"collection":[{"href":"https:\/\/corrientesdetarde.com\/index.php\/wp-json\/wp\/v2\/posts"}],"about":[{"href":"https:\/\/corrientesdetarde.com\/index.php\/wp-json\/wp\/v2\/types\/post"}],"author":[{"embeddable":true,"href":"https:\/\/corrientesdetarde.com\/index.php\/wp-json\/wp\/v2\/users\/8"}],"replies":[{"embeddable":true,"href":"https:\/\/corrientesdetarde.com\/index.php\/wp-json\/wp\/v2\/comments?post=175861"}],"version-history":[{"count":2,"href":"https:\/\/corrientesdetarde.com\/index.php\/wp-json\/wp\/v2\/posts\/175861\/revisions"}],"predecessor-version":[{"id":175874,"href":"https:\/\/corrientesdetarde.com\/index.php\/wp-json\/wp\/v2\/posts\/175861\/revisions\/175874"}],"wp:featuredmedia":[{"embeddable":true,"href":"https:\/\/corrientesdetarde.com\/index.php\/wp-json\/wp\/v2\/media\/175862"}],"wp:attachment":[{"href":"https:\/\/corrientesdetarde.com\/index.php\/wp-json\/wp\/v2\/media?parent=175861"}],"wp:term":[{"taxonomy":"category","embeddable":true,"href":"https:\/\/corrientesdetarde.com\/index.php\/wp-json\/wp\/v2\/categories?post=175861"},{"taxonomy":"post_tag","embeddable":true,"href":"https:\/\/corrientesdetarde.com\/index.php\/wp-json\/wp\/v2\/tags?post=175861"}],"curies":[{"name":"wp","href":"https:\/\/api.w.org\/{rel}","templated":true}]}}