{"id":175928,"date":"2024-11-28T20:03:30","date_gmt":"2024-11-28T23:03:30","guid":{"rendered":"https:\/\/corrientesdetarde.com\/?p=175928"},"modified":"2024-11-28T20:03:34","modified_gmt":"2024-11-28T23:03:34","slug":"senado-aprobo-el-presupuesto-2025","status":"publish","type":"post","link":"https:\/\/corrientesdetarde.com\/index.php\/actualidad\/senado-aprobo-el-presupuesto-2025\/","title":{"rendered":"Senado aprob\u00f3 el presupuesto 2025"},"content":{"rendered":"\n<p>El jueves 28 se llev\u00f3 a cabo la 18\u00b0 Sesi\u00f3n Ordinaria de la C\u00e1mara de Senadores presidida por el<br>vicegobernador Pedro Braillard Poccard, donde despu\u00e9s de un arduo debate se aprob\u00f3 el proyecto<br>de Ley de Presupuesto general de gastos y c\u00e1lculo de recursos de la administraci\u00f3n p\u00fablica<br>provincial ejercicio 2025.<\/p>\n\n\n\n<figure class=\"wp-block-image size-large\"><img loading=\"lazy\" decoding=\"async\" width=\"1024\" height=\"680\" src=\"https:\/\/corrientesdetarde.com\/wp-content\/uploads\/2024\/11\/image-1226-1024x680.png\" alt=\"\" class=\"wp-image-175929\" srcset=\"https:\/\/corrientesdetarde.com\/wp-content\/uploads\/2024\/11\/image-1226-1024x680.png 1024w, https:\/\/corrientesdetarde.com\/wp-content\/uploads\/2024\/11\/image-1226-300x199.png 300w, https:\/\/corrientesdetarde.com\/wp-content\/uploads\/2024\/11\/image-1226-768x510.png 768w, https:\/\/corrientesdetarde.com\/wp-content\/uploads\/2024\/11\/image-1226.png 1081w\" sizes=\"auto, (max-width: 1024px) 100vw, 1024px\" \/><\/figure>\n\n\n\n<figure class=\"wp-block-embed is-type-video is-provider-youtube wp-block-embed-youtube wp-embed-aspect-16-9 wp-has-aspect-ratio\"><div class=\"wp-block-embed__wrapper\">\n<iframe loading=\"lazy\" title=\"18\u00ba Sesion Ordinaria de Senadores de la Provincia de Corrientes\" width=\"1110\" height=\"624\" src=\"https:\/\/www.youtube.com\/embed\/lhYDwwNdoDY?feature=oembed\" frameborder=\"0\" allow=\"accelerometer; autoplay; clipboard-write; encrypted-media; gyroscope; picture-in-picture; web-share\" referrerpolicy=\"strict-origin-when-cross-origin\" allowfullscreen><\/iframe>\n<\/div><\/figure>\n\n\n\n<p>Cabe destacar que el proyecto se aprob\u00f3 con 12 votos (dos tercios) del bloque oficialista. El bloque del Partido Justicialista vot\u00f3 en contra. Los art\u00edculos 7, 20 y 22 del Presupuesto tambi\u00e9n se aprobaron<br>con 2 tercios, por voto nominal.<\/p>\n\n\n\n<p><\/p>\n\n\n\n<p>Tambi\u00e9n se convirtieron en ley los expedientes venidos de la C\u00e1mara de Diputados, proyecto de Ley por el que se declara Fiesta Provincial del Campo y el Trabajador Rural, que anualmente se celebra en el mes de enero en la localidad de 9 de Julio, y el proyecto de Ley por el que se declara de utilidad p\u00fablica y sujeto a expropiaci\u00f3n un inmueble ubicado en Paso de la Patria, con destino a la Administraci\u00f3n Obras Sanitarias corrientes (AOSC), para la construcci\u00f3n de una planta de tratamiento de residuos cloacales.<\/p>\n\n\n\n<p>Adem\u00e1s, tuvo media sanci\u00f3n el Proyecto de Ley de Sistema de Justicia Procesal Juvenil, que vuelve a Diputados con modificaciones.<\/p>\n\n\n\n<figure class=\"wp-block-image size-large\"><img loading=\"lazy\" decoding=\"async\" width=\"1024\" height=\"677\" src=\"https:\/\/corrientesdetarde.com\/wp-content\/uploads\/2024\/11\/image-1227-1024x677.png\" alt=\"\" class=\"wp-image-175930\" srcset=\"https:\/\/corrientesdetarde.com\/wp-content\/uploads\/2024\/11\/image-1227-1024x677.png 1024w, https:\/\/corrientesdetarde.com\/wp-content\/uploads\/2024\/11\/image-1227-300x198.png 300w, https:\/\/corrientesdetarde.com\/wp-content\/uploads\/2024\/11\/image-1227-768x508.png 768w, https:\/\/corrientesdetarde.com\/wp-content\/uploads\/2024\/11\/image-1227.png 1078w\" sizes=\"auto, (max-width: 1024px) 100vw, 1024px\" \/><\/figure>\n\n\n\n<p>Al finalizar la sesi\u00f3n, tom\u00f3 la palabra el Senador Mart\u00edn Barrinuevo para saludar y agradecer por su<br>labor de tantos a\u00f1os al jefe del cuerpo de taqu\u00edgrafos, Omar Tr\u00f3ccoli, quien se jubila a fin de a\u00f1o,<br>siendo esta su \u00faltima sesi\u00f3n ordinaria; tambi\u00e9n el Vicegobernador adhiri\u00f3 al saludo y destac\u00f3 que brindan \u201cseguridad al procedimiento parlamentario\u201d.<\/p>\n\n\n\n<figure class=\"wp-block-image size-large\"><img loading=\"lazy\" decoding=\"async\" width=\"1024\" height=\"673\" src=\"https:\/\/corrientesdetarde.com\/wp-content\/uploads\/2024\/11\/image-1228-1024x673.png\" alt=\"\" class=\"wp-image-175931\" srcset=\"https:\/\/corrientesdetarde.com\/wp-content\/uploads\/2024\/11\/image-1228-1024x673.png 1024w, https:\/\/corrientesdetarde.com\/wp-content\/uploads\/2024\/11\/image-1228-300x197.png 300w, https:\/\/corrientesdetarde.com\/wp-content\/uploads\/2024\/11\/image-1228-768x505.png 768w, https:\/\/corrientesdetarde.com\/wp-content\/uploads\/2024\/11\/image-1228.png 1073w\" sizes=\"auto, (max-width: 1024px) 100vw, 1024px\" \/><\/figure>\n\n\n\n<p>Declaraciones de Inter\u00e9s<\/p>\n\n\n\n<p>Se aprobaron las siguientes declaraciones de Inter\u00e9s, el libro \u201cAntolog\u00eda \u00d1ande Devociones y<br>Milagros\u201d, la realizaci\u00f3n del \u201c1\u00ba Congreso Provincial de Alfabetizaci\u00f3n\u201d: \u201cAlfabetizaci\u00f3n para todos,<br>futuro para Corrientes\u201d, organizado por el ministerio de Educaci\u00f3n de la Provincia, y las<br>Capacitaciones en Educaci\u00f3n Emocional para el personal y directivos de los Hogares del DIPNA<br>(Direcci\u00f3n de Protecci\u00f3n de la Ni\u00f1ez y Adolescencia de la Provincia de Corrientes), autor\u00edas del<br>senador Di\u00f3genes Ignacio Gonz\u00e1lez.<\/p>\n\n\n\n<p>Mientras que el proyecto de declaraci\u00f3n de inter\u00e9s por la batalla de las \u201cMadres de Corrientes y<br>Buenos Aires que luchan por la aparici\u00f3n de Loan\u201d, y el repudio al acto de violencia institucional que<br>sufrieran las \u201cMadres Guerreras de Goya \u2013 Corrientes\u201d, fueron enviados a la comisi\u00f3n de Derechos<br>Humanos, ambos autor\u00eda de la senadora Mar\u00eda Celeste Asc\u00faa.<\/p>\n\n\n\n<figure class=\"wp-block-image size-large\"><img loading=\"lazy\" decoding=\"async\" width=\"1024\" height=\"681\" src=\"https:\/\/corrientesdetarde.com\/wp-content\/uploads\/2024\/11\/image-1229-1024x681.png\" alt=\"\" class=\"wp-image-175932\" srcset=\"https:\/\/corrientesdetarde.com\/wp-content\/uploads\/2024\/11\/image-1229-1024x681.png 1024w, https:\/\/corrientesdetarde.com\/wp-content\/uploads\/2024\/11\/image-1229-300x200.png 300w, https:\/\/corrientesdetarde.com\/wp-content\/uploads\/2024\/11\/image-1229-768x511.png 768w, https:\/\/corrientesdetarde.com\/wp-content\/uploads\/2024\/11\/image-1229.png 1076w\" sizes=\"auto, (max-width: 1024px) 100vw, 1024px\" \/><\/figure>\n\n\n\n<figure class=\"wp-block-image size-full\"><img loading=\"lazy\" decoding=\"async\" width=\"952\" height=\"719\" src=\"https:\/\/corrientesdetarde.com\/wp-content\/uploads\/2024\/11\/image-1230.png\" alt=\"\" class=\"wp-image-175933\" srcset=\"https:\/\/corrientesdetarde.com\/wp-content\/uploads\/2024\/11\/image-1230.png 952w, https:\/\/corrientesdetarde.com\/wp-content\/uploads\/2024\/11\/image-1230-300x227.png 300w, https:\/\/corrientesdetarde.com\/wp-content\/uploads\/2024\/11\/image-1230-768x580.png 768w\" sizes=\"auto, (max-width: 952px) 100vw, 952px\" \/><\/figure>\n\n\n\n<p>SESI\u00d3N COMPLETA:<\/p>\n\n\n\n<figure class=\"wp-block-embed is-type-video is-provider-youtube wp-block-embed-youtube wp-embed-aspect-16-9 wp-has-aspect-ratio\"><div class=\"wp-block-embed__wrapper\">\n<iframe loading=\"lazy\" title=\"18\u00ba Sesion Ordinaria de Senadores de la Provincia de Corrientes\" width=\"1110\" height=\"624\" src=\"https:\/\/www.youtube.com\/embed\/9GindQe0BLg?feature=oembed\" frameborder=\"0\" allow=\"accelerometer; autoplay; clipboard-write; encrypted-media; gyroscope; picture-in-picture; web-share\" referrerpolicy=\"strict-origin-when-cross-origin\" allowfullscreen><\/iframe>\n<\/div><\/figure>\n","protected":false},"excerpt":{"rendered":"<p>El jueves 28 se llev\u00f3 a cabo la 18\u00b0 Sesi\u00f3n Ordinaria de la C\u00e1mara de Senadores presidida por elvicegobernador Pedro Braillard Poccard, donde despu\u00e9s de un arduo debate se aprob\u00f3&hellip; <\/p>\n","protected":false},"author":4,"featured_media":175934,"comment_status":"closed","ping_status":"open","sticky":false,"template":"","format":"standard","meta":{"footnotes":""},"categories":[23],"tags":[],"class_list":["post-175928","post","type-post","status-publish","format-standard","has-post-thumbnail","hentry","category-actualidad"],"_links":{"self":[{"href":"https:\/\/corrientesdetarde.com\/index.php\/wp-json\/wp\/v2\/posts\/175928","targetHints":{"allow":["GET"]}}],"collection":[{"href":"https:\/\/corrientesdetarde.com\/index.php\/wp-json\/wp\/v2\/posts"}],"about":[{"href":"https:\/\/corrientesdetarde.com\/index.php\/wp-json\/wp\/v2\/types\/post"}],"author":[{"embeddable":true,"href":"https:\/\/corrientesdetarde.com\/index.php\/wp-json\/wp\/v2\/users\/4"}],"replies":[{"embeddable":true,"href":"https:\/\/corrientesdetarde.com\/index.php\/wp-json\/wp\/v2\/comments?post=175928"}],"version-history":[{"count":1,"href":"https:\/\/corrientesdetarde.com\/index.php\/wp-json\/wp\/v2\/posts\/175928\/revisions"}],"predecessor-version":[{"id":175935,"href":"https:\/\/corrientesdetarde.com\/index.php\/wp-json\/wp\/v2\/posts\/175928\/revisions\/175935"}],"wp:featuredmedia":[{"embeddable":true,"href":"https:\/\/corrientesdetarde.com\/index.php\/wp-json\/wp\/v2\/media\/175934"}],"wp:attachment":[{"href":"https:\/\/corrientesdetarde.com\/index.php\/wp-json\/wp\/v2\/media?parent=175928"}],"wp:term":[{"taxonomy":"category","embeddable":true,"href":"https:\/\/corrientesdetarde.com\/index.php\/wp-json\/wp\/v2\/categories?post=175928"},{"taxonomy":"post_tag","embeddable":true,"href":"https:\/\/corrientesdetarde.com\/index.php\/wp-json\/wp\/v2\/tags?post=175928"}],"curies":[{"name":"wp","href":"https:\/\/api.w.org\/{rel}","templated":true}]}}