{"id":17609,"date":"2022-11-07T15:43:10","date_gmt":"2022-11-07T18:43:10","guid":{"rendered":"https:\/\/corrientesdetarde.com\/?p=17609"},"modified":"2022-11-07T15:43:14","modified_gmt":"2022-11-07T18:43:14","slug":"la-dpec-realizara-trabajos-de-mejoras-en-capital-y-el-interior-10","status":"publish","type":"post","link":"https:\/\/corrientesdetarde.com\/index.php\/informacion-general\/la-dpec-realizara-trabajos-de-mejoras-en-capital-y-el-interior-10\/","title":{"rendered":"La DPEC realizar\u00e1 trabajos de mejoras en Capital y el interior"},"content":{"rendered":"\n<p>La Direcci\u00f3n Provincial de Energ\u00eda de Corrientes (DPEC) informa que con motivo de realizar mejoras en el servicio, se ejecutar\u00e1n tareas de mantenimiento de L\u00edneas de Media Tensi\u00f3n (LMT), por lo cual se interrumpir\u00e1 el suministro de energ\u00eda el\u00e9ctrica en la ciudad&nbsp;<strong>CAPITAL<\/strong>, el martes 08\/11\/22, en el horario de 08:00 a 12:00, en las zonas: Tramo de la Ruta 43 desde la ET Golf Club hasta el acceso a Santa Ana y zonas de influencia.<\/p>\n\n\n\n<p>Adem\u00e1s, informa que con motivo de realizar mejoras en el servicio, se ejecutar\u00e1n tareas de montaje de columnas para L\u00edneas de Media Tensi\u00f3n, por lo cual se interrumpir\u00e1 el suministro de energ\u00eda el\u00e9ctrica en la localidad de&nbsp;<strong>PASO DE LOS LIBRES<\/strong>, el martes 08\/11\/22, en el horario de 13:00 a 16:00, en zonas: Colectora Ruta Nacional N\u00b0 117, entre Reviens y la Estaci\u00f3n de Servicio Shell.<\/p>\n\n\n\n<p>Por otro lado, informa que con motivo de realizar mejoras en el servicio, se ejecutar\u00e1n trabajos en L\u00edneas de Media Tensi\u00f3n (LMT) para una nueva salida en 33 kV, por lo cual se interrumpir\u00e1 el suministro de energ\u00eda el\u00e9ctrica en la ciudad de&nbsp;<strong>MONTE CASEROS<\/strong>, el martes 08\/11\/22, en el horario de 13:00 a 17:00, en zonas: B\u00b0 San Mart\u00edn, B\u00b0 &#8220;Chopo&#8221; Areta, B\u00b0 Centro y B\u00b0 140 Viviendas.<\/p>\n\n\n\n<p>Por \u00faltimo, informa que con motivo de realizar mejoras en el servicio, se ejecutar\u00e1n tareas de mantenimiento de L\u00edneas de Media Tensi\u00f3n (LMT), por lo cual se interrumpir\u00e1 el suministro de energ\u00eda el\u00e9ctrica en la localidad de&nbsp;<strong>SAN CARLOS y zonas de influencia<\/strong>, el martes 08\/11\/22, en el horario de 14:30 a 16:30 Hs.<\/p>\n","protected":false},"excerpt":{"rendered":"<p>La Direcci\u00f3n Provincial de Energ\u00eda de Corrientes (DPEC) informa que con motivo de realizar mejoras en el servicio, se ejecutar\u00e1n tareas de mantenimiento de L\u00edneas de Media Tensi\u00f3n (LMT), por&hellip; <\/p>\n","protected":false},"author":8,"featured_media":17610,"comment_status":"closed","ping_status":"open","sticky":false,"template":"","format":"standard","meta":{"footnotes":""},"categories":[1],"tags":[],"class_list":["post-17609","post","type-post","status-publish","format-standard","has-post-thumbnail","hentry","category-informacion-general"],"_links":{"self":[{"href":"https:\/\/corrientesdetarde.com\/index.php\/wp-json\/wp\/v2\/posts\/17609","targetHints":{"allow":["GET"]}}],"collection":[{"href":"https:\/\/corrientesdetarde.com\/index.php\/wp-json\/wp\/v2\/posts"}],"about":[{"href":"https:\/\/corrientesdetarde.com\/index.php\/wp-json\/wp\/v2\/types\/post"}],"author":[{"embeddable":true,"href":"https:\/\/corrientesdetarde.com\/index.php\/wp-json\/wp\/v2\/users\/8"}],"replies":[{"embeddable":true,"href":"https:\/\/corrientesdetarde.com\/index.php\/wp-json\/wp\/v2\/comments?post=17609"}],"version-history":[{"count":1,"href":"https:\/\/corrientesdetarde.com\/index.php\/wp-json\/wp\/v2\/posts\/17609\/revisions"}],"predecessor-version":[{"id":17611,"href":"https:\/\/corrientesdetarde.com\/index.php\/wp-json\/wp\/v2\/posts\/17609\/revisions\/17611"}],"wp:featuredmedia":[{"embeddable":true,"href":"https:\/\/corrientesdetarde.com\/index.php\/wp-json\/wp\/v2\/media\/17610"}],"wp:attachment":[{"href":"https:\/\/corrientesdetarde.com\/index.php\/wp-json\/wp\/v2\/media?parent=17609"}],"wp:term":[{"taxonomy":"category","embeddable":true,"href":"https:\/\/corrientesdetarde.com\/index.php\/wp-json\/wp\/v2\/categories?post=17609"},{"taxonomy":"post_tag","embeddable":true,"href":"https:\/\/corrientesdetarde.com\/index.php\/wp-json\/wp\/v2\/tags?post=17609"}],"curies":[{"name":"wp","href":"https:\/\/api.w.org\/{rel}","templated":true}]}}