{"id":176378,"date":"2024-12-01T20:13:04","date_gmt":"2024-12-01T23:13:04","guid":{"rendered":"https:\/\/corrientesdetarde.com\/?p=176378"},"modified":"2024-12-01T20:13:06","modified_gmt":"2024-12-01T23:13:06","slug":"continua-el-alerta-roja-y-naranja-por-tormentas","status":"publish","type":"post","link":"https:\/\/corrientesdetarde.com\/index.php\/clima\/continua-el-alerta-roja-y-naranja-por-tormentas\/","title":{"rendered":"Contin\u00faa el alerta roja y naranja por tormentas."},"content":{"rendered":"\n<h2 class=\"wp-block-heading\">El Servicio Meteorol\u00f3gico Nacional alert\u00f3 por la posibilidad de una fuerte tormenta que afectar\u00e1 a gran parte del territorio correntino y que podr\u00eda darse en la tarde de este domingo principalmente.<\/h2>\n\n\n\n<p>A trav\u00e9s de un comunicado oficial, el Comando Operativo de Emergencias (COE) inform\u00f3 que la alarma roja afecta a los departamentos de Monte Caseros, Concepci\u00f3n, Curuz\u00fa Cuati\u00e1, Mercedes, San Roque, Sauce, Alvear, Paso de los Libres, San Mart\u00edn y Santo Tom\u00e9.<\/p>\n\n\n\n<p>El \u00e1rea pintada de naranja ser\u00e1 afectada por tormentas fuertes a localmente severas. Las mismas podr\u00e1n estar acompa\u00f1adas por ca\u00edda de agua en cortos per\u00edodos, actividad el\u00e9ctrica frecuente, ca\u00edda de granizo de diversos tama\u00f1os, y fundamentalmente r\u00e1fagas muy intensas que pueden superar los 90 km\/h.<\/p>\n\n\n\n<figure class=\"wp-block-image size-large\"><img loading=\"lazy\" decoding=\"async\" width=\"604\" height=\"1024\" src=\"https:\/\/corrientesdetarde.com\/wp-content\/uploads\/2024\/12\/image-50-604x1024.png\" alt=\"\" class=\"wp-image-176379\" srcset=\"https:\/\/corrientesdetarde.com\/wp-content\/uploads\/2024\/12\/image-50-604x1024.png 604w, https:\/\/corrientesdetarde.com\/wp-content\/uploads\/2024\/12\/image-50-177x300.png 177w, https:\/\/corrientesdetarde.com\/wp-content\/uploads\/2024\/12\/image-50.png 700w\" sizes=\"auto, (max-width: 604px) 100vw, 604px\" \/><\/figure>\n\n\n\n<p>Se prev\u00e9n valores de precipitaci\u00f3n acumulada entre 20 y 60 mm, pudiendo ser superados en forma puntual.<\/p>\n\n\n\n<figure class=\"wp-block-image size-full\"><img loading=\"lazy\" decoding=\"async\" width=\"700\" height=\"601\" src=\"https:\/\/corrientesdetarde.com\/wp-content\/uploads\/2024\/12\/image-51.png\" alt=\"\" class=\"wp-image-176380\" srcset=\"https:\/\/corrientesdetarde.com\/wp-content\/uploads\/2024\/12\/image-51.png 700w, https:\/\/corrientesdetarde.com\/wp-content\/uploads\/2024\/12\/image-51-300x258.png 300w\" sizes=\"auto, (max-width: 700px) 100vw, 700px\" \/><\/figure>\n\n\n\n<p><strong>El SMN recomienda:<\/strong><\/p>\n\n\n\n<p>1- No saques la basura. Retir\u00e1 objetos que impidan que el agua escurra.<\/p>\n\n\n\n<p>2- Evit\u00e1 actividades al aire libre.<\/p>\n\n\n\n<p>3- No te refugies cerca de \u00e1rboles y postes de electricidad que puedan caerse.<\/p>\n\n\n\n<p>4- Para minimizar el riesgo de ser alcanzado por un rayo, no permanezcas en playas, r\u00edos, lagunas o piletas.<\/p>\n\n\n\n<p>5- Estate atento ante la posible ca\u00edda de granizo.<\/p>\n\n\n\n<p>6- Informate por las autoridades. Ten\u00e9 siempre lista una mochila de emergencias con linterna, radio, documentos y tel\u00e9fono.<\/p>\n","protected":false},"excerpt":{"rendered":"<p>El Servicio Meteorol\u00f3gico Nacional alert\u00f3 por la posibilidad de una fuerte tormenta que afectar\u00e1 a gran parte del territorio correntino y que podr\u00eda darse en la tarde de este domingo&hellip; <\/p>\n","protected":false},"author":6,"featured_media":176382,"comment_status":"closed","ping_status":"open","sticky":false,"template":"","format":"standard","meta":{"footnotes":""},"categories":[29],"tags":[],"class_list":["post-176378","post","type-post","status-publish","format-standard","has-post-thumbnail","hentry","category-clima"],"_links":{"self":[{"href":"https:\/\/corrientesdetarde.com\/index.php\/wp-json\/wp\/v2\/posts\/176378","targetHints":{"allow":["GET"]}}],"collection":[{"href":"https:\/\/corrientesdetarde.com\/index.php\/wp-json\/wp\/v2\/posts"}],"about":[{"href":"https:\/\/corrientesdetarde.com\/index.php\/wp-json\/wp\/v2\/types\/post"}],"author":[{"embeddable":true,"href":"https:\/\/corrientesdetarde.com\/index.php\/wp-json\/wp\/v2\/users\/6"}],"replies":[{"embeddable":true,"href":"https:\/\/corrientesdetarde.com\/index.php\/wp-json\/wp\/v2\/comments?post=176378"}],"version-history":[{"count":2,"href":"https:\/\/corrientesdetarde.com\/index.php\/wp-json\/wp\/v2\/posts\/176378\/revisions"}],"predecessor-version":[{"id":176387,"href":"https:\/\/corrientesdetarde.com\/index.php\/wp-json\/wp\/v2\/posts\/176378\/revisions\/176387"}],"wp:featuredmedia":[{"embeddable":true,"href":"https:\/\/corrientesdetarde.com\/index.php\/wp-json\/wp\/v2\/media\/176382"}],"wp:attachment":[{"href":"https:\/\/corrientesdetarde.com\/index.php\/wp-json\/wp\/v2\/media?parent=176378"}],"wp:term":[{"taxonomy":"category","embeddable":true,"href":"https:\/\/corrientesdetarde.com\/index.php\/wp-json\/wp\/v2\/categories?post=176378"},{"taxonomy":"post_tag","embeddable":true,"href":"https:\/\/corrientesdetarde.com\/index.php\/wp-json\/wp\/v2\/tags?post=176378"}],"curies":[{"name":"wp","href":"https:\/\/api.w.org\/{rel}","templated":true}]}}