{"id":176383,"date":"2024-12-01T20:12:46","date_gmt":"2024-12-01T23:12:46","guid":{"rendered":"https:\/\/corrientesdetarde.com\/?p=176383"},"modified":"2024-12-01T20:36:02","modified_gmt":"2024-12-01T23:36:02","slug":"el-adios-a-un-icono-de-la-comparsa-ara-bera-fallecio-ricardo-rasmussen","status":"publish","type":"post","link":"https:\/\/corrientesdetarde.com\/index.php\/locales\/el-adios-a-un-icono-de-la-comparsa-ara-bera-fallecio-ricardo-rasmussen\/","title":{"rendered":"El adi\u00f3s a un \u00edcono de la comparsa Ara Ber\u00e1: falleci\u00f3 Ricardo Rasmussen."},"content":{"rendered":"\n<h2 class=\"wp-block-heading\">Ricardo Rasmussen, figura emblem\u00e1tica de la comparsa Ara Ber\u00e1 y fundador de la Universidad del Sonido, falleci\u00f3 este domingo por la ma\u00f1ana. En 2022, la comparsa rindi\u00f3 homenaje a su legado al nombrar su grupo de percusi\u00f3n en su honor.<\/h2>\n\n\n\n<p>En la ma\u00f1ana de este domingo, falleci\u00f3 Ricardo Rasmussen, referente de la Comparsa Ara Ber\u00e1, en nombre de quien en 2022 se nombr\u00f3 a la Universidad del Sonido, el grupo de percusi\u00f3n de la comparsa.<\/p>\n\n\n\n<p>Rasmussen tambi\u00e9n fue parte del Instituto de Cardiolog\u00eda de Corrientes desde su creaci\u00f3n. Tambi\u00e9n integr\u00f3 ALIAR, Alianza Libre de Humo de Tabaco Argentina y particip\u00f3 como referente de Argentina de la Alianza Internacional, siendo uno de los impulsores de legislaciones de ambientes libres de humo a nivel local.<\/p>\n\n\n\n<p>Fuentes confirmaron que los restos de Rasmussen ser\u00e1n cremados y en la noche de este domingo se realizar\u00e1 una misa en la Iglesia Jes\u00fas Nazareno. Sus cenizas ser\u00e1n llevadas al Cementerio San Juan Bautista.<\/p>\n","protected":false},"excerpt":{"rendered":"<p>Ricardo Rasmussen, figura emblem\u00e1tica de la comparsa Ara Ber\u00e1 y fundador de la Universidad del Sonido, falleci\u00f3 este domingo por la ma\u00f1ana. En 2022, la comparsa rindi\u00f3 homenaje a su&hellip; <\/p>\n","protected":false},"author":6,"featured_media":176384,"comment_status":"closed","ping_status":"open","sticky":false,"template":"","format":"standard","meta":{"footnotes":""},"categories":[8],"tags":[],"class_list":["post-176383","post","type-post","status-publish","format-standard","has-post-thumbnail","hentry","category-locales"],"_links":{"self":[{"href":"https:\/\/corrientesdetarde.com\/index.php\/wp-json\/wp\/v2\/posts\/176383","targetHints":{"allow":["GET"]}}],"collection":[{"href":"https:\/\/corrientesdetarde.com\/index.php\/wp-json\/wp\/v2\/posts"}],"about":[{"href":"https:\/\/corrientesdetarde.com\/index.php\/wp-json\/wp\/v2\/types\/post"}],"author":[{"embeddable":true,"href":"https:\/\/corrientesdetarde.com\/index.php\/wp-json\/wp\/v2\/users\/6"}],"replies":[{"embeddable":true,"href":"https:\/\/corrientesdetarde.com\/index.php\/wp-json\/wp\/v2\/comments?post=176383"}],"version-history":[{"count":3,"href":"https:\/\/corrientesdetarde.com\/index.php\/wp-json\/wp\/v2\/posts\/176383\/revisions"}],"predecessor-version":[{"id":176393,"href":"https:\/\/corrientesdetarde.com\/index.php\/wp-json\/wp\/v2\/posts\/176383\/revisions\/176393"}],"wp:featuredmedia":[{"embeddable":true,"href":"https:\/\/corrientesdetarde.com\/index.php\/wp-json\/wp\/v2\/media\/176384"}],"wp:attachment":[{"href":"https:\/\/corrientesdetarde.com\/index.php\/wp-json\/wp\/v2\/media?parent=176383"}],"wp:term":[{"taxonomy":"category","embeddable":true,"href":"https:\/\/corrientesdetarde.com\/index.php\/wp-json\/wp\/v2\/categories?post=176383"},{"taxonomy":"post_tag","embeddable":true,"href":"https:\/\/corrientesdetarde.com\/index.php\/wp-json\/wp\/v2\/tags?post=176383"}],"curies":[{"name":"wp","href":"https:\/\/api.w.org\/{rel}","templated":true}]}}