{"id":176388,"date":"2024-12-01T20:36:39","date_gmt":"2024-12-01T23:36:39","guid":{"rendered":"https:\/\/corrientesdetarde.com\/?p=176388"},"modified":"2024-12-01T20:38:25","modified_gmt":"2024-12-01T23:38:25","slug":"no-se-logro-un-acuerdo-en-las-negociaciones-sobre-plasticos-de-la-onu","status":"publish","type":"post","link":"https:\/\/corrientesdetarde.com\/index.php\/internacionales\/no-se-logro-un-acuerdo-en-las-negociaciones-sobre-plasticos-de-la-onu\/","title":{"rendered":"No se logr\u00f3 un acuerdo en las negociaciones sobre pl\u00e1sticos de la ONU."},"content":{"rendered":"\n<h2 class=\"wp-block-heading\">Las negociaciones seguir\u00e1n el a\u00f1o pr\u00f3ximo. Fuerte obstrucci\u00f3n de parte de los pa\u00edses productores de petr\u00f3leo.<\/h2>\n\n\n\n<p>El mundo cosech\u00f3 un nuevo fracaso en su objetivo de reducir la contaminaci\u00f3n en el planeta. Las negociaciones para lograr un\u00a0<strong>tratado mundial contra la contaminaci\u00f3n por pl\u00e1stico<\/strong>, en una cumbre celebrada en Busan, Corea del Sur, terminaron este domingo sin acuerdo. Las conversaciones seguir\u00e1n en 2025.<\/p>\n\n\n\n<p>\u201dVarias cuestiones cr\u00edticas a\u00fan nos impiden lograr un acuerdo general. Estas cuestiones contin\u00faan siendo espinosas y har\u00e1 falta m\u00e1s tiempo para resolverlas de forma eficaz\u201d, declar\u00f3 el embajador ecuatoriano,&nbsp;<strong>Luis Vayas Valdivieso<\/strong>, al inicio de la \u00faltima sesi\u00f3n plenaria de estas negociaciones de la ONU.<\/p>\n\n\n\n<p>\u201dDebemos construir sobre los avances conseguidos\u201d esta semana. \u201cHay un acuerdo general para retomar la sesi\u00f3n en una fecha ulterior\u201d, indic\u00f3.<\/p>\n\n\n\n<h2 class=\"wp-block-heading\">Qu\u00e9 pas\u00f3 en la cumbre de Busan<\/h2>\n\n\n\n<p>Despu\u00e9s de dos a\u00f1os de conversaciones,&nbsp;<strong>m\u00e1s de 170 pa\u00edses se dieron cita en Busan&nbsp;<\/strong>para el quinto y, en principio, \u00faltimo encuentro del Comit\u00e9 Intergubernamental de Negociaci\u00f3n para elaborar un instrumento internacional jur\u00eddicamente vinculante sobre la contaminaci\u00f3n por pl\u00e1sticos, incluso en el medio marino (INC-5).<\/p>\n\n\n\n<p>Ten\u00edan hasta este domingo por la noche para llegar a un acuerdo, pero, desde la apertura del evento, el 25 de noviembre, las negociaciones se asemejaron a un di\u00e1logo de sordos entre una mayor\u00eda de pa\u00edses que desea un acuerdo ambicioso y un peque\u00f1o grupo de Estados productores de petr\u00f3leo liderado por&nbsp;<strong>Rusia, Arabia Saudita e Ir\u00e1n<\/strong>.<\/p>\n\n\n\n<p>La frustraci\u00f3n de la \u201cCoalici\u00f3n de ambiciones altas\u201d fue creciendo a lo largo de la semana.<\/p>\n\n\n\n<p>Este grupo de unos 60 pa\u00edses, partidario de un tratado firme, est\u00e1 en contra del \u201cciclo de vida\u201d del pl\u00e1stico en su conjunto, es decir, de la producci\u00f3n de pol\u00edmeros a base de productos petroleros a la gesti\u00f3n de los residuos pl\u00e1sticos.<\/p>\n\n\n\n<p>Esa coalici\u00f3n se opon\u00eda a un peque\u00f1o grupo de pa\u00edses productores de petr\u00f3leo liderados por Rusia, Arabia Saudita e Ir\u00e1n, que consideran que el futuro tratado \u00fanicamente debe ata\u00f1er a la gesti\u00f3n de los residuos y al reciclaje.<\/p>\n\n\n\n<p>Pero la mayor\u00eda de los negociadores no quer\u00eda ni o\u00edr hablar de esa posibilidad. \u201dEstamos preocupados por la obstrucci\u00f3n continua\u201d de determinados pa\u00edses productores de petr\u00f3leo, declar\u00f3 la ministra francesa de Energ\u00eda,&nbsp;<strong>Olga Givernet<\/strong>.<\/p>\n\n\n\n<p>Seg\u00fan un diplom\u00e1tico europeo, el grupo de pa\u00edses reacios a un acuerdo ambicioso \u201cpractic\u00f3 la t\u00e1ctica del aplastamiento, el abuso del poder de veto\u201d.<\/p>\n\n\n\n<p>\u201c\u201dPreferimos irnos de aqu\u00ed sin acuerdo a un mal acuerdo, pero no estamos contentos. La situaci\u00f3n es muy mala\u201d, agreg\u00f3.<\/p>\n\n\n\n<h2 class=\"wp-block-heading\">\u201cAvance indispensable\u201d<\/h2>\n\n\n\n<p>A pesar del fracaso de las negociaciones, los delegados de los pa\u00edses ambiciosos quisieron cerrar la conferencia con un tono positivo.<\/p>\n\n\n\n<p>\u201dRealizamos unos avances indispensables en una serie de cuestiones que ser\u00e1n cruciales para que el tratado alcance su objetivo de protecci\u00f3n de la salud humana y del medio ambiente contra los efectos nefastos de la contaminaci\u00f3n por pl\u00e1sticos\u201d, declar\u00f3 la jefa de la delegaci\u00f3n ruandesa,&nbsp;<strong>Juliet Kabera<\/strong>, en la plenaria.<\/p>\n\n\n\n<p>\u201dNo obstante, expresamos nuestra viva preocupaci\u00f3n por los llamados incesantes de un peque\u00f1o grupo de pa\u00edses a eliminar del texto unas disposiciones vinculantes esenciales para que el tratado sea eficaz\u201d, agreg\u00f3.<\/p>\n\n\n\n<h2 class=\"wp-block-heading\">La producci\u00f3n de pl\u00e1stico podr\u00eda triplicarse para 2060<\/h2>\n\n\n\n<p>Si no se hace nada,&nbsp;<strong>la contaminaci\u00f3n por pl\u00e1sticos podr\u00eda triplicarse para 2060&nbsp;<\/strong>en todo el mundo, como tambi\u00e9n se triplicar\u00eda la producci\u00f3n mundial de ese material, seg\u00fan la OCDE. Seg\u00fan los c\u00e1lculos de esa organizaci\u00f3n, para entonces alcanzar\u00edan los 1.200 millones de toneladas, en comparaci\u00f3n con los 460 millones de toneladas de 2019.<\/p>\n\n\n\n<p>\u201dNo es una cuesti\u00f3n de minor\u00eda o de mayor\u00eda. Nuestra presencia aqu\u00ed refleja un compromiso sincero en combatir la contaminaci\u00f3n por pl\u00e1stico\u201d, dijo el representante de Kuwait en nombre del grupo de pa\u00edses opuestos a un acuerdo que contempla reducir la producci\u00f3n de pl\u00e1stico.<\/p>\n\n\n\n<p>\u201dPero debemos expresar nuestra grave preocupaci\u00f3n por la forma en la que se ha llevado a cabo esta negociaci\u00f3n\u201d, se\u00f1al\u00f3.<\/p>\n\n\n\n<p>Adem\u00e1s, consider\u00f3 que los delegados se hab\u00edan excedido de su mandato al pedir que se reduzca la producci\u00f3n. \u201dEl objeto de este tratado es acabar con la contaminaci\u00f3n por pl\u00e1stico, no con el pl\u00e1stico en s\u00ed\u201d, enfatiz\u00f3 el delegado de Kuwait. \u201cNo hemos o\u00eddo ninguna propuesta sobre qu\u00e9 podr\u00eda sustituir al pl\u00e1stico\u201d, concluy\u00f3.<\/p>\n","protected":false},"excerpt":{"rendered":"<p>Las negociaciones seguir\u00e1n el a\u00f1o pr\u00f3ximo. Fuerte obstrucci\u00f3n de parte de los pa\u00edses productores de petr\u00f3leo. El mundo cosech\u00f3 un nuevo fracaso en su objetivo de reducir la contaminaci\u00f3n en&hellip; <\/p>\n","protected":false},"author":6,"featured_media":176391,"comment_status":"closed","ping_status":"open","sticky":false,"template":"","format":"standard","meta":{"footnotes":""},"categories":[11],"tags":[],"class_list":["post-176388","post","type-post","status-publish","format-standard","has-post-thumbnail","hentry","category-internacionales"],"_links":{"self":[{"href":"https:\/\/corrientesdetarde.com\/index.php\/wp-json\/wp\/v2\/posts\/176388","targetHints":{"allow":["GET"]}}],"collection":[{"href":"https:\/\/corrientesdetarde.com\/index.php\/wp-json\/wp\/v2\/posts"}],"about":[{"href":"https:\/\/corrientesdetarde.com\/index.php\/wp-json\/wp\/v2\/types\/post"}],"author":[{"embeddable":true,"href":"https:\/\/corrientesdetarde.com\/index.php\/wp-json\/wp\/v2\/users\/6"}],"replies":[{"embeddable":true,"href":"https:\/\/corrientesdetarde.com\/index.php\/wp-json\/wp\/v2\/comments?post=176388"}],"version-history":[{"count":2,"href":"https:\/\/corrientesdetarde.com\/index.php\/wp-json\/wp\/v2\/posts\/176388\/revisions"}],"predecessor-version":[{"id":176396,"href":"https:\/\/corrientesdetarde.com\/index.php\/wp-json\/wp\/v2\/posts\/176388\/revisions\/176396"}],"wp:featuredmedia":[{"embeddable":true,"href":"https:\/\/corrientesdetarde.com\/index.php\/wp-json\/wp\/v2\/media\/176391"}],"wp:attachment":[{"href":"https:\/\/corrientesdetarde.com\/index.php\/wp-json\/wp\/v2\/media?parent=176388"}],"wp:term":[{"taxonomy":"category","embeddable":true,"href":"https:\/\/corrientesdetarde.com\/index.php\/wp-json\/wp\/v2\/categories?post=176388"},{"taxonomy":"post_tag","embeddable":true,"href":"https:\/\/corrientesdetarde.com\/index.php\/wp-json\/wp\/v2\/tags?post=176388"}],"curies":[{"name":"wp","href":"https:\/\/api.w.org\/{rel}","templated":true}]}}