{"id":176394,"date":"2024-12-01T20:42:52","date_gmt":"2024-12-01T23:42:52","guid":{"rendered":"https:\/\/corrientesdetarde.com\/?p=176394"},"modified":"2024-12-02T08:12:49","modified_gmt":"2024-12-02T11:12:49","slug":"incautaron-aparatos-electronicos-y-cubiertas-en-chaco","status":"publish","type":"post","link":"https:\/\/corrientesdetarde.com\/index.php\/crimen-y-justicia\/incautaron-aparatos-electronicos-y-cubiertas-en-chaco\/","title":{"rendered":"Incautaron aparatos electr\u00f3nicos y cubiertas en Chaco."},"content":{"rendered":"\n<p>Ambos procedimientos fueron realizados por la Secci\u00f3n Seguridad Vial \u201cLAPACHITO\u201d sobre Ruta Nacional 11.<\/p>\n\n\n\n<p>El primer procedimiento fue efectuado durante el d\u00eda de ayer, cuando los efectivos realizaban un control sobre un transporte de cargas con itinerario Formosa &#8211; Resistencia, constatan en la parte trasera, DOS CAJAS de cart\u00f3n conteniendo QUINIENTOS SETENTA Y DOS M\u00d3DULOS DE TEL\u00c9FONOS M\u00d3VILES de origen extranjero, con un aval\u00fao de casi CINCUENTA MILLONES DE PESOS. Los mismos fueron incautados en infracci\u00f3n a la Ley 22.415, con intervenci\u00f3n del Juzgado Federal N\u00ba 1 de Resistencia.<\/p>\n\n\n\n<p>Luego, durante la madrugada de hoy, continuando con su labor, los gendarmes detectaron durante el control de un transporte p\u00fablico de pasajeros con itinerario Formosa &#8211; Santa Fe, OCHO CUBIERTAS de origen extranjero sin aval aduanero, por lo que tambi\u00e9n fueron secuestradas en infracci\u00f3n a la Ley 22.415, con la intervenci\u00f3n de ARCA &#8211; Resistencia.<\/p>\n","protected":false},"excerpt":{"rendered":"<p>Ambos procedimientos fueron realizados por la Secci\u00f3n Seguridad Vial \u201cLAPACHITO\u201d sobre Ruta Nacional 11. El primer procedimiento fue efectuado durante el d\u00eda de ayer, cuando los efectivos realizaban un control&hellip; <\/p>\n","protected":false},"author":6,"featured_media":176397,"comment_status":"closed","ping_status":"open","sticky":false,"template":"","format":"standard","meta":{"footnotes":""},"categories":[5,33],"tags":[],"class_list":["post-176394","post","type-post","status-publish","format-standard","has-post-thumbnail","hentry","category-crimen-y-justicia","category-policiales"],"_links":{"self":[{"href":"https:\/\/corrientesdetarde.com\/index.php\/wp-json\/wp\/v2\/posts\/176394","targetHints":{"allow":["GET"]}}],"collection":[{"href":"https:\/\/corrientesdetarde.com\/index.php\/wp-json\/wp\/v2\/posts"}],"about":[{"href":"https:\/\/corrientesdetarde.com\/index.php\/wp-json\/wp\/v2\/types\/post"}],"author":[{"embeddable":true,"href":"https:\/\/corrientesdetarde.com\/index.php\/wp-json\/wp\/v2\/users\/6"}],"replies":[{"embeddable":true,"href":"https:\/\/corrientesdetarde.com\/index.php\/wp-json\/wp\/v2\/comments?post=176394"}],"version-history":[{"count":2,"href":"https:\/\/corrientesdetarde.com\/index.php\/wp-json\/wp\/v2\/posts\/176394\/revisions"}],"predecessor-version":[{"id":176499,"href":"https:\/\/corrientesdetarde.com\/index.php\/wp-json\/wp\/v2\/posts\/176394\/revisions\/176499"}],"wp:featuredmedia":[{"embeddable":true,"href":"https:\/\/corrientesdetarde.com\/index.php\/wp-json\/wp\/v2\/media\/176397"}],"wp:attachment":[{"href":"https:\/\/corrientesdetarde.com\/index.php\/wp-json\/wp\/v2\/media?parent=176394"}],"wp:term":[{"taxonomy":"category","embeddable":true,"href":"https:\/\/corrientesdetarde.com\/index.php\/wp-json\/wp\/v2\/categories?post=176394"},{"taxonomy":"post_tag","embeddable":true,"href":"https:\/\/corrientesdetarde.com\/index.php\/wp-json\/wp\/v2\/tags?post=176394"}],"curies":[{"name":"wp","href":"https:\/\/api.w.org\/{rel}","templated":true}]}}