{"id":176556,"date":"2024-12-02T11:07:28","date_gmt":"2024-12-02T14:07:28","guid":{"rendered":"https:\/\/corrientesdetarde.com\/?p=176556"},"modified":"2024-12-02T11:07:40","modified_gmt":"2024-12-02T14:07:40","slug":"cierre-de-ciclo-lectivo-de-los-cdi-provinciales","status":"publish","type":"post","link":"https:\/\/corrientesdetarde.com\/index.php\/eventos\/cierre-de-ciclo-lectivo-de-los-cdi-provinciales\/","title":{"rendered":"Cierre de Ciclo Lectivo de los CDI Provinciales"},"content":{"rendered":"\n<p>Este lunes 2 de diciembre a partir de las 18 los Centros de Desarrollo Infantil de la provincia realizar\u00e1n el Cierre del Ciclo Lectivo 2024 en el Centro de Convenciones Corrientes ubicado en Gregorio Pomar 802.<br>Organizado por el Ministerio de Desarrollo Social y la Direcci\u00f3n de los Derechos de la Ni\u00f1ez junto a los 17 CDI de Capital.<br>En este acto, celebrar\u00e1n el cierre del ciclo lectivo y reconocer\u00e1n el esfuerzo y dedicaci\u00f3n de los estudiantes, docentes y personal de los CDI.<br>El programa del acto incluye una peque\u00f1a obra teatral El Principito, interpretada por docentes y tutores.<\/p>\n\n\n\n<figure class=\"wp-block-image size-full\"><img decoding=\"async\" src=\"https:\/\/corrientesdetarde.com\/wp-content\/uploads\/2024\/12\/image-86.png\" alt=\"\" class=\"wp-image-176564\"\/><\/figure>\n\n\n\n<p><\/p>\n","protected":false},"excerpt":{"rendered":"<p>Este lunes 2 de diciembre a partir de las 18 los Centros de Desarrollo Infantil de la provincia realizar\u00e1n el Cierre del Ciclo Lectivo 2024 en el Centro de Convenciones&hellip; <\/p>\n","protected":false},"author":1,"featured_media":176564,"comment_status":"closed","ping_status":"open","sticky":false,"template":"","format":"standard","meta":{"footnotes":""},"categories":[22],"tags":[],"class_list":["post-176556","post","type-post","status-publish","format-standard","has-post-thumbnail","hentry","category-eventos"],"_links":{"self":[{"href":"https:\/\/corrientesdetarde.com\/index.php\/wp-json\/wp\/v2\/posts\/176556","targetHints":{"allow":["GET"]}}],"collection":[{"href":"https:\/\/corrientesdetarde.com\/index.php\/wp-json\/wp\/v2\/posts"}],"about":[{"href":"https:\/\/corrientesdetarde.com\/index.php\/wp-json\/wp\/v2\/types\/post"}],"author":[{"embeddable":true,"href":"https:\/\/corrientesdetarde.com\/index.php\/wp-json\/wp\/v2\/users\/1"}],"replies":[{"embeddable":true,"href":"https:\/\/corrientesdetarde.com\/index.php\/wp-json\/wp\/v2\/comments?post=176556"}],"version-history":[{"count":1,"href":"https:\/\/corrientesdetarde.com\/index.php\/wp-json\/wp\/v2\/posts\/176556\/revisions"}],"predecessor-version":[{"id":176565,"href":"https:\/\/corrientesdetarde.com\/index.php\/wp-json\/wp\/v2\/posts\/176556\/revisions\/176565"}],"wp:featuredmedia":[{"embeddable":true,"href":"https:\/\/corrientesdetarde.com\/index.php\/wp-json\/wp\/v2\/media\/176564"}],"wp:attachment":[{"href":"https:\/\/corrientesdetarde.com\/index.php\/wp-json\/wp\/v2\/media?parent=176556"}],"wp:term":[{"taxonomy":"category","embeddable":true,"href":"https:\/\/corrientesdetarde.com\/index.php\/wp-json\/wp\/v2\/categories?post=176556"},{"taxonomy":"post_tag","embeddable":true,"href":"https:\/\/corrientesdetarde.com\/index.php\/wp-json\/wp\/v2\/tags?post=176556"}],"curies":[{"name":"wp","href":"https:\/\/api.w.org\/{rel}","templated":true}]}}