{"id":176585,"date":"2024-12-02T13:27:17","date_gmt":"2024-12-02T16:27:17","guid":{"rendered":"https:\/\/corrientesdetarde.com\/?p=176585"},"modified":"2024-12-02T13:27:21","modified_gmt":"2024-12-02T16:27:21","slug":"milei-ratifico-que-mantendra-el-deficit-cero-en-2025-y-les-envio-una-advertencia-a-los-gobernadores","status":"publish","type":"post","link":"https:\/\/corrientesdetarde.com\/index.php\/politica\/milei-ratifico-que-mantendra-el-deficit-cero-en-2025-y-les-envio-una-advertencia-a-los-gobernadores\/","title":{"rendered":"Milei ratific\u00f3 que mantendr\u00e1 el d\u00e9ficit cero en 2025 y les envi\u00f3 una advertencia a los gobernadores"},"content":{"rendered":"\n<p>El Presidente asegur\u00f3 que sostendr\u00e1 la pol\u00edtica monetaria restrictiva en el a\u00f1o electoral y asegur\u00f3 que el orden de la macroeconom\u00eda traer\u00e1 nuevas inversiones. \u201cLe pusimos un candado al equilibrio fiscal y nos tragamos la llave\u201d, afirm\u00f3.<\/p>\n\n\n\n<p><strong>Javier Milei<\/strong>&nbsp;disert\u00f3 en la primera semana de la inteligencia artificial en la Argentina y asegur\u00f3 que el Gobierno buscar\u00e1 mantener la emisi\u00f3n y el d\u00e9ficit cero de cara a las elecciones legislativas del a\u00f1o pr\u00f3ximo.<\/p>\n\n\n\n<p>\u201cDe cara a un a\u00f1o electoral,&nbsp;<strong>vamos a una pol\u00edtica de d\u00e9ficit cero y emisi\u00f3n cero.&nbsp;<\/strong>No vamos a hacer pol\u00edtica fiscal y monetaria para influir en el resultado electoral, y vaya que eso es nuevo\u201d, se\u00f1al\u00f3 el Presidente.<\/p>\n\n\n\n<p>El jefe de Estado explic\u00f3 que con la pol\u00edtica de d\u00e9ficit cero que sostuvo el Gobierno durante este primer a\u00f1o de gesti\u00f3n&nbsp;<strong>\u201cArgentina se convirti\u00f3 en solvente intertemporalmente\u201d,<\/strong>&nbsp;lo que provoc\u00f3 la fuerte ca\u00edda del riesgo pa\u00eds.<\/p>\n\n\n\n<p>En ese sentido, adelant\u00f3: \u201cVamos a terminar neutros en t\u00e9rminos del PBI.&nbsp;<strong>Bajamos la inflaci\u00f3n sin tener costos en t\u00e9rminos de actividad,&nbsp;<\/strong>motivo por el cual el caso se est\u00e1 estudiando en todo el mundo\u201d.<\/p>\n\n\n\n<p>Milei explic\u00f3 que existen empresas argentinas que \u201c<strong>se est\u00e1n endeudando al 5,75% en d\u00f3lares\u201d&nbsp;<\/strong>y asegur\u00f3 que \u201ceso significa que estas inversiones son viables en este entorno macroecon\u00f3mico de solvencia y prudencia fiscal\u201d.<\/p>\n\n\n\n<p>\u201cNosotros estamos ordenando la macro<strong>, le hemos puesto un candado al equilibrio fiscal y nos hemos tragado la llave<\/strong>. Esto traer\u00e1 inversiones de todo tipo, porque el capital busca las mejores condiciones para desarrollarse\u201d, agreg\u00f3.<\/p>\n\n\n\n<figure class=\"wp-block-image\"><img decoding=\"async\" src=\"https:\/\/tn.com.ar\/resizer\/v2\/el-presidente-javier-milei-hablo-esta-manana-durante-la-inauguracion-de-la-semana-de-la-inteligencia-artificial-foto-capturana-JQIOIK3GD5C6PHMRLSGRYF5QSE.jpg?auth=4fa703988775636531f41cf6ec8a86601b2c26b497de7f58403997ce0466c1fb&amp;width=767\" alt=\"El presidente Javier Milei habl\u00f3 esta ma\u00f1ana durante la inauguraci\u00f3n de la semana de la Inteligencia Artificial. (FOTO: CAPTURA\/NA).\"\/><\/figure>\n\n\n\n<p>En el discurso de apertura de la semana de la Inteligencia Artificial, Milei destac\u00f3 las ventajas que tiene la Argentina en este sector: \u201c<strong>Abundan las tierras inh\u00f3spitas a bajas temperaturas en toda la Patagonia, lo cual es beneficioso para montar servidores de IA<\/strong>. Los servidores necesitan energ\u00eda, otra cosa que abunda en nuestra Patagonia\u201d.<\/p>\n\n\n\n<p>\u201cNo por nada tenemos el mejor recurso humano del planeta, que sobrevivi\u00f3 a 100 a\u00f1os de aberraciones fiscales. El mismo que tiene la mayor cantidad de unicornios per c\u00e1pita en Latinoam\u00e9rica, a pesar de tener la menor inversi\u00f3n producto de d\u00e9cadas de colectivismo\u201d, se\u00f1al\u00f3.<\/p>\n\n\n\n<p>En ese aspecto, agreg\u00f3: \u201cNo parece casualidad que esta oportunidad se presente al mismo tiempo de que me toc\u00f3 ser presidente. Porque<strong>&nbsp;estos servidores necesitan inversiones y estas necesitan estabilidad a largo plazo\u201d.<\/strong><\/p>\n\n\n\n<p>En el cierre de su discurso, el Presidente asegur\u00f3 que busca \u201c<strong>un pa\u00eds con reglas econ\u00f3micas claras e id\u00e9nticas para todos\u201d<\/strong>&nbsp;y que pueda \u201cvolver a acceder a tecnolog\u00eda de punta con precios competitivos\u201d.<\/p>\n\n\n\n<p>\u201cQueremos volver a ser un pa\u00eds en donde se premie la innovaci\u00f3n en lugar de castigarla, donde arriesgarse para solucionarle problemas a otros sea recompensado y no un motivo de escarnio p\u00fablico. Queremos que los ciudadanos de este pa\u00eds aprovechen su esp\u00edritu creativo para crecer, en lugar de tratar de sobrevivir\u201d, agreg\u00f3.<\/p>\n\n\n\n<p>Por \u00faltimo, cerr\u00f3: \u201cQueremos volver a&nbsp;<strong>abrazar al capitalismo para que el capitalismo nos vuelva a abrazar a nosotros<\/strong>&nbsp;y no vamos a parar hasta lograrlo\u201d.<\/p>\n","protected":false},"excerpt":{"rendered":"<p>El Presidente asegur\u00f3 que sostendr\u00e1 la pol\u00edtica monetaria restrictiva en el a\u00f1o electoral y asegur\u00f3 que el orden de la macroeconom\u00eda traer\u00e1 nuevas inversiones. \u201cLe pusimos un candado al equilibrio&hellip; <\/p>\n","protected":false},"author":8,"featured_media":176586,"comment_status":"closed","ping_status":"open","sticky":false,"template":"","format":"standard","meta":{"footnotes":""},"categories":[3],"tags":[],"class_list":["post-176585","post","type-post","status-publish","format-standard","has-post-thumbnail","hentry","category-politica"],"_links":{"self":[{"href":"https:\/\/corrientesdetarde.com\/index.php\/wp-json\/wp\/v2\/posts\/176585","targetHints":{"allow":["GET"]}}],"collection":[{"href":"https:\/\/corrientesdetarde.com\/index.php\/wp-json\/wp\/v2\/posts"}],"about":[{"href":"https:\/\/corrientesdetarde.com\/index.php\/wp-json\/wp\/v2\/types\/post"}],"author":[{"embeddable":true,"href":"https:\/\/corrientesdetarde.com\/index.php\/wp-json\/wp\/v2\/users\/8"}],"replies":[{"embeddable":true,"href":"https:\/\/corrientesdetarde.com\/index.php\/wp-json\/wp\/v2\/comments?post=176585"}],"version-history":[{"count":1,"href":"https:\/\/corrientesdetarde.com\/index.php\/wp-json\/wp\/v2\/posts\/176585\/revisions"}],"predecessor-version":[{"id":176587,"href":"https:\/\/corrientesdetarde.com\/index.php\/wp-json\/wp\/v2\/posts\/176585\/revisions\/176587"}],"wp:featuredmedia":[{"embeddable":true,"href":"https:\/\/corrientesdetarde.com\/index.php\/wp-json\/wp\/v2\/media\/176586"}],"wp:attachment":[{"href":"https:\/\/corrientesdetarde.com\/index.php\/wp-json\/wp\/v2\/media?parent=176585"}],"wp:term":[{"taxonomy":"category","embeddable":true,"href":"https:\/\/corrientesdetarde.com\/index.php\/wp-json\/wp\/v2\/categories?post=176585"},{"taxonomy":"post_tag","embeddable":true,"href":"https:\/\/corrientesdetarde.com\/index.php\/wp-json\/wp\/v2\/tags?post=176585"}],"curies":[{"name":"wp","href":"https:\/\/api.w.org\/{rel}","templated":true}]}}