{"id":176588,"date":"2024-12-02T13:31:57","date_gmt":"2024-12-02T16:31:57","guid":{"rendered":"https:\/\/corrientesdetarde.com\/?p=176588"},"modified":"2024-12-02T13:32:01","modified_gmt":"2024-12-02T16:32:01","slug":"el-presidente-biden-indulto-a-su-hijo-hunter-tras-las-condenas-por-evasion-fiscal-y-posesion-ilegal-de-un-arma","status":"publish","type":"post","link":"https:\/\/corrientesdetarde.com\/index.php\/internacionales\/el-presidente-biden-indulto-a-su-hijo-hunter-tras-las-condenas-por-evasion-fiscal-y-posesion-ilegal-de-un-arma\/","title":{"rendered":"El presidente Biden indult\u00f3 a su hijo Hunter tras las condenas por evasi\u00f3n fiscal y posesi\u00f3n ilegal de un arma"},"content":{"rendered":"\n<p>\u201cFue puesto en la mira solo porque es mi hijo, y eso est\u00e1 mal\u201d, expres\u00f3 el mandatario norteamericano.<\/p>\n\n\n\n<p>El presidente estadounidense,&nbsp;<strong>Joe Biden<\/strong>, anunci\u00f3 este domingo que firm\u00f3 un&nbsp;<strong>indulto a favor de su hijo Hunter Biden<\/strong>, quien en junio fue hallado culpable de tres delitos relacionados con posesi\u00f3n de armas.<\/p>\n\n\n\n<p>Hunter fue acusado de&nbsp;<strong>ocultar su adicci\u00f3n a las drogas al momento de adquirir un arma<\/strong>, una situaci\u00f3n que Biden calific\u00f3 como instigada por rivales pol\u00edticos.<\/p>\n\n\n\n<figure class=\"wp-block-image\"><img decoding=\"async\" src=\"https:\/\/tn.com.ar\/resizer\/v2\/el-presidente-joe-biden-izq-y-el-presidente-electo-donald-trump-der-en-el-centro-de-una-nueva-polemica-ap-fotosusan-walsh-izq-alex-brandon-der-MJBK5BTUUKNPJMQSC4NTFRJGIM.jpg?auth=0eddafdf51a4885d2b86898c0f70cd1589eea8e77d5d706661ca204b4c5e9c65&amp;width=767\" alt=\"El presidente Joe Biden (izq) y el presidente electo Donald Trump (der), en el centro de una nueva pol\u00e9mica. (AP foto\/Susan Walsh, izq; Alex Brandon, der).\"\/><\/figure>\n\n\n\n<p><strong>\u201cNinguna persona razonable que mire los hechos puede llegar a otra conclusi\u00f3n m\u00e1s que Hunter fue puesto en la mira solo porque es mi hijo, y eso est\u00e1 mal\u201d<\/strong>, expres\u00f3 el mandatario en un comunicado, se\u00f1alando que la imputaci\u00f3n fue&nbsp;<strong>\u201cselectiva e injusta\u201d<\/strong>.<\/p>\n\n\n\n<p>Hunter Biden fue declarado culpable de&nbsp;<strong>mentir en un formulario de compra de armas<\/strong>&nbsp;en Delaware, al afirmar que no consum\u00eda drogas, y de poseer el arma por solo 11 d\u00edas, sin que esta estuviera involucrada en ning\u00fan delito. Seg\u00fan Joe Biden, este tipo de casos&nbsp;<strong>\u201ccasi nunca se llevan a juicio con cargos penales\u201d<\/strong>.<\/p>\n\n\n\n<p>El presidente tambi\u00e9n acus\u00f3 a sus&nbsp;<strong>rivales pol\u00edticos en el Congreso<\/strong>&nbsp;de instigar los cargos contra su hijo.&nbsp;<strong>\u201cAl intentar quebrar a Hunter, tambi\u00e9n intentaban romperme a m\u00ed\u201d, lament\u00f3 Biden<\/strong>, destacando que su hijo ha estado&nbsp;<strong>sobrio durante cinco a\u00f1os y medio<\/strong>.<\/p>\n\n\n\n<h2 class=\"wp-block-heading\">Fuertes cr\u00edticas del presidente electo Donald Trump<\/h2>\n\n\n\n<p>El presidente electo&nbsp;<strong>Donald Trump<\/strong>&nbsp;aprovech\u00f3 el anuncio para criticar el indulto, pidiendo un trato similar para los condenados por el asalto al Capitolio del&nbsp;<strong>6 de enero de 2021<\/strong>.&nbsp;<strong>\u201c\u00bfEse perd\u00f3n incluye a los rehenes del 6E, que han estado en prisi\u00f3n durante a\u00f1os? \u00a1Qu\u00e9 abuso y fracaso de la Justicia!\u201d<\/strong>, expres\u00f3 en su red social Truth.<\/p>\n\n\n\n<p>Trump tambi\u00e9n prometi\u00f3&nbsp;<strong>indultar a los responsables del asalto al Capitolio<\/strong>&nbsp;si estos contin\u00faan enfrentando procesos penales. Hasta la fecha, m\u00e1s de&nbsp;<strong>1500 personas fueron imputadas<\/strong>&nbsp;por el violento episodio que buscaba frenar la certificaci\u00f3n de Joe Biden como ganador de las elecciones de 2020.<\/p>\n\n\n\n<p>El caso de las armas no es el \u00fanico problema legal de Hunter Biden. En septiembre, fue declarado culpable de&nbsp;<strong>nueve cargos de evasi\u00f3n fiscal<\/strong>, enfrentando una posible condena de hasta&nbsp;<strong>17 a\u00f1os de prisi\u00f3n<\/strong>, dada su reincidencia penal.<\/p>\n\n\n\n<p>La vida de Hunter estuvo marcada por&nbsp;<strong>adiciones severas a las drogas<\/strong>, agravadas tras la muerte de su hermano Beau en 2015 por c\u00e1ncer. Esta tragedia, junto con la p\u00e9rdida de la primera esposa e hija de Joe Biden en 1972, es mencionada como una de las razones del complejo historial del hijo del mandatario.<\/p>\n\n\n\n<p>El indulto llega en un momento estrat\u00e9gico para Joe Biden, quien&nbsp;<strong>renunci\u00f3 a buscar la reelecci\u00f3n<\/strong>&nbsp;y abandonar\u00e1 la vida pol\u00edtica el pr\u00f3ximo&nbsp;<strong>20 de enero<\/strong>, cuando asuma el presidente electo&nbsp;<strong>Donald Trump<\/strong>. A sus 82 a\u00f1os, Biden busca cerrar su mandato enfrentando una de las pol\u00e9micas m\u00e1s personales de su presidencia.<\/p>\n","protected":false},"excerpt":{"rendered":"<p>\u201cFue puesto en la mira solo porque es mi hijo, y eso est\u00e1 mal\u201d, expres\u00f3 el mandatario norteamericano. El presidente estadounidense,&nbsp;Joe Biden, anunci\u00f3 este domingo que firm\u00f3 un&nbsp;indulto a favor&hellip; <\/p>\n","protected":false},"author":8,"featured_media":176589,"comment_status":"closed","ping_status":"open","sticky":false,"template":"","format":"standard","meta":{"footnotes":""},"categories":[11],"tags":[],"class_list":["post-176588","post","type-post","status-publish","format-standard","has-post-thumbnail","hentry","category-internacionales"],"_links":{"self":[{"href":"https:\/\/corrientesdetarde.com\/index.php\/wp-json\/wp\/v2\/posts\/176588","targetHints":{"allow":["GET"]}}],"collection":[{"href":"https:\/\/corrientesdetarde.com\/index.php\/wp-json\/wp\/v2\/posts"}],"about":[{"href":"https:\/\/corrientesdetarde.com\/index.php\/wp-json\/wp\/v2\/types\/post"}],"author":[{"embeddable":true,"href":"https:\/\/corrientesdetarde.com\/index.php\/wp-json\/wp\/v2\/users\/8"}],"replies":[{"embeddable":true,"href":"https:\/\/corrientesdetarde.com\/index.php\/wp-json\/wp\/v2\/comments?post=176588"}],"version-history":[{"count":1,"href":"https:\/\/corrientesdetarde.com\/index.php\/wp-json\/wp\/v2\/posts\/176588\/revisions"}],"predecessor-version":[{"id":176590,"href":"https:\/\/corrientesdetarde.com\/index.php\/wp-json\/wp\/v2\/posts\/176588\/revisions\/176590"}],"wp:featuredmedia":[{"embeddable":true,"href":"https:\/\/corrientesdetarde.com\/index.php\/wp-json\/wp\/v2\/media\/176589"}],"wp:attachment":[{"href":"https:\/\/corrientesdetarde.com\/index.php\/wp-json\/wp\/v2\/media?parent=176588"}],"wp:term":[{"taxonomy":"category","embeddable":true,"href":"https:\/\/corrientesdetarde.com\/index.php\/wp-json\/wp\/v2\/categories?post=176588"},{"taxonomy":"post_tag","embeddable":true,"href":"https:\/\/corrientesdetarde.com\/index.php\/wp-json\/wp\/v2\/tags?post=176588"}],"curies":[{"name":"wp","href":"https:\/\/api.w.org\/{rel}","templated":true}]}}