{"id":176591,"date":"2024-12-02T13:33:22","date_gmt":"2024-12-02T16:33:22","guid":{"rendered":"https:\/\/corrientesdetarde.com\/?p=176591"},"modified":"2024-12-02T13:33:34","modified_gmt":"2024-12-02T16:33:34","slug":"reconocimiento-a-las-actividades-de-la-fundacion-oncoinfanto-juvenil-de-goya","status":"publish","type":"post","link":"https:\/\/corrientesdetarde.com\/index.php\/interior\/reconocimiento-a-las-actividades-de-la-fundacion-oncoinfanto-juvenil-de-goya\/","title":{"rendered":"Reconocimiento a las actividades de la fundaci\u00f3n Oncoinfanto Juvenil de Goya"},"content":{"rendered":"\n<p>Integrantes de la entidad solidaria fueron reconocidas con el premio Hermanas MIRABAL por la Facultad de Derecho de la UNNE al trabajo realizado en la organizaci\u00f3n durante el a\u00f1o como la organizaci\u00f3n de la segunda marat\u00f3n. Por otra se informa a quienes adquirieron el bono solidario sorteado el 30 de noviembre favoreci\u00f3 al N\u00b0 812 que no fue comercializado, agradeciendo a todos los compradores.<\/p>\n\n\n\n<p>Integrantes de la entidad solidaria fueron reconocidas con el premio Hermanas MIRABAL por la Facultad de Derecho de la UNNE al trabajo realizado en la organizaci\u00f3n durante el a\u00f1o como la organizaci\u00f3n de la segunda marat\u00f3n. En representaci\u00f3n de la Fundaci\u00f3n Oncoinfanto Juvenil asistieron Mariana Santajuliana (tesorera) y Lidia Gonz\u00e1lez (coordinadora). Por otra se informa a quienes adquirieron el bono solidario sorteado el 30 de noviembre favoreci\u00f3 al N\u00b0 812 que no fue comercializado, agradeciendo a todos los compradores.<\/p>\n\n\n\n<p>El pasado viernes adolescentes oncol\u00f3gicos de la fundaci\u00f3n que trabaja en difundir en colegios e instituciones la concientizaci\u00f3n sobre el diagn\u00f3stico precoz para salvar vidas fue distinguido con los premios hermanas Mirabal entregados en la facultad de derecho de la UNNE en la ciudad de Corrientes.<\/p>\n\n\n\n<p>Los premiados son: Daiana Leguizam\u00f3n, Lucila Cabrera, Alexis Romero y Camila Ben\u00edtez.<br>&#8220;Estamos cerrando un excelente a\u00f1o de trabajo para esta Ong. que moviliza con gran compromiso y mucha responsabilidad tratando de acompa\u00f1ar a cada familia oncol\u00f3gica de Goya, que no dudan en acercarse a la sede ubicada en Cabral 527. Gracias a todos por tanta solidaridad!!!!&#8221;.<\/p>\n\n\n\n<p><\/p>\n","protected":false},"excerpt":{"rendered":"<p>Integrantes de la entidad solidaria fueron reconocidas con el premio Hermanas MIRABAL por la Facultad de Derecho de la UNNE al trabajo realizado en la organizaci\u00f3n durante el a\u00f1o como&hellip; <\/p>\n","protected":false},"author":8,"featured_media":176592,"comment_status":"closed","ping_status":"open","sticky":false,"template":"","format":"standard","meta":{"footnotes":""},"categories":[1658],"tags":[],"class_list":["post-176591","post","type-post","status-publish","format-standard","has-post-thumbnail","hentry","category-interior"],"_links":{"self":[{"href":"https:\/\/corrientesdetarde.com\/index.php\/wp-json\/wp\/v2\/posts\/176591","targetHints":{"allow":["GET"]}}],"collection":[{"href":"https:\/\/corrientesdetarde.com\/index.php\/wp-json\/wp\/v2\/posts"}],"about":[{"href":"https:\/\/corrientesdetarde.com\/index.php\/wp-json\/wp\/v2\/types\/post"}],"author":[{"embeddable":true,"href":"https:\/\/corrientesdetarde.com\/index.php\/wp-json\/wp\/v2\/users\/8"}],"replies":[{"embeddable":true,"href":"https:\/\/corrientesdetarde.com\/index.php\/wp-json\/wp\/v2\/comments?post=176591"}],"version-history":[{"count":1,"href":"https:\/\/corrientesdetarde.com\/index.php\/wp-json\/wp\/v2\/posts\/176591\/revisions"}],"predecessor-version":[{"id":176593,"href":"https:\/\/corrientesdetarde.com\/index.php\/wp-json\/wp\/v2\/posts\/176591\/revisions\/176593"}],"wp:featuredmedia":[{"embeddable":true,"href":"https:\/\/corrientesdetarde.com\/index.php\/wp-json\/wp\/v2\/media\/176592"}],"wp:attachment":[{"href":"https:\/\/corrientesdetarde.com\/index.php\/wp-json\/wp\/v2\/media?parent=176591"}],"wp:term":[{"taxonomy":"category","embeddable":true,"href":"https:\/\/corrientesdetarde.com\/index.php\/wp-json\/wp\/v2\/categories?post=176591"},{"taxonomy":"post_tag","embeddable":true,"href":"https:\/\/corrientesdetarde.com\/index.php\/wp-json\/wp\/v2\/tags?post=176591"}],"curies":[{"name":"wp","href":"https:\/\/api.w.org\/{rel}","templated":true}]}}