{"id":176594,"date":"2024-12-02T13:42:33","date_gmt":"2024-12-02T16:42:33","guid":{"rendered":"https:\/\/corrientesdetarde.com\/?p=176594"},"modified":"2024-12-02T13:44:11","modified_gmt":"2024-12-02T16:44:11","slug":"pablo-moyano-lidera-la-resistencia-sindical-y-convoca-a-una-protesta-masiva-contra-el-gobierno-de-milei","status":"publish","type":"post","link":"https:\/\/corrientesdetarde.com\/index.php\/politica\/pablo-moyano-lidera-la-resistencia-sindical-y-convoca-a-una-protesta-masiva-contra-el-gobierno-de-milei\/","title":{"rendered":"PABLO MOYANO LIDERA LA RESISTENCIA SINDICAL Y CONVOCA A UNA PROTESTA MASIVA CONTRA EL GOBIERNO DE MILEI"},"content":{"rendered":"\n<p>(Pablo Roma, Sindicales) &#8211; El pr\u00f3ximo jueves 5 de diciembre a las 13 horas, una multitudinaria movilizaci\u00f3n en la Plaza de Mayo promete ser el epicentro de un nuevo cap\u00edtulo en la historia del sindicalismo combativo en Argentina. Pablo Moyano, secretario adjunto del Sindicato de Camioneros, emerge como la figura clave en esta convocatoria que une a las dos vertientes de la CTA, gremios de la CGT y movimientos sociales bajo el lema \u201cLa Patria no se vende\u201d.<\/p>\n\n\n\n<p>Tras su reciente salida de la conducci\u00f3n de la CGT, Moyano avanza en la creaci\u00f3n de un nuevo frente sindical con gremios afines, como SMATA, liderado por Mario Manrique; los Aeron\u00e1uticos de Pablo Bir\u00f3 y Juan Pablo Brey; y los docentes comandados por Hugo Yasky, Sonia Alesso y Roberto Baradel. Esta decisi\u00f3n marca un quiebre con el sector dialoguista de la CGT, encabezado por H\u00e9ctor Daer y Carlos Acu\u00f1a, quienes han optado por mantener un canal de negociaci\u00f3n con el gobierno.<\/p>\n\n\n\n<p>El respaldo a Moyano se traduce en la participaci\u00f3n de sindicatos como la Uni\u00f3n Obrera Metal\u00fargica (UOM) y La Bancaria, as\u00ed como de movimientos sociales agrupados en la Uni\u00f3n de Trabajadores de la Econom\u00eda Popular (UTEP). Tambi\u00e9n se prev\u00e9 la adhesi\u00f3n de agrupaciones pol\u00edticas como La C\u00e1mpora y La Patria es el Otro, reforzando el car\u00e1cter opositor de la marcha.<\/p>\n\n\n\n<p>Aunque la CGT no acompa\u00f1ar\u00e1 org\u00e1nicamente la movilizaci\u00f3n, los sectores alineados con Moyano impulsan un paro general que podr\u00eda tener un impacto directo en el abastecimiento de energ\u00eda y combustibles. Este desaf\u00edo pone en jaque al gobierno de Javier Milei, que enfrenta cr\u00edticas por las pol\u00edticas de ajuste que, seg\u00fan los gremios, vulneran los derechos de los trabajadores y profundizan la desigualdad.<\/p>\n\n\n\n<p>Rodolfo Aguiar, secretario general de ATE, anticip\u00f3 que m\u00e1s de 30 gremios estatales se sumar\u00e1n a la protesta. \u201cEl paro del jueves ser\u00e1 una demostraci\u00f3n de fuerza. Los trabajadores no toleraremos m\u00e1s recortes ni ataques a nuestras conquistas\u201d, afirm\u00f3.<\/p>\n\n\n\n<p>La estrategia de Pablo Moyano recuerda el camino recorrido por su padre, Hugo Moyano, durante los a\u00f1os 90, cuando lider\u00f3 la oposici\u00f3n sindical al menemismo. Ahora, el desaf\u00edo recae sobre Pablo, quien busca consolidar un frente que re\u00fana a los sectores m\u00e1s duros del sindicalismo argentino, junto con movimientos sociales y sectores pol\u00edticos afines.<\/p>\n\n\n\n<p>El impacto de esta movilizaci\u00f3n ser\u00e1 significativo no solo en el plano pol\u00edtico, sino tambi\u00e9n en el econ\u00f3mico. La posibilidad de un paro en \u00e1reas clave como la log\u00edstica y la distribuci\u00f3n de combustibles podr\u00eda agravar la ya delicada situaci\u00f3n econ\u00f3mica del pa\u00eds.<\/p>\n\n\n\n<p>La marcha federal del 5 de diciembre ser\u00e1 una oportunidad para que Moyano y sus aliados env\u00eden un mensaje claro: la resistencia sindical sigue vigente y est\u00e1 dispuesta a confrontar las pol\u00edticas que consideran perjudiciales para la clase trabajadora.<\/p>\n\n\n\n<p>En este escenario, Pablo Moyano no solo lidera una protesta, sino que se posiciona como un referente indiscutido de la lucha sindical en un momento clave para el futuro del pa\u00eds. La Plaza de Mayo ser\u00e1 el escenario donde se definir\u00e1n los pr\u00f3ximos pasos de una resistencia que no est\u00e1 dispuesta a ceder terreno.<\/p>\n","protected":false},"excerpt":{"rendered":"<p>(Pablo Roma, Sindicales) &#8211; El pr\u00f3ximo jueves 5 de diciembre a las 13 horas, una multitudinaria movilizaci\u00f3n en la Plaza de Mayo promete ser el epicentro de un nuevo cap\u00edtulo&hellip; <\/p>\n","protected":false},"author":11,"featured_media":176595,"comment_status":"closed","ping_status":"open","sticky":false,"template":"","format":"standard","meta":{"footnotes":""},"categories":[26,3],"tags":[],"class_list":["post-176594","post","type-post","status-publish","format-standard","has-post-thumbnail","hentry","category-destacados","category-politica"],"_links":{"self":[{"href":"https:\/\/corrientesdetarde.com\/index.php\/wp-json\/wp\/v2\/posts\/176594","targetHints":{"allow":["GET"]}}],"collection":[{"href":"https:\/\/corrientesdetarde.com\/index.php\/wp-json\/wp\/v2\/posts"}],"about":[{"href":"https:\/\/corrientesdetarde.com\/index.php\/wp-json\/wp\/v2\/types\/post"}],"author":[{"embeddable":true,"href":"https:\/\/corrientesdetarde.com\/index.php\/wp-json\/wp\/v2\/users\/11"}],"replies":[{"embeddable":true,"href":"https:\/\/corrientesdetarde.com\/index.php\/wp-json\/wp\/v2\/comments?post=176594"}],"version-history":[{"count":3,"href":"https:\/\/corrientesdetarde.com\/index.php\/wp-json\/wp\/v2\/posts\/176594\/revisions"}],"predecessor-version":[{"id":176598,"href":"https:\/\/corrientesdetarde.com\/index.php\/wp-json\/wp\/v2\/posts\/176594\/revisions\/176598"}],"wp:featuredmedia":[{"embeddable":true,"href":"https:\/\/corrientesdetarde.com\/index.php\/wp-json\/wp\/v2\/media\/176595"}],"wp:attachment":[{"href":"https:\/\/corrientesdetarde.com\/index.php\/wp-json\/wp\/v2\/media?parent=176594"}],"wp:term":[{"taxonomy":"category","embeddable":true,"href":"https:\/\/corrientesdetarde.com\/index.php\/wp-json\/wp\/v2\/categories?post=176594"},{"taxonomy":"post_tag","embeddable":true,"href":"https:\/\/corrientesdetarde.com\/index.php\/wp-json\/wp\/v2\/tags?post=176594"}],"curies":[{"name":"wp","href":"https:\/\/api.w.org\/{rel}","templated":true}]}}