{"id":176599,"date":"2024-12-02T14:45:28","date_gmt":"2024-12-02T17:45:28","guid":{"rendered":"https:\/\/corrientesdetarde.com\/?p=176599"},"modified":"2024-12-02T14:45:33","modified_gmt":"2024-12-02T17:45:33","slug":"se-rubrico-un-acuerdo-para-digitalizar-archivos-y-crear-un-banco-de-datos-sobre-bonpland","status":"publish","type":"post","link":"https:\/\/corrientesdetarde.com\/index.php\/cultura\/se-rubrico-un-acuerdo-para-digitalizar-archivos-y-crear-un-banco-de-datos-sobre-bonpland\/","title":{"rendered":"Se rubric\u00f3 un acuerdo para digitalizar archivos y crear un banco de datos sobre Bonpland"},"content":{"rendered":"\n<p>En el Instituto de Cultura de Corrientes se firm\u00f3&nbsp;un convenio de cooperaci\u00f3n con la Asociaci\u00f3n Cultural Bonpland para avanzar en el proyecto de intervenci\u00f3n, reorganizaci\u00f3n y digitalizaci\u00f3n de archivos para la creaci\u00f3n de un banco de datos sobre la vida y obra de Amado Bonpland.<\/p>\n\n\n\n<p>La presidenta&nbsp;del Instituto de Cultura de Corrientes, Beatriz Kunin, y la presidenta de la Asociaci\u00f3n Cultural Bonpland, Aurora Arbelo de Mazzaro, fueron las encargadas de rubricar este acuerdo, acompa\u00f1adas por el director de Museo de Ciencias Naturales, Ra\u00fal Aguirre Barrios, y los integrantes de la entidad bonplaneana.<\/p>\n\n\n\n<p>El convenio tiene como objetivo afianzar los lazos entre ambas instituciones y trabajar en conjunto en distintos proyectos vinculados a visibilizar el legado del naturalista y m\u00e9dico franc\u00e9s, quien ha recopilado la mayor cantidad de observaciones respecto a la flora, fauna, paleontolog\u00eda y geolog\u00eda de la provincia de Corrientes.<\/p>\n\n\n\n<p>\u201cHace un mes realic\u00e9 una visita protocolar al Archivo General de la Naci\u00f3n y vi el importante trabajo que all\u00ed se realiza, y se pusieron a disposici\u00f3n para acompa\u00f1arnos en los procesos de digitalizaci\u00f3n\u201d, se\u00f1al\u00f3 la titular de Cultura, como una valiosa oportunidad que podr\u00eda aprovecharse en el 2025.<\/p>\n\n\n\n<p>A trav\u00e9s del convenio firmado, las partes se comprometen a llevar adelante el proyecto de intervenci\u00f3n, reorganizaci\u00f3n y digitalizaci\u00f3n de archivos para la creaci\u00f3n de un banco de datos sobre la vida y obra de Amado Bonpland. En ese marco, se trabajar\u00e1 para ordenar y catalogar el Fondo Documental Bonpland, creado en el Museo de Ciencias Naturales Amado Bonpland en el 2006, y ofrecer la ruta cient\u00edfica, mediante los viajes y colecciones, e incorporar al acervo del Museo.<\/p>\n\n\n\n<p>El proceso incluir\u00e1 distintas etapas y se extender\u00e1 desde ahora hasta diciembre del 2025, en la biblioteca del museo de Ciencias Naturales. El mismo estar\u00e1 a cargo de la especialista Lic. en Museolog\u00eda y Repositorios Culturales y Naturales, y T\u00e9cnica Superior en Gesti\u00f3n Sociocultural: Itat\u00ed Claudia Eliza Leiva, supervisada por la Mgter. Lic. Mar\u00eda del Carmen Vargas y la Lic. Aurora Arbelo de Mazzaro.<\/p>\n\n\n\n<p><\/p>\n\n\n\n<figure class=\"wp-block-image size-large\"><img loading=\"lazy\" decoding=\"async\" width=\"1024\" height=\"768\" src=\"https:\/\/corrientesdetarde.com\/wp-content\/uploads\/2024\/12\/image-99-1024x768.png\" alt=\"\" class=\"wp-image-176600\" srcset=\"https:\/\/corrientesdetarde.com\/wp-content\/uploads\/2024\/12\/image-99-1024x768.png 1024w, https:\/\/corrientesdetarde.com\/wp-content\/uploads\/2024\/12\/image-99-300x225.png 300w, https:\/\/corrientesdetarde.com\/wp-content\/uploads\/2024\/12\/image-99-768x576.png 768w, https:\/\/corrientesdetarde.com\/wp-content\/uploads\/2024\/12\/image-99.png 1280w\" sizes=\"auto, (max-width: 1024px) 100vw, 1024px\" \/><\/figure>\n\n\n\n<p><\/p>\n\n\n\n<figure class=\"wp-block-image size-large\"><img loading=\"lazy\" decoding=\"async\" width=\"1024\" height=\"768\" src=\"https:\/\/corrientesdetarde.com\/wp-content\/uploads\/2024\/12\/image-100-1024x768.png\" alt=\"\" class=\"wp-image-176601\" srcset=\"https:\/\/corrientesdetarde.com\/wp-content\/uploads\/2024\/12\/image-100-1024x768.png 1024w, https:\/\/corrientesdetarde.com\/wp-content\/uploads\/2024\/12\/image-100-300x225.png 300w, https:\/\/corrientesdetarde.com\/wp-content\/uploads\/2024\/12\/image-100-768x576.png 768w, https:\/\/corrientesdetarde.com\/wp-content\/uploads\/2024\/12\/image-100.png 1280w\" sizes=\"auto, (max-width: 1024px) 100vw, 1024px\" \/><\/figure>\n\n\n\n<p><\/p>\n\n\n\n<p><\/p>\n\n\n\n<figure class=\"wp-block-image size-large\"><img loading=\"lazy\" decoding=\"async\" width=\"1024\" height=\"768\" src=\"https:\/\/corrientesdetarde.com\/wp-content\/uploads\/2024\/12\/image-102-1024x768.png\" alt=\"\" class=\"wp-image-176603\" srcset=\"https:\/\/corrientesdetarde.com\/wp-content\/uploads\/2024\/12\/image-102-1024x768.png 1024w, https:\/\/corrientesdetarde.com\/wp-content\/uploads\/2024\/12\/image-102-300x225.png 300w, https:\/\/corrientesdetarde.com\/wp-content\/uploads\/2024\/12\/image-102-768x576.png 768w, https:\/\/corrientesdetarde.com\/wp-content\/uploads\/2024\/12\/image-102.png 1280w\" sizes=\"auto, (max-width: 1024px) 100vw, 1024px\" \/><\/figure>\n\n\n\n<p><\/p>\n","protected":false},"excerpt":{"rendered":"<p>En el Instituto de Cultura de Corrientes se firm\u00f3&nbsp;un convenio de cooperaci\u00f3n con la Asociaci\u00f3n Cultural Bonpland para avanzar en el proyecto de intervenci\u00f3n, reorganizaci\u00f3n y digitalizaci\u00f3n de archivos para&hellip; <\/p>\n","protected":false},"author":8,"featured_media":176602,"comment_status":"closed","ping_status":"open","sticky":false,"template":"","format":"standard","meta":{"footnotes":""},"categories":[15],"tags":[],"class_list":["post-176599","post","type-post","status-publish","format-standard","has-post-thumbnail","hentry","category-cultura"],"_links":{"self":[{"href":"https:\/\/corrientesdetarde.com\/index.php\/wp-json\/wp\/v2\/posts\/176599","targetHints":{"allow":["GET"]}}],"collection":[{"href":"https:\/\/corrientesdetarde.com\/index.php\/wp-json\/wp\/v2\/posts"}],"about":[{"href":"https:\/\/corrientesdetarde.com\/index.php\/wp-json\/wp\/v2\/types\/post"}],"author":[{"embeddable":true,"href":"https:\/\/corrientesdetarde.com\/index.php\/wp-json\/wp\/v2\/users\/8"}],"replies":[{"embeddable":true,"href":"https:\/\/corrientesdetarde.com\/index.php\/wp-json\/wp\/v2\/comments?post=176599"}],"version-history":[{"count":1,"href":"https:\/\/corrientesdetarde.com\/index.php\/wp-json\/wp\/v2\/posts\/176599\/revisions"}],"predecessor-version":[{"id":176604,"href":"https:\/\/corrientesdetarde.com\/index.php\/wp-json\/wp\/v2\/posts\/176599\/revisions\/176604"}],"wp:featuredmedia":[{"embeddable":true,"href":"https:\/\/corrientesdetarde.com\/index.php\/wp-json\/wp\/v2\/media\/176602"}],"wp:attachment":[{"href":"https:\/\/corrientesdetarde.com\/index.php\/wp-json\/wp\/v2\/media?parent=176599"}],"wp:term":[{"taxonomy":"category","embeddable":true,"href":"https:\/\/corrientesdetarde.com\/index.php\/wp-json\/wp\/v2\/categories?post=176599"},{"taxonomy":"post_tag","embeddable":true,"href":"https:\/\/corrientesdetarde.com\/index.php\/wp-json\/wp\/v2\/tags?post=176599"}],"curies":[{"name":"wp","href":"https:\/\/api.w.org\/{rel}","templated":true}]}}