{"id":176605,"date":"2024-12-02T14:47:53","date_gmt":"2024-12-02T17:47:53","guid":{"rendered":"https:\/\/corrientesdetarde.com\/?p=176605"},"modified":"2024-12-02T14:48:05","modified_gmt":"2024-12-02T17:48:05","slug":"inclusion-modernizacion-redes-de-derivacion-e-infraestructura-entre-lo-mas-destacado-de-la-gestion-de-cardozo","status":"publish","type":"post","link":"https:\/\/corrientesdetarde.com\/index.php\/bienestar-y-salud\/inclusion-modernizacion-redes-de-derivacion-e-infraestructura-entre-lo-mas-destacado-de-la-gestion-de-cardozo\/","title":{"rendered":"Inclusi\u00f3n, modernizaci\u00f3n, redes de derivaci\u00f3n e infraestructura, entre lo m\u00e1s destacado de la gesti\u00f3n de Cardozo"},"content":{"rendered":"\n<p><em>El titular de la cartera sanitaria cumple 9 a\u00f1os al frente de la instituci\u00f3n. En este marco, se hizo un repaso de los trabajos m\u00e1s notables. Entre ellos, se encuentra el fortalecimiento de la salud p\u00fablica y la llegada a las personas que viven en situaci\u00f3n vulnerable. Por directivas del gobernador Gustavo Vald\u00e9s, quien promueve e impulsa acercar el sistema a los vecinos, a trav\u00e9s de programas se logra la inclusi\u00f3n. Entre la ejecuci\u00f3n de obras, hay hospitales nuevos, ampliaciones y refacciones integrales que vienen a dar respuesta a una demanda.<\/em><\/p>\n\n\n\n<p>El ministro Ricardo Cardozo cumple, el 3 de diciembre, nueve a\u00f1os al frente de la cartera sanitaria provincial y se hizo un repaso de las obras, programas y acciones frente a brotes o pandemia durante este tiempo. Por otra parte, cabe destacar que entre las metas que ya est\u00e1n cumpliendo, se encuentra la modernizaci\u00f3n en los centros de salud donde se implementan sistemas de atenci\u00f3n como son turnos web e historia cl\u00ednica digital.<\/p>\n\n\n\n<p>Adem\u00e1s, en estos casi diez a\u00f1os, se afianzaron pol\u00edticas sanitarias que aspiran a la inclusi\u00f3n de todos los correntinos. Es as\u00ed que, desde el a\u00f1o pasado, a trav\u00e9s del programa Salud en tu Casa, un grupo de promotores y agentes sanitarios recorren zonas rurales y barrios de capital buscando ingresar a pacientes al sistema. En esta tarea, es cuando se detectan enfermedades y\/o embarazos. No solo se encuentra estas condiciones, tambi\u00e9n el Ministerio realiza un seguimiento de su tratamiento si lo requiere.<\/p>\n\n\n\n<p>El ministro Ricardo Cardozo, por directivas del gobernador Gustavo Vald\u00e9s, es quien promueve e impulsa hace casi una d\u00e9cada esta modalidad de trabajo: acercar la salud a los vecinos y, a trav\u00e9s de estos programas, igualar a todos.<\/p>\n\n\n\n<p>En este sentido, hay otras \u00e1reas que tienen el objetivo de que la salud p\u00fablica sea accesible a todos. Entre ellas, en la \u00faltima semana, se sum\u00f3 la Red de Fonoaudi\u00f3logos que tiene el objetivo de detectar de forma temprana la Hipoacusia para comenzar el tratamiento que corresponda.<\/p>\n\n\n\n<p>Una de las tareas m\u00e1s para destacar es la que cumplen desde la Direcci\u00f3n de Atenci\u00f3n a la Discapacidad, visitan instituciones escolares, y otros edificios, para que todos los que necesiten tengan su Certificado de Discapacidad (CUD), lo que les permite la adquisici\u00f3n de derechos.<\/p>\n\n\n\n<p>Otro de los puntos importantes de esta gesti\u00f3n, es la r\u00e1pida respuesta ante brotes y\/o pandemia. Actualmente, as\u00ed como en otras situaciones similares, se est\u00e1 llevando adelante el Plan de Lucha contra el Dengue. Los equipos de Salud, salen a la calle, a golpear las puertas de las casas para recordar a los vecinos las medidas b\u00e1sicas de cuidados. No solo esto, hacen descacharrado, tiran larvicida y entregan repelente. Cuando empiezan a surgir casos, se suma el control febril.<\/p>\n\n\n\n<p>Es imprescindible hablar de la pandemia por Covid-19, cuando la Provincia por decisi\u00f3n del Gobernador Gustavo Vald\u00e9s, respondi\u00f3 con un hospital de atenci\u00f3n exclusiva para pacientes con esta patolog\u00eda. La situaci\u00f3n de incertidumbre ante este virus, prob\u00f3 los sistemas sanitarios del mundo. En Corrientes, se puso en marcha un centro donde lo m\u00e1s valioso con lo que cont\u00f3 fue su recurso humano. Hoy, es un hospital polivalente de excelencia que sigue al servicio de la salud de los correntinos.<\/p>\n\n\n\n<p>A estas situaciones sanitarias, acompa\u00f1an campa\u00f1as de prevenci\u00f3n y otras actuaciones que tienen el objetivo de cuidar a los correntinos. Ante esto, tambi\u00e9n hay producciones locales. Se trata de la elaboraci\u00f3n de alcohol y repelente que se hace en la Planta de Medicamentos de&nbsp;Corrientes (PLAMECOR). Elaboran m\u00e1s de 30 medicamentos, que ayuda a la accesibilidad gratuita para las personas con cobertura p\u00fablica exclusiva.<\/p>\n\n\n\n<p><strong>El 90 % de la poblaci\u00f3n se atiende en el sistema p\u00fablico de salud<\/strong><\/p>\n\n\n\n<p>Las redes de especialidades tambi\u00e9n se destacan en estos a\u00f1os. La provincia se organiz\u00f3 de tal manera que los profesionales que atienden una patolog\u00eda espec\u00edfica, por ejemplo, Infarto de Miocardio, est\u00e9n en contacto entre s\u00ed y den respuesta r\u00e1pida al paciente. De la misma manera con los diferentes tipos de C\u00e1ncer, Diabetes, entre otras patolog\u00edas.<\/p>\n\n\n\n<p>Entre las obras, hoy se est\u00e1 construyendo el Instituto de Oncolog\u00eda, el pedi\u00e1trico en Goya y ultimando detalles del centro de rehabilitaci\u00f3n en el Juan Pablo. Adem\u00e1s de la ampliaci\u00f3n del San Juan Bautista de Santo Tom\u00e9 y la construcci\u00f3n del nuevo hospital de Santa Rosa. En este sentido, se recuerda que el 90 por ciento de la poblaci\u00f3n se atiende en el sistema p\u00fablico de salud.<\/p>\n\n\n\n<p>Por otra parte, con el prop\u00f3sito de garantizar calidad e inclusi\u00f3n en el sistema de salud p\u00fablica, se lleva adelante un proceso de fuerte inversi\u00f3n centralizada en los pacientes de bajos recursos que no cuentan con cobertura m\u00e9dica. En ese sentido, el Estado responde con la adquisici\u00f3n de medicamentos, pr\u00f3tesis, insumos y pr\u00e1cticas necesarias para promover salud y bienestar en los sectores m\u00e1s vulnerables.<\/p>\n\n\n\n<p>Con ese foco de asistencia a la comunidad, el Ministerio de Salud P\u00fablica de la Provincia ejecut\u00f3 operaciones este a\u00f1o, de enero a septiembre, por unos 37 mil millones de pesos para garantizar la provisi\u00f3n de las pr\u00e1cticas e insumos necesarios que permitan al paciente recuperar calidad de vida.<\/p>\n\n\n\n<p><strong>Obras<\/strong><\/p>\n\n\n\n<p>Actualmente est\u00e1n en ejecuci\u00f3n la construcci\u00f3n del Instituto de Oncolog\u00eda, clave en la regi\u00f3n; \u00e1rea de Emergencia y UTI del Hospital Vidal; segundo Hospital Pedi\u00e1trico y ampliaci\u00f3n del Servicio de Terapia Intensiva de Goya; nuevo Bloque Quir\u00fargico del Hospital Escuela; Servicio de Hemodi\u00e1lisis del Hospital de Paso de los Libres; Hospital de Monte Caseros y del nuevo Hospital de Loreto.<\/p>\n\n\n\n<p>Adem\u00e1s de la refacci\u00f3n integral del Hospital de Salud Mental y del Hospital de Curuz\u00fa Cuati\u00e1. Tambi\u00e9n, la ampliaci\u00f3n del Sector de Emergencias, construcci\u00f3n del Servicio de Rehabilitaci\u00f3n y ampliaci\u00f3n del \u00e1rea de Internaci\u00f3n del Hospital Juan Pablo II.<\/p>\n\n\n\n<p>Entre los nosocomios nuevos inaugurados tambi\u00e9n se encuentra el \u201cDr. Jos\u00e9 Rosenbaum&#8221; de Lavalle.<\/p>\n\n\n\n<p>Ese a\u00f1o, se inaugur\u00f3 el nuevo Hospital de La Cruz, la refacci\u00f3n integral del Hospital de 9 de Julio y la re funcionalizaci\u00f3n del Hospital de Colonia Liebig.<\/p>\n\n\n\n<p>En toda su gesti\u00f3n hay m\u00e1s de 130 obras entre ampliaci\u00f3n y refacci\u00f3n de hospitales y Centros de Atenci\u00f3n Primaria de la Salud (CAPS) de toda la provincia. En cada uno de estos trabajos, se entregaron equipamientos de \u00faltima generaci\u00f3n para optimizar los servicios de salud destinados a los correntinos.<\/p>\n\n\n\n<p><strong>Modernizaci\u00f3n<\/strong><\/p>\n\n\n\n<p>A la fecha ya se otorgaron m\u00e1s de 650.000 turnos web en hospitales y Centros de Atenci\u00f3n Primaria de la Salud (CAPS).&nbsp;Los turnos se obtienen por la web&nbsp;<a href=\"https:\/\/4ue34.r.sp1-brevo.net\/mk\/cl\/f\/sh\/6rqJfgq8dINmNvd2HB7mP7OK8Ju\/dbZxwDKcjMID\" target=\"_blank\" rel=\"noreferrer noopener\">pacientes.saludcorrientes.gob.ar<\/a>.&nbsp;Hay 45 instituciones sanitarias, entre hospitales y CAPS de Corrientes, que trabajan con esta metodolog\u00eda.&nbsp;El beneficio es evitar la espera, accesibilidad al sistema de salud, m\u00e9todo seguro de gesti\u00f3n y tramite.&nbsp;<\/p>\n\n\n\n<p>A la vez, la historia Cl\u00ednica Digital, es el registro mecanizado de los datos sociales, preventivos y m\u00e9dicos de un paciente.&nbsp;A la fecha 593.879 correntinos tienen historia cl\u00ednica electr\u00f3nica y m\u00e1s de 2.800.000 registro de atenciones en el sistema sanitario de la provincia.&nbsp;<\/p>\n\n\n\n<p><strong>Redes de especialidades<\/strong><\/p>\n\n\n\n<p>La modalidad de gesti\u00f3n en red constituye un importante cambio en el paradigma de la administraci\u00f3n de sistemas y viene a complementarlo. La intenci\u00f3n esalcanzar una mayor capacidad resolutiva de los problemas de salud, ser m\u00e1s eficaces y eficientes.<\/p>\n\n\n\n<p>Es una pol\u00edtica central del Ministerio, que tiene por finalidad la b\u00fasqueda activa del paciente en riesgo, ordenar y optimizar los recursos humanos, de infraestructura y los procesos de atenci\u00f3n. Pone el centro de atenci\u00f3n en el paciente, atendiendo a necesidades espec\u00edficas.<\/p>\n\n\n\n<p>La Provincia dispone de las siguientes Redes<strong>:&nbsp;<\/strong>Derivaciones, Perinatal, C\u00e1ncer de Colon, Hipertensi\u00f3n y Diabetes, C\u00e1ncer de Mama, C\u00e1ncer de Cuello Uterino, Estomatolog\u00eda, Maxilofacial, Nutrici\u00f3n. Traumatolog\u00eda, Cirug\u00eda General y T\u00f3rax. Terapia Intensiva, Infarto Agudo de Miocardio, Accidente Cerebro Vascular, Servicios de Emergencias.<\/p>\n\n\n\n<p>Un ejemplo de este trabajo es la Red Provincial de C\u00e1ncer de Mama. Actualmente, hay 232 pacientes en tratamiento y con seguimiento de navegaci\u00f3n Sitam (Sistema de Tamizaje). A trav\u00e9s de la Campa\u00f1a \u201cRuta de la Salud Mamaria\u201d, ya se realizaron 13.183 pruebas en toda la provincia.<\/p>\n\n\n\n<p><strong>Programa salud en tu casa<\/strong><\/p>\n\n\n\n<p>Se lleva adelante en toda la provincia, de manera simult\u00e1nea en 7 localidades. Son 500 agentes sanitarios y 130 promotores de salud que visitan los hogares, comprendiendo desde la detecci\u00f3n, incluyendo tratamiento y seguimiento de cada paciente. Desde su implementaci\u00f3n en el 2023, llegaron a m\u00e1s de 200 mil personas.<\/p>\n\n\n\n<p>Est\u00e1 destinado a familias en situaci\u00f3n de vulnerabilidad, o de riesgo socio sanitario, para brindarles abordaje integral de salud.<\/p>\n\n\n\n<p><strong>Plan Provincial de Dengue<\/strong><\/p>\n\n\n\n<p>En el marco del Plan, se realiza acciones de la Mesa de Gesti\u00f3n Integrada Provincial (coordinada por el Ministro y conformada por actores multisectoriales); capacitaciones y actualizaciones a los equipos de salud; bloqueos vectoriales con recorrido de la zona, relevamiento, b\u00fasqueda de febriles, fumigaci\u00f3n y control larvario.<\/p>\n\n\n\n<p>Tambi\u00e9n, tareas de descacharrado junto a los municipios y otras instituciones locales; difusi\u00f3n de medidas de prevenci\u00f3n y recorrida casa por casa de los agentes sanitarios recordando los cuidados.<\/p>\n\n\n\n<p>Corrientes, fue una de las primeras provincias en colocar de manera gratuita a un grupo etario la vacuna contra el Dengue.<\/p>\n\n\n\n<p>En el 2023 se elaboraron 40 mil frascos de repelente en la Planta de Medicamentos de Corrientes (Plamecor). En lo que va del 2024 supera los 90 mil frascos. Esta producci\u00f3n propia forma parte de las acciones que se llevan adelante en el marco de las acciones de control y prevenci\u00f3n de Dengue.<\/p>\n\n\n\n<p><strong>Sistema de Residencias en Salud<\/strong><\/p>\n\n\n\n<p>En Corrientes, el Sistema de Residencias tiene una amplia estructura con 23 sedes de residencias, es decir servicios formadores en hospitales de capital y del interior: Goya, Mercedes, Paso de los Libres, Santo Tom\u00e9, Gobernador Virasoro, Ituzaing\u00f3, Ca\u00e1 Cat\u00ed, Riachuelo, Empedrado, Saladas, Bella Vista, Monte Caseros, Curuz\u00fa Cuati\u00e1 y Paso de los Libres.<\/p>\n\n\n\n<p>Cuenta con un equipo docente de 139 instructores y 93 jefes de residentes, lo que garantiza el acompa\u00f1amiento acad\u00e9mico de los mismos, ya que se trata de un sistema de formaci\u00f3n en servicio. Actualmente son 574 los residentes en formaci\u00f3n.<\/p>\n\n\n\n<p>Estos residentes se encuentran form\u00e1ndose en especialidades: M\u00e9dicas, Enfermer\u00eda, Kinesiolog\u00eda, Bioqu\u00edmica, Obstetricia, y las especialidades interdisciplinarias como Salud Mental y Epidemiologia donde se incorporan profesiones como Psicolog\u00eda, Trabajo Social, Veterinaria y Nutrici\u00f3n. Tambi\u00e9n de Bioqu\u00edmica, Inmunolog\u00eda, Oncolog\u00eda Cl\u00ednica, y Enfermer\u00eda en Control de Infecciones.<\/p>\n\n\n\n<p>Este a\u00f1o, 157 egresados del Sistema de Residencias recibieron sus diplomas. En especialidades m\u00e9dicas recibieron sus certificados 79 m\u00e9dicos; en especialidades de enfermer\u00eda, 46 enfermeros; especialidades de kinesiolog\u00eda, 16; salud mental, 6; interdisciplinarias de Epidemiolog\u00eda, 4; bioqu\u00edmicos 4 y obstetras fueron 2.<\/p>\n\n\n\n<p>En septiembre del 2024, Cardozo fue reconocido por su constante apoyo a este sistema, siendo pionero en considerar a todos los profesionales, ampliando la formaci\u00f3n a las distintas especialidades que hoy se desarrollan en la provincia.<\/p>\n\n\n\n<p><strong>Trayectoria<\/strong><\/p>\n\n\n\n<p>Ricardo Cardozo, es m\u00e9dico pediatra nacido en Sauce, se recibi\u00f3 en la Universidad Nacional del Nordeste (UNNE), complet\u00f3 su especialidad en el antiguo hospital de ni\u00f1os, hoy Juan Pablo II, donde tambi\u00e9n fue Jefe de Residentes, de Terapia Intensiva y Jefe de Guardia.<\/p>\n\n\n\n<p>Adem\u00e1s, fue director del Hospital de Paso de la Patria, Director Gral. de Programas y Recursos Humanos y Subsecretario de Salud P\u00fablica. En su amplia carrera en la salud p\u00fablica, trabaj\u00f3 como m\u00e9dico de Servicio de Pediatr\u00eda y Neonatolog\u00eda de la Cl\u00ednica del Ni\u00f1o de Capital, y en el Sanatorio Ant\u00e1rtida de Resistencia, Chaco. Fue jefe del Servicio de Neonatolog\u00eda y Pediatr\u00eda del Sanatorio del Norte y director del \u00e1rea de Pediatr\u00eda y Neonatolog\u00eda de la Cl\u00ednica Modelo y m\u00e9dico de Atenci\u00f3n Primaria de la Salud en la municipalidad de la ciudad de Corrientes.<\/p>\n\n\n\n<p>El actual ministro, tambi\u00e9n se destac\u00f3 por su compromiso con la formaci\u00f3n de recursos humanos y su trabajo en la zoonosis de la provincia, siendo quien cre\u00f3 el programa de Chagas, comenzando como director de programa y logrando la certificaci\u00f3n de la provincia para libre trasmisi\u00f3n vectorial en el 2018. Tambi\u00e9n, realiz\u00f3 su aporte invaluable implementando programas como los de Hidatidosis, Rabia, Dengue y de Leishmaniasis en la provincia.<\/p>\n\n\n\n<figure class=\"wp-block-image size-large\"><img loading=\"lazy\" decoding=\"async\" width=\"1024\" height=\"832\" src=\"https:\/\/corrientesdetarde.com\/wp-content\/uploads\/2024\/12\/image-104-1024x832.png\" alt=\"\" class=\"wp-image-176607\" srcset=\"https:\/\/corrientesdetarde.com\/wp-content\/uploads\/2024\/12\/image-104-1024x832.png 1024w, https:\/\/corrientesdetarde.com\/wp-content\/uploads\/2024\/12\/image-104-300x244.png 300w, https:\/\/corrientesdetarde.com\/wp-content\/uploads\/2024\/12\/image-104-768x624.png 768w, https:\/\/corrientesdetarde.com\/wp-content\/uploads\/2024\/12\/image-104.png 1050w\" sizes=\"auto, (max-width: 1024px) 100vw, 1024px\" \/><\/figure>\n","protected":false},"excerpt":{"rendered":"<p>El titular de la cartera sanitaria cumple 9 a\u00f1os al frente de la instituci\u00f3n. En este marco, se hizo un repaso de los trabajos m\u00e1s notables. Entre ellos, se encuentra&hellip; <\/p>\n","protected":false},"author":8,"featured_media":176606,"comment_status":"closed","ping_status":"open","sticky":false,"template":"","format":"standard","meta":{"footnotes":""},"categories":[16],"tags":[],"class_list":["post-176605","post","type-post","status-publish","format-standard","has-post-thumbnail","hentry","category-bienestar-y-salud"],"_links":{"self":[{"href":"https:\/\/corrientesdetarde.com\/index.php\/wp-json\/wp\/v2\/posts\/176605","targetHints":{"allow":["GET"]}}],"collection":[{"href":"https:\/\/corrientesdetarde.com\/index.php\/wp-json\/wp\/v2\/posts"}],"about":[{"href":"https:\/\/corrientesdetarde.com\/index.php\/wp-json\/wp\/v2\/types\/post"}],"author":[{"embeddable":true,"href":"https:\/\/corrientesdetarde.com\/index.php\/wp-json\/wp\/v2\/users\/8"}],"replies":[{"embeddable":true,"href":"https:\/\/corrientesdetarde.com\/index.php\/wp-json\/wp\/v2\/comments?post=176605"}],"version-history":[{"count":1,"href":"https:\/\/corrientesdetarde.com\/index.php\/wp-json\/wp\/v2\/posts\/176605\/revisions"}],"predecessor-version":[{"id":176608,"href":"https:\/\/corrientesdetarde.com\/index.php\/wp-json\/wp\/v2\/posts\/176605\/revisions\/176608"}],"wp:featuredmedia":[{"embeddable":true,"href":"https:\/\/corrientesdetarde.com\/index.php\/wp-json\/wp\/v2\/media\/176606"}],"wp:attachment":[{"href":"https:\/\/corrientesdetarde.com\/index.php\/wp-json\/wp\/v2\/media?parent=176605"}],"wp:term":[{"taxonomy":"category","embeddable":true,"href":"https:\/\/corrientesdetarde.com\/index.php\/wp-json\/wp\/v2\/categories?post=176605"},{"taxonomy":"post_tag","embeddable":true,"href":"https:\/\/corrientesdetarde.com\/index.php\/wp-json\/wp\/v2\/tags?post=176605"}],"curies":[{"name":"wp","href":"https:\/\/api.w.org\/{rel}","templated":true}]}}